{"id":2704,"date":"2024-04-25T01:44:43","date_gmt":"2024-04-25T04:44:43","guid":{"rendered":"https:\/\/guialimeira.com.br\/2024\/04\/25\/prefeitura-homologa-licitacao-para-reforma-e-ampliacao-do-antigo-grupo-escolar-de-artemis-portal-do-municipio-de-piracicaba\/"},"modified":"2024-04-25T01:44:43","modified_gmt":"2024-04-25T04:44:43","slug":"prefeitura-homologa-licitacao-para-reforma-e-ampliacao-do-antigo-grupo-escolar-de-artemis-portal-do-municipio-de-piracicaba","status":"publish","type":"post","link":"https:\/\/guialimeira.com.br\/news\/prefeitura-homologa-licitacao-para-reforma-e-ampliacao-do-antigo-grupo-escolar-de-artemis-portal-do-municipio-de-piracicaba\/","title":{"rendered":"Prefeitura homologa licita\u00e7\u00e3o para reforma e amplia\u00e7\u00e3o do antigo grupo escolar de Artemis \u2013 Portal do Munic\u00edpio de Piracicaba"},"content":{"rendered":"<p> <br \/>\n<\/p>\n<div itemprop=\"articleBody\">\n<div class=\"m-auto col-lg-8\">\n<p>A Prefeitura de Piracicaba homologou hoje, 24\/04, conforme publica\u00e7\u00e3o no Di\u00e1rio Oficial do Munic\u00edpio, a empresa Construcerto para a reforma e amplia\u00e7\u00e3o do antigo grupo escolar de Artemis, com investimento no valor de R$ 5 milh\u00f5es. A obra vai atender uma demanda da Secretaria Municipal de Educa\u00e7\u00e3o e deve gerar, no total, 280 vagas para a Educa\u00e7\u00e3o Infantil no bairro.<\/p>\n<p>Atualmente, Artemis conta com apenas uma unidade escolar para atender a demanda de vagas infantis, que est\u00e1 localizada em um espa\u00e7o invi\u00e1vel para receber amplia\u00e7\u00e3o devido \u00e0 falta de \u00e1rea. Com a reforma e amplia\u00e7\u00e3o do grupo escolar, ser\u00e3o geradas novas vagas nos per\u00edodos matutino e vespertino, e o pr\u00e9dio, que \u00e9 patrim\u00f4nio hist\u00f3rico, ser\u00e1 recuperado.<\/p>\n<p>A \u00e1rea total a ser constru\u00edda ser\u00e1 de 1.110 metros quadrados e o conjunto da edifica\u00e7\u00e3o ser\u00e1 formado por tr\u00eas blocos distintos, sendo um administrativo (j\u00e1 existente), um para o setor de servi\u00e7os e refeit\u00f3rio e o terceiro para atendimento ao setor educacional \u2013 onde ser\u00e3o constru\u00eddas sete salas de aula.<\/p>\n<p>A reforma tamb\u00e9m contempla a instala\u00e7\u00e3o de sistemas de climatiza\u00e7\u00e3o, de combate a inc\u00eandio, de monitoramento 24 horas com alarme, ampla \u00e1rea externa com playground e espa\u00e7o para o lazer.<\/p>\n<p>A reforma do pr\u00e9dio, que \u00e9 tombado e est\u00e1 desativado h\u00e1 mais de 30 anos, foi autorizada por unanimidade de votos pelo Conselho de Defesa do Patrim\u00f4nio Cultural (Codepac), e a revitaliza\u00e7\u00e3o respeitar\u00e1 as especifica\u00e7\u00f5es t\u00e9cnicas estipuladas pelo Conselho.<\/p>\n<figure class=\"wp-block-image size-large\"><img data-recalc-dims=\"1\" fetchpriority=\"high\" decoding=\"async\" width=\"696\" height=\"464\" src=\"https:\/\/i0.wp.com\/piracicaba.sp.gov.br\/wp-content\/uploads\/2024\/04\/A-reforma-do-predio-que-e-tombado-e-esta-desativado-ha-mais-de-30-anos-foi-autorizada-por-unanimidade-de-votos-pelo-Codepac-1024x682.jpg?resize=696%2C464&#038;ssl=1\" alt=\"\" class=\"wp-image-77770\" srcset=\"https:\/\/piracicaba.sp.gov.br\/wp-content\/uploads\/2024\/04\/A-reforma-do-predio-que-e-tombado-e-esta-desativado-ha-mais-de-30-anos-foi-autorizada-por-unanimidade-de-votos-pelo-Codepac-1024x682.jpg 1024w, https:\/\/piracicaba.sp.gov.br\/wp-content\/uploads\/2024\/04\/A-reforma-do-predio-que-e-tombado-e-esta-desativado-ha-mais-de-30-anos-foi-autorizada-por-unanimidade-de-votos-pelo-Codepac-300x200.jpg 300w, https:\/\/piracicaba.sp.gov.br\/wp-content\/uploads\/2024\/04\/A-reforma-do-predio-que-e-tombado-e-esta-desativado-ha-mais-de-30-anos-foi-autorizada-por-unanimidade-de-votos-pelo-Codepac-768x512.jpg 768w, https:\/\/piracicaba.sp.gov.br\/wp-content\/uploads\/2024\/04\/A-reforma-do-predio-que-e-tombado-e-esta-desativado-ha-mais-de-30-anos-foi-autorizada-por-unanimidade-de-votos-pelo-Codepac.jpg 1280w\" sizes=\"(max-width: 1024px) 100vw, 1024px\"\/><figcaption class=\"wp-element-caption\"><strong>A reforma do pr\u00e9dio, que \u00e9 tombado e est\u00e1 desativado h\u00e1 mais de 30 anos, foi autorizada por unanimidade de votos pelo Codepac<\/strong><\/figcaption><\/figure>\n<\/div>\n<\/div>\n<p><br \/>\n<br \/><a href=\"https:\/\/piracicaba.sp.gov.br\/noticias\/prefeitura-homologa-licitacao-para-reforma-e-ampliacao-do-antigo-grupo-escolar-de-artemis\/\" rel=\"noopener\">Informa\u00e7\u00f5es PMP <\/a><\/p>\n","protected":false},"excerpt":{"rendered":"<p>A Prefeitura de Piracicaba homologou hoje, 24\/04, conforme publica\u00e7\u00e3o no Di\u00e1rio Oficial do Munic\u00edpio, a empresa Construcerto para a reforma e amplia\u00e7\u00e3o do antigo grupo escolar de Artemis, com investimento no valor de R$ 5 milh\u00f5es. A obra vai atender uma demanda da Secretaria Municipal de Educa\u00e7\u00e3o e deve gerar, no total, 280 vagas para [&hellip;]<\/p>\n","protected":false},"author":1,"featured_media":2705,"comment_status":"open","ping_status":"open","sticky":false,"template":"","format":"standard","meta":{"_jetpack_newsletter_access":"","_jetpack_dont_email_post_to_subs":false,"_jetpack_newsletter_tier_id":0,"_jetpack_memberships_contains_paywalled_content":false,"_mbp_banners":[],"_jetpack_feature_clip_id":0,"_jetpack_memberships_contains_paid_content":false,"footnotes":"","jetpack_publicize_message":"","jetpack_publicize_feature_enabled":true,"jetpack_social_post_already_shared":true,"jetpack_social_options":{"image_generator_settings":{"template":"highway","default_image_id":0,"font":"","enabled":false},"version":2},"jetpack_post_was_ever_published":false},"categories":[20],"tags":[],"class_list":["post-2704","post","type-post","status-publish","format-standard","has-post-thumbnail","category-regiao"],"jetpack_publicize_connections":[],"jetpack-related-posts":[],"jetpack_shortlink":"https:\/\/wp.me\/p7Eq1F-HC","jetpack_sharing_enabled":true,"jetpack_featured_media_url":"https:\/\/i0.wp.com\/guialimeira.com.br\/news\/wp-content\/uploads\/2024\/04\/A-reforma-do-predio-que-e-tombado-e-esta-desativado-ha-mais-de-30-anos-foi-autorizada-por-unanimidade-de-votos-pelo-Codepac-1024x682.jpg?fit=1024%2C682&ssl=1","_links":{"self":[{"href":"https:\/\/guialimeira.com.br\/news\/wp-json\/wp\/v2\/posts\/2704","targetHints":{"allow":["GET"]}}],"collection":[{"href":"https:\/\/guialimeira.com.br\/news\/wp-json\/wp\/v2\/posts"}],"about":[{"href":"https:\/\/guialimeira.com.br\/news\/wp-json\/wp\/v2\/types\/post"}],"author":[{"embeddable":true,"href":"https:\/\/guialimeira.com.br\/news\/wp-json\/wp\/v2\/users\/1"}],"replies":[{"embeddable":true,"href":"https:\/\/guialimeira.com.br\/news\/wp-json\/wp\/v2\/comments?post=2704"}],"version-history":[{"count":0,"href":"https:\/\/guialimeira.com.br\/news\/wp-json\/wp\/v2\/posts\/2704\/revisions"}],"wp:featuredmedia":[{"embeddable":true,"href":"https:\/\/guialimeira.com.br\/news\/wp-json\/wp\/v2\/media\/2705"}],"wp:attachment":[{"href":"https:\/\/guialimeira.com.br\/news\/wp-json\/wp\/v2\/media?parent=2704"}],"wp:term":[{"taxonomy":"category","embeddable":true,"href":"https:\/\/guialimeira.com.br\/news\/wp-json\/wp\/v2\/categories?post=2704"},{"taxonomy":"post_tag","embeddable":true,"href":"https:\/\/guialimeira.com.br\/news\/wp-json\/wp\/v2\/tags?post=2704"}],"curies":[{"name":"wp","href":"https:\/\/api.w.org\/{rel}","templated":true}]}}