{"id":27030,"date":"2025-03-17T16:26:41","date_gmt":"2025-03-17T19:26:41","guid":{"rendered":"https:\/\/guialimeira.com.br\/?p=27030"},"modified":"2025-03-17T16:28:03","modified_gmt":"2025-03-17T19:28:03","slug":"projeto-de-lei-do-vereador-marcio-dos-santos-vidal-propoe-atualizacao-da-lei-sobre-descarte-irregular-de-lixo-em-limeira","status":"publish","type":"post","link":"https:\/\/guialimeira.com.br\/news\/projeto-de-lei-do-vereador-marcio-dos-santos-vidal-propoe-atualizacao-da-lei-sobre-descarte-irregular-de-lixo-em-limeira\/","title":{"rendered":"Projeto de Lei do vereador M\u00e1rcio do Estacionamento prop\u00f5e atualiza\u00e7\u00e3o da lei sobre descarte irregular de lixo em Limeira"},"content":{"rendered":"\n<p class=\"wp-block-paragraph\">O <strong>vereador M\u00e1rcio dos Santos Vidal (DC)<\/strong> apresentou um <strong>projeto de lei<\/strong> para atualizar a legisla\u00e7\u00e3o municipal sobre o <strong>descarte irregular de lixo<\/strong> em Limeira. A proposta altera a <strong>Lei n\u00ba 4.365\/2009<\/strong>, ampliando as restri\u00e7\u00f5es para <strong>todos os espa\u00e7os p\u00fablicos e privados<\/strong>, refor\u00e7ando a fiscaliza\u00e7\u00e3o e introduzindo novas penalidades para quem descumprir as normas.<\/p>\n\n\n\n<h2 class=\"wp-block-heading\"><strong>Principais mudan\u00e7as propostas<\/strong><\/h2>\n\n\n\n<p class=\"wp-block-paragraph\">A nova reda\u00e7\u00e3o da lei traz tr\u00eas mudan\u00e7as essenciais para fortalecer o combate ao descarte irregular de res\u00edduos na cidade:<\/p>\n\n\n\n<h3 class=\"wp-block-heading\"><strong>1\ufe0f\u20e3 Amplia\u00e7\u00e3o das \u00e1reas proibidas<\/strong><\/h3>\n\n\n\n<p class=\"wp-block-paragraph\">A legisla\u00e7\u00e3o atual restringe o descarte irregular de lixo apenas \u00e0s vias p\u00fablicas. Com a mudan\u00e7a, a proibi\u00e7\u00e3o passa a incluir tamb\u00e9m <strong>cal\u00e7adas, terrenos baldios, pra\u00e7as, parques e demais espa\u00e7os p\u00fablicos e privados<\/strong>.<\/p>\n\n\n\n<p class=\"wp-block-paragraph\">\u2714 <strong>Objetivo:<\/strong> Impedir o ac\u00famulo de res\u00edduos em locais que prejudicam a limpeza urbana e a sa\u00fade p\u00fablica.<\/p>\n\n\n\n<h3 class=\"wp-block-heading\"><strong>2\ufe0f\u20e3 Novos meios de den\u00fancia<\/strong><\/h3>\n\n\n\n<p class=\"wp-block-paragraph\">A proposta tamb\u00e9m refor\u00e7a a participa\u00e7\u00e3o da popula\u00e7\u00e3o no monitoramento e den\u00fancia de infra\u00e7\u00f5es. Agora, qualquer cidad\u00e3o poder\u00e1 <strong>denunciar irregularidades por meio de fotos, v\u00eddeos e registros no sistema 156<\/strong>, facilitando o trabalho da fiscaliza\u00e7\u00e3o municipal.<\/p>\n\n\n\n<p class=\"wp-block-paragraph\">\u2714 <strong>Objetivo:<\/strong> Incentivar a colabora\u00e7\u00e3o dos moradores para manter a cidade limpa e punir quem descarta lixo de forma inadequada.<\/p>\n\n\n\n<h3 class=\"wp-block-heading\"><strong>3\ufe0f\u20e3 Limpeza compuls\u00f3ria e multas<\/strong><\/h3>\n\n\n\n<p class=\"wp-block-paragraph\">Caso um respons\u00e1vel por im\u00f3vel seja notificado por irregularidade e <strong>n\u00e3o tome provid\u00eancias dentro do prazo<\/strong>, a Prefeitura poder\u00e1 executar a limpeza e cobrar os custos do infrator.<\/p>\n\n\n\n<p class=\"wp-block-paragraph\">\u2714 <strong>Objetivo:<\/strong> Garantir que terrenos baldios e outros espa\u00e7os particulares n\u00e3o se tornem pontos de ac\u00famulo de lixo, prejudicando o meio ambiente e a seguran\u00e7a p\u00fablica.<\/p>\n\n\n\n<h2 class=\"wp-block-heading\"><strong>Por que essa atualiza\u00e7\u00e3o \u00e9 importante?<\/strong><\/h2>\n\n\n\n<p class=\"wp-block-paragraph\">\ud83c\udf31 <strong>Preserva\u00e7\u00e3o do meio ambiente:<\/strong> Reduz a polui\u00e7\u00e3o e melhora a qualidade de vida na cidade.<br>\ud83c\udfe1 <strong>Mais limpeza e organiza\u00e7\u00e3o:<\/strong> Evita o ac\u00famulo de lixo em terrenos e espa\u00e7os p\u00fablicos.<br>\u2696 <strong>Refor\u00e7o na fiscaliza\u00e7\u00e3o:<\/strong> Amplia os mecanismos de den\u00fancia e aplica\u00e7\u00e3o de penalidades.<\/p>\n\n\n\n<p class=\"wp-block-paragraph\">O <strong>vereador M\u00e1rcio dos Santos Vidal<\/strong> destaca que essa atualiza\u00e7\u00e3o na lei visa criar um ambiente mais saud\u00e1vel para todos os limeirenses. Al\u00e9m disso, a proposta <strong>j\u00e1 recebeu parecer favor\u00e1vel<\/strong> quanto \u00e0 sua constitucionalidade, com ajustes apenas na t\u00e9cnica legislativa.<\/p>\n\n\n\n<p class=\"wp-block-paragraph\">Agora, a mat\u00e9ria segue para an\u00e1lise dos demais vereadores da C\u00e2mara Municipal.<\/p>\n\n\n\n<p class=\"wp-block-paragraph\">\ud83d\udce2 <strong>Acompanhe as atualiza\u00e7\u00f5es e participe da constru\u00e7\u00e3o de uma cidade mais limpa e sustent\u00e1vel!<\/strong><\/p>\n","protected":false},"excerpt":{"rendered":"<p>O vereador M\u00e1rcio dos Santos Vidal (DC) apresentou um projeto de lei para atualizar a legisla\u00e7\u00e3o municipal sobre o descarte irregular de lixo em Limeira. A proposta altera a Lei n\u00ba 4.365\/2009, ampliando as restri\u00e7\u00f5es para todos os espa\u00e7os p\u00fablicos e privados, refor\u00e7ando a fiscaliza\u00e7\u00e3o e introduzindo novas penalidades para quem descumprir as normas. Principais [&hellip;]<\/p>\n","protected":false},"author":1,"featured_media":27031,"comment_status":"open","ping_status":"open","sticky":false,"template":"","format":"standard","meta":{"_jetpack_newsletter_access":"","_jetpack_dont_email_post_to_subs":false,"_jetpack_newsletter_tier_id":0,"_jetpack_memberships_contains_paywalled_content":false,"_mbp_banners":[],"_jetpack_feature_clip_id":0,"_jetpack_memberships_contains_paid_content":false,"footnotes":"","jetpack_publicize_message":"","jetpack_publicize_feature_enabled":true,"jetpack_social_post_already_shared":true,"jetpack_social_options":{"image_generator_settings":{"template":"highway","default_image_id":0,"font":"","enabled":false},"version":2},"jetpack_post_was_ever_published":false},"categories":[19],"tags":[],"class_list":["post-27030","post","type-post","status-publish","format-standard","has-post-thumbnail","category-politica"],"jetpack_publicize_connections":[],"jetpack-related-posts":[],"jetpack_shortlink":"https:\/\/wp.me\/p7Eq1F-71Y","jetpack_sharing_enabled":true,"jetpack_featured_media_url":"https:\/\/i0.wp.com\/guialimeira.com.br\/news\/wp-content\/uploads\/2025\/03\/O-Impacto-Do-Descarte-Inadequado-De-Residuos.jpg?fit=1024%2C681&ssl=1","_links":{"self":[{"href":"https:\/\/guialimeira.com.br\/news\/wp-json\/wp\/v2\/posts\/27030","targetHints":{"allow":["GET"]}}],"collection":[{"href":"https:\/\/guialimeira.com.br\/news\/wp-json\/wp\/v2\/posts"}],"about":[{"href":"https:\/\/guialimeira.com.br\/news\/wp-json\/wp\/v2\/types\/post"}],"author":[{"embeddable":true,"href":"https:\/\/guialimeira.com.br\/news\/wp-json\/wp\/v2\/users\/1"}],"replies":[{"embeddable":true,"href":"https:\/\/guialimeira.com.br\/news\/wp-json\/wp\/v2\/comments?post=27030"}],"version-history":[{"count":2,"href":"https:\/\/guialimeira.com.br\/news\/wp-json\/wp\/v2\/posts\/27030\/revisions"}],"predecessor-version":[{"id":27033,"href":"https:\/\/guialimeira.com.br\/news\/wp-json\/wp\/v2\/posts\/27030\/revisions\/27033"}],"wp:featuredmedia":[{"embeddable":true,"href":"https:\/\/guialimeira.com.br\/news\/wp-json\/wp\/v2\/media\/27031"}],"wp:attachment":[{"href":"https:\/\/guialimeira.com.br\/news\/wp-json\/wp\/v2\/media?parent=27030"}],"wp:term":[{"taxonomy":"category","embeddable":true,"href":"https:\/\/guialimeira.com.br\/news\/wp-json\/wp\/v2\/categories?post=27030"},{"taxonomy":"post_tag","embeddable":true,"href":"https:\/\/guialimeira.com.br\/news\/wp-json\/wp\/v2\/tags?post=27030"}],"curies":[{"name":"wp","href":"https:\/\/api.w.org\/{rel}","templated":true}]}}