{"id":27027,"date":"2025-03-17T16:18:50","date_gmt":"2025-03-17T19:18:50","guid":{"rendered":"https:\/\/guialimeira.com.br\/?p=27027"},"modified":"2025-03-17T16:18:51","modified_gmt":"2025-03-17T19:18:51","slug":"vereadora-mara-isa-mattos-silveira-solicita-informacoes-sobre-fonte-interativa-desativada-no-parque-cidade-hipica","status":"publish","type":"post","link":"https:\/\/guialimeira.com.br\/news\/vereadora-mara-isa-mattos-silveira-solicita-informacoes-sobre-fonte-interativa-desativada-no-parque-cidade-hipica\/","title":{"rendered":"Vereadora Mara Isa Mattos Silveira Solicita Informa\u00e7\u00f5es sobre Fonte Interativa Desativada no Parque Cidade (H\u00edpica)"},"content":{"rendered":"\n<p class=\"wp-block-paragraph\">A vereadora <strong>Mara Isa Mattos Silveira (PL)<\/strong> encaminhou um requerimento ao <strong>Poder Executivo<\/strong> solicitando esclarecimentos sobre a desativa\u00e7\u00e3o da <strong>fonte interativa<\/strong> localizada no <strong>Parque Cidade (H\u00edpica)<\/strong>. O espa\u00e7o, que j\u00e1 foi uma importante \u00e1rea de lazer para crian\u00e7as e fam\u00edlias, permanece sem funcionamento h\u00e1 algum tempo, levantando questionamentos sobre seu futuro e a possibilidade de reativa\u00e7\u00e3o.<\/p>\n\n\n\n<h3 class=\"wp-block-heading\"><strong>Quais s\u00e3o os questionamentos levantados?<\/strong><\/h3>\n\n\n\n<p class=\"wp-block-paragraph\">A vereadora apresentou tr\u00eas principais quest\u00f5es \u00e0 Administra\u00e7\u00e3o Municipal:<\/p>\n\n\n\n<p class=\"wp-block-paragraph\">\u2705 <strong>Qual foi o motivo da desativa\u00e7\u00e3o da fonte interativa?<\/strong><br>A popula\u00e7\u00e3o deseja entender as raz\u00f5es t\u00e9cnicas ou administrativas que levaram \u00e0 interrup\u00e7\u00e3o do funcionamento da fonte.<\/p>\n\n\n\n<p class=\"wp-block-paragraph\">\u2705 <strong>Existe a possibilidade de religamento?<\/strong><br>Caso a estrutura ainda tenha condi\u00e7\u00f5es de ser reativada, a Prefeitura pretende faz\u00ea-lo? Em caso positivo, h\u00e1 uma previs\u00e3o de data para essa a\u00e7\u00e3o?<\/p>\n\n\n\n<p class=\"wp-block-paragraph\">\u2705 <strong>H\u00e1 planos para novas fontes interativas na cidade?<\/strong><br>Al\u00e9m da reativa\u00e7\u00e3o da fonte do Parque Cidade (H\u00edpica), a parlamentar busca saber se h\u00e1 projetos para instala\u00e7\u00e3o de outras fontes em parques p\u00fablicos de Limeira.<\/p>\n\n\n\n<h3 class=\"wp-block-heading\"><strong>A import\u00e2ncia das fontes interativas para a cidade<\/strong><\/h3>\n\n\n\n<p class=\"wp-block-paragraph\">A fonte interativa do <strong>Parque Cidade (H\u00edpica)<\/strong> j\u00e1 foi um espa\u00e7o de lazer que proporcionava <strong>refresco nos dias quentes<\/strong> e divers\u00e3o para crian\u00e7as e adultos. Com o aumento das temperaturas, equipamentos como esse se tornam ainda mais importantes, pois:<\/p>\n\n\n\n<p class=\"wp-block-paragraph\">\ud83c\udf21\ufe0f <strong>Ajudam a aliviar o calor intenso<\/strong><br>\ud83d\udc67\ud83d\udc66 <strong>Criam um ambiente de lazer e socializa\u00e7\u00e3o para crian\u00e7as e fam\u00edlias<\/strong><br>\ud83c\udfc3 <strong>Incentivam a pr\u00e1tica de atividades f\u00edsicas leves e prazerosas<\/strong><br>\ud83d\udcf5 <strong>Estimula a intera\u00e7\u00e3o longe das telas, contribuindo para o desenvolvimento infantil<\/strong><\/p>\n\n\n\n<p class=\"wp-block-paragraph\">A vereadora destaca que espa\u00e7os de conviv\u00eancia como esse <strong>fortalecem a vida comunit\u00e1ria e proporcionam benef\u00edcios f\u00edsicos e mentais para a popula\u00e7\u00e3o<\/strong>.<\/p>\n\n\n\n<h3 class=\"wp-block-heading\"><strong>Pr\u00f3ximos Passos<\/strong><\/h3>\n\n\n\n<p class=\"wp-block-paragraph\">A parlamentar aguarda as respostas da Prefeitura e refor\u00e7a a necessidade de <strong>investimentos em espa\u00e7os p\u00fablicos que promovam lazer e bem-estar para a popula\u00e7\u00e3o<\/strong>. Caso haja um posicionamento oficial sobre a reativa\u00e7\u00e3o da fonte ou novos projetos de fontes interativas, <strong>seguiremos acompanhando e informando os cidad\u00e3os sobre os desdobramentos desse tema<\/strong>.<\/p>\n","protected":false},"excerpt":{"rendered":"<p>A vereadora Mara Isa Mattos Silveira (PL) encaminhou um requerimento ao Poder Executivo solicitando esclarecimentos sobre a desativa\u00e7\u00e3o da fonte interativa localizada no Parque Cidade (H\u00edpica). O espa\u00e7o, que j\u00e1 foi uma importante \u00e1rea de lazer para crian\u00e7as e fam\u00edlias, permanece sem funcionamento h\u00e1 algum tempo, levantando questionamentos sobre seu futuro e a possibilidade de [&hellip;]<\/p>\n","protected":false},"author":1,"featured_media":27028,"comment_status":"open","ping_status":"open","sticky":false,"template":"","format":"standard","meta":{"_jetpack_newsletter_access":"","_jetpack_dont_email_post_to_subs":false,"_jetpack_newsletter_tier_id":0,"_jetpack_memberships_contains_paywalled_content":false,"_mbp_banners":[],"_jetpack_feature_clip_id":0,"_jetpack_memberships_contains_paid_content":false,"footnotes":"","jetpack_publicize_message":"","jetpack_publicize_feature_enabled":true,"jetpack_social_post_already_shared":true,"jetpack_social_options":{"image_generator_settings":{"template":"highway","default_image_id":0,"font":"","enabled":false},"version":2},"jetpack_post_was_ever_published":false},"categories":[19],"tags":[],"class_list":["post-27027","post","type-post","status-publish","format-standard","has-post-thumbnail","category-politica"],"jetpack_publicize_connections":[],"jetpack-related-posts":[],"jetpack_shortlink":"https:\/\/wp.me\/p7Eq1F-71V","jetpack_sharing_enabled":true,"jetpack_featured_media_url":"https:\/\/i0.wp.com\/guialimeira.com.br\/news\/wp-content\/uploads\/2025\/03\/d9591421-6adb-4219-92b2-4929e48e36ed.jpeg?fit=1173%2C803&ssl=1","_links":{"self":[{"href":"https:\/\/guialimeira.com.br\/news\/wp-json\/wp\/v2\/posts\/27027","targetHints":{"allow":["GET"]}}],"collection":[{"href":"https:\/\/guialimeira.com.br\/news\/wp-json\/wp\/v2\/posts"}],"about":[{"href":"https:\/\/guialimeira.com.br\/news\/wp-json\/wp\/v2\/types\/post"}],"author":[{"embeddable":true,"href":"https:\/\/guialimeira.com.br\/news\/wp-json\/wp\/v2\/users\/1"}],"replies":[{"embeddable":true,"href":"https:\/\/guialimeira.com.br\/news\/wp-json\/wp\/v2\/comments?post=27027"}],"version-history":[{"count":1,"href":"https:\/\/guialimeira.com.br\/news\/wp-json\/wp\/v2\/posts\/27027\/revisions"}],"predecessor-version":[{"id":27029,"href":"https:\/\/guialimeira.com.br\/news\/wp-json\/wp\/v2\/posts\/27027\/revisions\/27029"}],"wp:featuredmedia":[{"embeddable":true,"href":"https:\/\/guialimeira.com.br\/news\/wp-json\/wp\/v2\/media\/27028"}],"wp:attachment":[{"href":"https:\/\/guialimeira.com.br\/news\/wp-json\/wp\/v2\/media?parent=27027"}],"wp:term":[{"taxonomy":"category","embeddable":true,"href":"https:\/\/guialimeira.com.br\/news\/wp-json\/wp\/v2\/categories?post=27027"},{"taxonomy":"post_tag","embeddable":true,"href":"https:\/\/guialimeira.com.br\/news\/wp-json\/wp\/v2\/tags?post=27027"}],"curies":[{"name":"wp","href":"https:\/\/api.w.org\/{rel}","templated":true}]}}