{"id":27019,"date":"2025-03-17T16:08:37","date_gmt":"2025-03-17T19:08:37","guid":{"rendered":"https:\/\/guialimeira.com.br\/?p=27019"},"modified":"2025-03-17T16:08:39","modified_gmt":"2025-03-17T19:08:39","slug":"vereador-felipe-penedo-solicita-informacoes-sobre-desapropriacao-do-limeira-clube","status":"publish","type":"post","link":"https:\/\/guialimeira.com.br\/news\/vereador-felipe-penedo-solicita-informacoes-sobre-desapropriacao-do-limeira-clube\/","title":{"rendered":"Vereador Felipe Penedo solicita informa\u00e7\u00f5es sobre desapropria\u00e7\u00e3o do Limeira Clube"},"content":{"rendered":"\n<p class=\"wp-block-paragraph\">A desapropria\u00e7\u00e3o do <strong>Limeira Clube<\/strong> tem gerado grande expectativa na cidade, especialmente entre aqueles que reconhecem sua import\u00e2ncia hist\u00f3rica, esportiva e cultural. Diante dessa situa\u00e7\u00e3o, o vereador <strong>Felipe Penedo de Barros (PL)<\/strong> apresentou um requerimento ao Poder Executivo solicitando esclarecimentos sobre os planos para o im\u00f3vel e sua destina\u00e7\u00e3o futura.<\/p>\n\n\n\n<h4 class=\"wp-block-heading\"><strong>Qual ser\u00e1 o futuro do Limeira Clube?<\/strong><\/h4>\n\n\n\n<p class=\"wp-block-paragraph\">O vereador destaca a relev\u00e2ncia da iniciativa da Prefeitura ao tratar da desapropria\u00e7\u00e3o do clube, visto que o local se encontra em <strong>estado de abandono, degrada\u00e7\u00e3o e vulner\u00e1vel a invas\u00f5es<\/strong>. No entanto, ele enfatiza a necessidade de um planejamento detalhado para que a \u00e1rea continue servindo \u00e0 comunidade limeirense.<\/p>\n\n\n\n<p class=\"wp-block-paragraph\">Entre os questionamentos enviados \u00e0 Prefeitura, est\u00e3o:<\/p>\n\n\n\n<p class=\"wp-block-paragraph\">\u2705 <strong>Quais s\u00e3o os planos para al\u00e9m da constru\u00e7\u00e3o do Centro de Refer\u00eancia para Idosos?<\/strong><br>O vereador questiona se h\u00e1 outras iniciativas previstas para o espa\u00e7o, visando ampliar seu impacto social.<\/p>\n\n\n\n<p class=\"wp-block-paragraph\">\u2705 <strong>Existe a possibilidade de retorno das atividades esportivas e sociais do clube?<\/strong><br>Muitos cidad\u00e3os esperam que o local continue sendo um ponto de encontro para a pr\u00e1tica de esportes e eventos comunit\u00e1rios.<\/p>\n\n\n\n<p class=\"wp-block-paragraph\">\u2705 <strong>O munic\u00edpio considera a viabilidade de parcerias p\u00fablico-privadas para manuten\u00e7\u00e3o do espa\u00e7o?<\/strong><br>Diante das restri\u00e7\u00f5es or\u00e7ament\u00e1rias, o parlamentar questiona se h\u00e1 estudos para parcerias que possam garantir a sustentabilidade do local.<\/p>\n\n\n\n<p class=\"wp-block-paragraph\">\u2705 <strong>Como ser\u00e1 conduzido o processo de preserva\u00e7\u00e3o da identidade hist\u00f3rica do Limeira Clube?<\/strong><br>A preocupa\u00e7\u00e3o com a mem\u00f3ria e a relev\u00e2ncia do clube para Limeira s\u00e3o pontos fundamentais abordados pelo vereador.<\/p>\n\n\n\n<h4 class=\"wp-block-heading\"><strong>Proposta para evitar especula\u00e7\u00e3o imobili\u00e1ria<\/strong><\/h4>\n\n\n\n<p class=\"wp-block-paragraph\">Outro ponto importante levantado no requerimento diz respeito \u00e0 classifica\u00e7\u00e3o urban\u00edstica do im\u00f3vel. Atualmente, o Limeira Clube est\u00e1 localizado em uma <strong>Zona Predominantemente Residencial 1 (ZPR1)<\/strong>, o que poderia abrir espa\u00e7o para futuros projetos imobili\u00e1rios. Para evitar que a \u00e1rea seja destinada exclusivamente para esse fim, o vereador sugere um debate no <strong>COMPLAN (Conselho Municipal de Planejamento)<\/strong> sobre a possibilidade de alter\u00e1-la para <strong>Zona de Interven\u00e7\u00e3o Estrat\u00e9gica (ZIE)<\/strong>.<\/p>\n\n\n\n<p class=\"wp-block-paragraph\">Essa mudan\u00e7a garantiria que qualquer desenvolvimento futuro do local seja planejado, priorizando o interesse p\u00fablico e evitando a descaracteriza\u00e7\u00e3o do espa\u00e7o.<\/p>\n\n\n\n<h4 class=\"wp-block-heading\"><strong>Justificativa do requerimento<\/strong><\/h4>\n\n\n\n<p class=\"wp-block-paragraph\">O fechamento de clubes sociais tem se tornado uma realidade em v\u00e1rias cidades, reduzindo significativamente as op\u00e7\u00f5es de lazer e esporte para a popula\u00e7\u00e3o. O <strong>Limeira Clube<\/strong>, al\u00e9m de sua localiza\u00e7\u00e3o privilegiada, conta com <strong>quadras esportivas, piscinas e sal\u00e3o de festas<\/strong>, estrutura que poderia ser mantida e potencializada para continuar beneficiando a comunidade.<\/p>\n\n\n\n<p class=\"wp-block-paragraph\">O vereador <strong>Felipe Penedo de Barros<\/strong> refor\u00e7a a import\u00e2ncia de um debate amplo e transparente sobre o futuro do im\u00f3vel e solicita que a Prefeitura <strong>responda oficialmente por escrito e, se poss\u00edvel, promova uma audi\u00eancia p\u00fablica<\/strong> para discutir as propostas com a popula\u00e7\u00e3o.<\/p>\n\n\n\n<h4 class=\"wp-block-heading\">A desapropria\u00e7\u00e3o do Limeira Clube pode representar uma grande oportunidade para a cidade, desde que seja conduzida de forma planejada e sustent\u00e1vel, garantindo que o espa\u00e7o continue sendo um patrim\u00f4nio da comunidade.<\/h4>\n\n\n\n<p class=\"wp-block-paragraph\">Seguiremos acompanhando o andamento desse requerimento e trazendo novas informa\u00e7\u00f5es sobre as respostas do Executivo e eventuais a\u00e7\u00f5es que ser\u00e3o adotadas. Fique ligado para mais atualiza\u00e7\u00f5es sobre esse e outros temas relevantes para Limeira!<\/p>\n","protected":false},"excerpt":{"rendered":"<p>A desapropria\u00e7\u00e3o do Limeira Clube tem gerado grande expectativa na cidade, especialmente entre aqueles que reconhecem sua import\u00e2ncia hist\u00f3rica, esportiva e cultural. Diante dessa situa\u00e7\u00e3o, o vereador Felipe Penedo de Barros (PL) apresentou um requerimento ao Poder Executivo solicitando esclarecimentos sobre os planos para o im\u00f3vel e sua destina\u00e7\u00e3o futura. Qual ser\u00e1 o futuro do [&hellip;]<\/p>\n","protected":false},"author":1,"featured_media":27021,"comment_status":"open","ping_status":"open","sticky":false,"template":"","format":"standard","meta":{"_jetpack_newsletter_access":"","_jetpack_dont_email_post_to_subs":false,"_jetpack_newsletter_tier_id":0,"_jetpack_memberships_contains_paywalled_content":false,"_mbp_banners":[],"_jetpack_feature_clip_id":0,"_jetpack_memberships_contains_paid_content":false,"footnotes":"","jetpack_publicize_message":"","jetpack_publicize_feature_enabled":true,"jetpack_social_post_already_shared":true,"jetpack_social_options":{"image_generator_settings":{"template":"highway","default_image_id":0,"font":"","enabled":false},"version":2},"jetpack_post_was_ever_published":false},"categories":[19],"tags":[],"class_list":["post-27019","post","type-post","status-publish","format-standard","has-post-thumbnail","category-politica"],"jetpack_publicize_connections":[],"jetpack-related-posts":[],"jetpack_shortlink":"https:\/\/wp.me\/p7Eq1F-71N","jetpack_sharing_enabled":true,"jetpack_featured_media_url":"https:\/\/i0.wp.com\/guialimeira.com.br\/news\/wp-content\/uploads\/2025\/03\/Limeira-Clube-1030x579-1.png?fit=1030%2C579&ssl=1","_links":{"self":[{"href":"https:\/\/guialimeira.com.br\/news\/wp-json\/wp\/v2\/posts\/27019","targetHints":{"allow":["GET"]}}],"collection":[{"href":"https:\/\/guialimeira.com.br\/news\/wp-json\/wp\/v2\/posts"}],"about":[{"href":"https:\/\/guialimeira.com.br\/news\/wp-json\/wp\/v2\/types\/post"}],"author":[{"embeddable":true,"href":"https:\/\/guialimeira.com.br\/news\/wp-json\/wp\/v2\/users\/1"}],"replies":[{"embeddable":true,"href":"https:\/\/guialimeira.com.br\/news\/wp-json\/wp\/v2\/comments?post=27019"}],"version-history":[{"count":1,"href":"https:\/\/guialimeira.com.br\/news\/wp-json\/wp\/v2\/posts\/27019\/revisions"}],"predecessor-version":[{"id":27022,"href":"https:\/\/guialimeira.com.br\/news\/wp-json\/wp\/v2\/posts\/27019\/revisions\/27022"}],"wp:featuredmedia":[{"embeddable":true,"href":"https:\/\/guialimeira.com.br\/news\/wp-json\/wp\/v2\/media\/27021"}],"wp:attachment":[{"href":"https:\/\/guialimeira.com.br\/news\/wp-json\/wp\/v2\/media?parent=27019"}],"wp:term":[{"taxonomy":"category","embeddable":true,"href":"https:\/\/guialimeira.com.br\/news\/wp-json\/wp\/v2\/categories?post=27019"},{"taxonomy":"post_tag","embeddable":true,"href":"https:\/\/guialimeira.com.br\/news\/wp-json\/wp\/v2\/tags?post=27019"}],"curies":[{"name":"wp","href":"https:\/\/api.w.org\/{rel}","templated":true}]}}