{"id":27006,"date":"2025-03-17T14:04:32","date_gmt":"2025-03-17T17:04:32","guid":{"rendered":"https:\/\/guialimeira.com.br\/2025\/03\/17\/com-bloqueio-de-israel-1-milhao-de-criancas-em-gaza-enfrentam-fome\/"},"modified":"2025-03-17T14:04:32","modified_gmt":"2025-03-17T17:04:32","slug":"com-bloqueio-de-israel-1-milhao-de-criancas-em-gaza-enfrentam-fome","status":"publish","type":"post","link":"https:\/\/guialimeira.com.br\/news\/com-bloqueio-de-israel-1-milhao-de-criancas-em-gaza-enfrentam-fome\/","title":{"rendered":"Com bloqueio de Israel, 1 milh\u00e3o de crian\u00e7as em Gaza enfrentam fome"},"content":{"rendered":"<p> <br \/>\n<\/p>\n<div>\n<p>Cerca de 1 milh\u00e3o de crian\u00e7as na Faixa de Gaza est\u00e3o sem o b\u00e1sico para sobreviver, como alimentos e \u00e1gua, <strong>alertou o Fundo das Na\u00e7\u00f5es Unidas para Inf\u00e2ncia (Unicef)<\/strong>. O diretor do Unicef para o Oriente M\u00e9dio e Norte da \u00c1frica, Edouard Beigbeder, esteve nos territ\u00f3rios palestinos de Gaza e da Cisjord\u00e2nia em viagem de 4 dias.<img data-recalc-dims=\"1\" decoding=\"async\" src=\"https:\/\/i0.wp.com\/agenciabrasil.ebc.com.br\/ebc.png?w=696&#038;ssl=1\" style=\"width:1px; height:1px; display:inline;\"\/><img data-recalc-dims=\"1\" decoding=\"async\" src=\"https:\/\/i0.wp.com\/agenciabrasil.ebc.com.br\/ebc.gif?w=696&#038;ssl=1\" style=\"width:1px; height:1px; display:inline;\"\/><\/p>\n<blockquote>\n<p>\u201cA situa\u00e7\u00e3o \u00e9 extremamente preocupante. Algumas crian\u00e7as vivem com tremendo medo ou ansiedade, outras enfrentam as consequ\u00eancias reais da priva\u00e7\u00e3o de assist\u00eancia humanit\u00e1ria e prote\u00e7\u00e3o, deslocamento, destrui\u00e7\u00e3o ou morte. Sem a entrada de ajuda na Faixa de Gaza, cerca de 1 milh\u00e3o de crian\u00e7as est\u00e3o vivendo sem o b\u00e1sico de que precisam para sobreviver, mais uma vez\u201d, alertou o chefe da Unicef.<\/p>\n<\/blockquote>\n<p><strong>J\u00e1 s\u00e3o 16 dias do bloqueio total de Israel \u00e0 entrada de ajuda humanit\u00e1ria no enclave palestino.<\/strong> Estima-se que 95% da popula\u00e7\u00e3o de 2,1 milh\u00e3o de habitantes esteja enfrentando algum n\u00edvel de fome, com 344 mil palestinos com fome extrema. Os c\u00e1lculos s\u00e3o do <a href=\"https:\/\/www.ipcinfo.org\/ipcinfo-website\/ipc-dashboard\/\" target=\"_blank\" rel=\"noopener\">Painel IPC<\/a>, organiza\u00e7\u00e3o que mede a fome em todo o mundo.<\/p>\n<p>O representante do Unicef visitou as instala\u00e7\u00f5es para dessaliniza\u00e7\u00e3o de \u00e1gua apoiada pela entidade, em Khan Younis, no sul de Gaza, e <strong>constatou que a falta de eletricidade, cortada por Israel, est\u00e1 privando milhares de crian\u00e7as do acesso \u00e0 \u00e1gua pot\u00e1vel<\/strong>.<\/p>\n<p>\u201cA \u00fanica instala\u00e7\u00e3o que recebeu eletricidade desde novembro de 2024 foi desconectada. <strong>Agora, ela est\u00e1 funcionando com apenas 13% de sua capacidade<\/strong>\u201d, lamentou Edouard Beigbeder.<\/p>\n<h2>Sa\u00fade<\/h2>\n<p>Edouard Beigbeder destacou que, h\u00e1 algumas dezenas de quil\u00f4metros de Gaza, <strong>est\u00e3o mais de 180 mil doses de vacinas para inf\u00e2ncia bloqueadas por Israel<\/strong>.<\/p>\n<blockquote>\n<p>\u201c\u00c9 o suficiente para vacinar e proteger completamente 60 mil crian\u00e7as menores de 2 anos, bem como 20 ventiladores que salvam vidas para unidades de terapia intensiva neonatal\u201d, disse.<\/p>\n<\/blockquote>\n<p>O diretor-regional do Unicef denunciou que 4 mil rec\u00e9m-nascidos em Gaza n\u00e3o conseguem ter assist\u00eancia m\u00e9dica e, em consequ\u00eancia, <strong>\u201cvidas s\u00e3o perdidas todos os dias por falta de acesso a ventiladores neonatais\u201d<\/strong>.<\/p>\n<blockquote>\n<p>\u201cO Unicef est\u00e1 defendendo que esses suprimentos de sa\u00fade para crian\u00e7as, que salvam vidas, sejam autorizados a entrar. N\u00e3o h\u00e1 raz\u00e3o para que n\u00e3o sejam. De acordo com o direito humanit\u00e1rio internacional, as necessidades essenciais dos civis devem ser atendidas\u201d, defendeu o representante da entidade da ONU.<\/p>\n<\/blockquote>\n<p>Na Cisjord\u00e2nia, a institui\u00e7\u00e3o calcula que 2,3 milh\u00f5es de crian\u00e7as palestinas sejam afetadas pelo conflito. <a href=\"https:\/\/agenciabrasil.ebc.com.br\/internacional\/noticia\/2025-02\/israel-expulsa-40-mil-na-cisjordania-em-maior-operacao-em-20-anos\" target=\"_blank\" rel=\"noopener\">Desde o dia 7 de outubro de 2023, calcula-se que 40 mil palestinos foram expulsos de suas casas na Cisjord\u00e2nia<\/a>.\u00a0<\/p>\n<blockquote>\n<p>\u201cA educa\u00e7\u00e3o est\u00e1 fortemente interrompida para quase 12 mil crian\u00e7as, por causa dos recentes deslocamentos populacionais. As crian\u00e7as na Cisjord\u00e2nia, incluindo Jerusal\u00e9m Oriental, s\u00e3o frequentemente expostas a bloqueios de estradas e \u00e0 aus\u00eancia de material escolar\u201d, afirmou Beigbeder.<\/p>\n<\/blockquote>\n<h2>Negocia\u00e7\u00f5es<\/h2>\n<p>Israel bloqueou a entrada de ajuda humanit\u00e1ria em Gaza ap\u00f3s o fim da primeira fase do cessar-fogo, iniciado no dia 19 de janeiro e <a href=\"https:\/\/agenciabrasil.ebc.com.br\/internacional\/noticia\/2025-03\/israel-retoma-ataques-gaza-apos-fim-do-acordo-de-cessar-fogo\" target=\"_blank\" rel=\"noopener\">finalizado no dia 1\u00ba de mar\u00e7o<\/a>.<\/p>\n<p>O governo do primeiro-ministro <strong>Benjamin Netanyahu acusa o Hamas de n\u00e3o aceitar a proposta feita pelos Estados Unidos<\/strong> para liberta\u00e7\u00e3o dos ref\u00e9ns israelenses.<\/p>\n<p>Neste final de semana, o gabinete de Netanyahu informou que <strong>instruiu a equipe de negocia\u00e7\u00e3o para a continua\u00e7\u00e3o das negocia\u00e7\u00f5es \u201cpara libera\u00e7\u00e3o de 11 ref\u00e9ns vivos e metade dos ref\u00e9ns falecidos\u201d<\/strong>.<\/p>\n<p><strong>O Hamas sustenta que est\u00e1 disposto a seguir com as negocia\u00e7\u00f5es<\/strong> e pede a manuten\u00e7\u00e3o dos compromissos firmados pela primeira fase da negocia\u00e7\u00e3o, o que inclui a entrada de ajuda humanit\u00e1ria em Gaza.<\/p>\n<p>\u201cAo apertar o cerco e impedir a entrada de suprimentos essenciais, a ocupa\u00e7\u00e3o est\u00e1 mirando diretamente nas popula\u00e7\u00f5es mais vulner\u00e1veis \u200b\u200bde Gaza, os doentes, os idosos, as crian\u00e7as e as pessoas com defici\u00eancia. Esses s\u00e3o os indiv\u00edduos que Netanyahu est\u00e1 tentando matar\u201d, afirma o Hamas, em nota.<\/p>\n<p>O Programa Mundial de Alimentos (PMA) informou que, durante a primeira fase do cessar-fogo em Gaza, <strong>conseguiu entregar mais de 40 mil toneladas de alimentos<\/strong>.\u00a0<\/p>\n<blockquote>\n<p>\u201cCom o fechamento das passagens de fronteira, esses ganhos de seguran\u00e7a alimentar duramente conquistados est\u00e3o agora em risco\u201d, alerta a organiza\u00e7\u00e3o.<\/p>\n<\/blockquote>\n<p>      <!-- Relacionada --><\/p>\n<p>            <!-- Relacionada -->\n    <\/div>\n<p><br \/>\n<br \/><a href=\"https:\/\/agenciabrasil.ebc.com.br\/internacional\/noticia\/2025-03\/com-bloqueio-de-israel-1-milhao-de-criancas-em-gaza-enfrentam-fome\" rel=\"noopener\">Ag\u00eancia Brasil <\/a><\/p>\n","protected":false},"excerpt":{"rendered":"<p>Cerca de 1 milh\u00e3o de crian\u00e7as na Faixa de Gaza est\u00e3o sem o b\u00e1sico para sobreviver, como alimentos e \u00e1gua, alertou o Fundo das Na\u00e7\u00f5es Unidas para Inf\u00e2ncia (Unicef). O diretor do Unicef para o Oriente M\u00e9dio e Norte da \u00c1frica, Edouard Beigbeder, esteve nos territ\u00f3rios palestinos de Gaza e da Cisjord\u00e2nia em viagem de [&hellip;]<\/p>\n","protected":false},"author":1,"featured_media":17622,"comment_status":"open","ping_status":"open","sticky":false,"template":"","format":"standard","meta":{"_jetpack_newsletter_access":"","_jetpack_dont_email_post_to_subs":false,"_jetpack_newsletter_tier_id":0,"_jetpack_memberships_contains_paywalled_content":false,"_mbp_banners":[],"_jetpack_feature_clip_id":0,"_jetpack_memberships_contains_paid_content":false,"footnotes":"","jetpack_publicize_message":"","jetpack_publicize_feature_enabled":true,"jetpack_social_post_already_shared":true,"jetpack_social_options":{"image_generator_settings":{"template":"highway","default_image_id":0,"font":"","enabled":false},"version":2},"jetpack_post_was_ever_published":false},"categories":[25],"tags":[],"class_list":["post-27006","post","type-post","status-publish","format-standard","has-post-thumbnail","category-internacional"],"jetpack_publicize_connections":[],"jetpack-related-posts":[],"jetpack_shortlink":"https:\/\/wp.me\/p7Eq1F-71A","jetpack_sharing_enabled":true,"jetpack_featured_media_url":"https:\/\/i0.wp.com\/guialimeira.com.br\/news\/wp-content\/uploads\/2024\/11\/2024-09-26t151239z_1_lynxmpek8p0oo_rtroptp_4_israel-palestinos-gaza-combates.jpg?fit=1600%2C800&ssl=1","_links":{"self":[{"href":"https:\/\/guialimeira.com.br\/news\/wp-json\/wp\/v2\/posts\/27006","targetHints":{"allow":["GET"]}}],"collection":[{"href":"https:\/\/guialimeira.com.br\/news\/wp-json\/wp\/v2\/posts"}],"about":[{"href":"https:\/\/guialimeira.com.br\/news\/wp-json\/wp\/v2\/types\/post"}],"author":[{"embeddable":true,"href":"https:\/\/guialimeira.com.br\/news\/wp-json\/wp\/v2\/users\/1"}],"replies":[{"embeddable":true,"href":"https:\/\/guialimeira.com.br\/news\/wp-json\/wp\/v2\/comments?post=27006"}],"version-history":[{"count":0,"href":"https:\/\/guialimeira.com.br\/news\/wp-json\/wp\/v2\/posts\/27006\/revisions"}],"wp:featuredmedia":[{"embeddable":true,"href":"https:\/\/guialimeira.com.br\/news\/wp-json\/wp\/v2\/media\/17622"}],"wp:attachment":[{"href":"https:\/\/guialimeira.com.br\/news\/wp-json\/wp\/v2\/media?parent=27006"}],"wp:term":[{"taxonomy":"category","embeddable":true,"href":"https:\/\/guialimeira.com.br\/news\/wp-json\/wp\/v2\/categories?post=27006"},{"taxonomy":"post_tag","embeddable":true,"href":"https:\/\/guialimeira.com.br\/news\/wp-json\/wp\/v2\/tags?post=27006"}],"curies":[{"name":"wp","href":"https:\/\/api.w.org\/{rel}","templated":true}]}}