{"id":26994,"date":"2025-03-17T12:03:34","date_gmt":"2025-03-17T15:03:34","guid":{"rendered":"https:\/\/guialimeira.com.br\/2025\/03\/17\/atividade-economica-brasileira-cresce-09-em-janeiro\/"},"modified":"2025-03-17T12:03:34","modified_gmt":"2025-03-17T15:03:34","slug":"atividade-economica-brasileira-cresce-09-em-janeiro","status":"publish","type":"post","link":"https:\/\/guialimeira.com.br\/news\/atividade-economica-brasileira-cresce-09-em-janeiro\/","title":{"rendered":"Atividade econ\u00f4mica brasileira cresce 0,9% em janeiro"},"content":{"rendered":"<p> <br \/>\n<\/p>\n<div>\n<p>Ap\u00f3s recuo em <a href=\"https:\/\/agenciabrasil.ebc.com.br\/economia\/noticia\/2025-02\/ibc-br-recua-07-mas-fecha-2024-com-alta-de-38\" target=\"_blank\" rel=\"noopener\">dezembro de 2024<\/a>, a atividade econ\u00f4mica brasileira cresceu no primeiro m\u00eas de 2025, de acordo com informa\u00e7\u00f5es divulgadas nesta segunda-feira (17) pelo Banco Central (BC). <strong>O \u00cdndice de Atividade Econ\u00f4mica do Banco Central (IBC-Br) registrou alta de 0,9% em janeiro em rela\u00e7\u00e3o ao m\u00eas anterior, considerando os dados dessazonalizados (ajustados para o per\u00edodo)<\/strong>.<img data-recalc-dims=\"1\" decoding=\"async\" src=\"https:\/\/i0.wp.com\/agenciabrasil.ebc.com.br\/ebc.png?w=696&#038;ssl=1\" style=\"width:1px; height:1px; display:inline;\"\/><img data-recalc-dims=\"1\" decoding=\"async\" src=\"https:\/\/i0.wp.com\/agenciabrasil.ebc.com.br\/ebc.gif?w=696&#038;ssl=1\" style=\"width:1px; height:1px; display:inline;\"\/><\/p>\n<p>No m\u00eas, o IBC-Br atingiu 154,6 pontos. Na compara\u00e7\u00e3o com janeiro de 2024, houve crescimento de 3,6% (sem ajuste para o per\u00edodo, j\u00e1 que a compara\u00e7\u00e3o \u00e9 entre meses iguais). <strong>No acumulado em 12 meses, o indicador tamb\u00e9m ficou positivo em 3,8%<\/strong>.<\/p>\n<p>O IBC-Br \u00e9 uma forma de avaliar a evolu\u00e7\u00e3o da atividade econ\u00f4mica do pa\u00eds e ajuda o Comit\u00ea de Pol\u00edtica Monet\u00e1ria (Copom) do BC a tomar decis\u00f5es sobre a taxa b\u00e1sica de juros, a Selic, <a href=\"https:\/\/agenciabrasil.ebc.com.br\/economia\/noticia\/2025-01\/copom-eleva-juros-basicos-da-economia-para-1325-ao-ano\" target=\"_blank\" rel=\"noopener\">definida atualmente em 13,25% ao ano<\/a>. O \u00edndice incorpora informa\u00e7\u00f5es sobre o n\u00edvel de atividade de setores da economia \u2013 ind\u00fastria, com\u00e9rcio e servi\u00e7os e agropecu\u00e1ria \u2013, al\u00e9m do volume de impostos.<\/p>\n<p>A Selic \u00e9 o principal instrumento do BC para alcan\u00e7ar a meta de infla\u00e7\u00e3o. Quando o Copom aumenta a taxa b\u00e1sica de juros, a finalidade \u00e9 conter a demanda aquecida e isso causa reflexos nos pre\u00e7os porque os juros mais altos encarecem o cr\u00e9dito e estimulam a poupan\u00e7a. Desse modo, taxas mais altas ajudam a redu\u00e7\u00e3o da infla\u00e7\u00e3o, mas tamb\u00e9m podem dificultar a expans\u00e3o da economia.<\/p>\n<p>Quando o Copom diminui a Selic, a tend\u00eancia \u00e9 que o cr\u00e9dito fique mais barato, com incentivo \u00e0 produ\u00e7\u00e3o e ao consumo, reduzindo o controle sobre a infla\u00e7\u00e3o e estimulando a atividade econ\u00f4mica.<\/p>\n<h2>Infla\u00e7\u00e3o<\/h2>\n<p>Puxada pela alta da<a href=\"https:\/\/agenciabrasil.ebc.com.br\/Pressionada-pela-energia-el%C3%A9trica-infla%C3%A7%C3%A3o-de-fevereiro-fica-em-1%2C31%25\" target=\"_blank\" rel=\"noopener\"> energia el\u00e9trica, em fevereiro<\/a>, a infla\u00e7\u00e3o oficial &#8211; medida pelo \u00cdndice Nacional de Pre\u00e7os ao Consumidor Amplo (IPCA) &#8211; ficou em 1,31%, de acordo com o Instituto Brasileiro de Geografia e Estat\u00edstica (IBGE). <strong>No acumulado em 12 meses, o IPCA soma 5,06%, acima do teto da meta de 3%, que tem toler\u00e2ncia de 1,5 ponto percentual para mais ou para menos<\/strong>.<\/p>\n<p>A alta do d\u00f3lar e as incertezas em torno da infla\u00e7\u00e3o e da economia global fizeram o BC aumentar mais uma vez os juros na reuni\u00e3o de janeiro, o quarto aumento seguido da Selic, que consolida um ciclo de contra\u00e7\u00e3o na pol\u00edtica monet\u00e1ria.<\/p>\n<p>Em rela\u00e7\u00e3o \u00e0s pr\u00f3ximas reuni\u00f5es, o<strong> Copom j\u00e1 confirmou que elevar\u00e1 a Selic em um ponto percentual, para 14,25% ao ano, na reuni\u00e3o que ocorre esta semana, <\/strong>mas n\u00e3o informou se as altas continuar\u00e3o na reuni\u00e3o de maio, apenas que observar\u00e1 a infla\u00e7\u00e3o.<\/p>\n<p><a href=\"https:\/\/agenciabrasil.ebc.com.br\/economia\/noticia\/2025-03\/mercado-reduz-estimativas-para-crescimento-da-economia-e-inflacao\" target=\"_blank\" rel=\"noopener\">&gt;&gt;Mercado reduz estimativas para crescimento da economia e infla\u00e7\u00e3o<\/a><\/p>\n<h2>Produto Interno Bruto<\/h2>\n<p>Divulgado mensalmente, o IBC-Br emprega uma metodologia diferente da utilizada para medir o Produto Interno Bruto (PIB), que \u00e9 o indicador oficial da economia brasileira divulgado pelo IBGE. Segundo o BC, o \u00edndice \u201ccontribui para a elabora\u00e7\u00e3o de estrat\u00e9gia da pol\u00edtica monet\u00e1ria\u201d do pa\u00eds, mas \u201cn\u00e3o \u00e9 exatamente uma pr\u00e9via do PIB.\u201d<\/p>\n<p>O PIB \u00e9 a soma de todos os bens e servi\u00e7os finais produzidos por um pa\u00eds. <a href=\"https:\/\/agenciabrasil.ebc.com.br\/economia\/noticia\/2025-03\/economia-brasileira-cresce-34-em-2024-maior-alta-desde-2021\" target=\"_blank\" rel=\"noopener\">Em 2024, a economia brasileira cresceu 3,4%<\/a>. O resultado representa o quarto ano seguido de crescimento, sendo a maior expans\u00e3o desde 2021, quando o PIB alcan\u00e7ou 4,8%.<\/p>\n<p>      <!-- Relacionada --><\/p>\n<p>            <!-- Relacionada -->\n    <\/div>\n<p><br \/>\n<br \/><a href=\"https:\/\/agenciabrasil.ebc.com.br\/economia\/noticia\/2025-03\/atividade-economica-brasileira-cresce-09-em-janeiro\" rel=\"noopener\">Ag\u00eancia Brasil<\/a><\/p>\n","protected":false},"excerpt":{"rendered":"<p>Ap\u00f3s recuo em dezembro de 2024, a atividade econ\u00f4mica brasileira cresceu no primeiro m\u00eas de 2025, de acordo com informa\u00e7\u00f5es divulgadas nesta segunda-feira (17) pelo Banco Central (BC). O \u00cdndice de Atividade Econ\u00f4mica do Banco Central (IBC-Br) registrou alta de 0,9% em janeiro em rela\u00e7\u00e3o ao m\u00eas anterior, considerando os dados dessazonalizados (ajustados para o [&hellip;]<\/p>\n","protected":false},"author":1,"featured_media":26301,"comment_status":"open","ping_status":"open","sticky":false,"template":"","format":"standard","meta":{"_jetpack_newsletter_access":"","_jetpack_dont_email_post_to_subs":false,"_jetpack_newsletter_tier_id":0,"_jetpack_memberships_contains_paywalled_content":false,"_mbp_banners":[],"_jetpack_feature_clip_id":0,"_jetpack_memberships_contains_paid_content":false,"footnotes":"","jetpack_publicize_message":"","jetpack_publicize_feature_enabled":true,"jetpack_social_post_already_shared":true,"jetpack_social_options":{"image_generator_settings":{"template":"highway","default_image_id":0,"font":"","enabled":false},"version":2},"jetpack_post_was_ever_published":false},"categories":[24],"tags":[],"class_list":["post-26994","post","type-post","status-publish","format-standard","has-post-thumbnail","category-economia"],"jetpack_publicize_connections":[],"jetpack-related-posts":[],"jetpack_shortlink":"https:\/\/wp.me\/p7Eq1F-71o","jetpack_sharing_enabled":true,"jetpack_featured_media_url":"https:\/\/i0.wp.com\/guialimeira.com.br\/news\/wp-content\/uploads\/2025\/03\/industrias_fabricas_de_motocicletas_industrias_fabricas_santos_fc2610100918.jpg?fit=1600%2C800&ssl=1","_links":{"self":[{"href":"https:\/\/guialimeira.com.br\/news\/wp-json\/wp\/v2\/posts\/26994","targetHints":{"allow":["GET"]}}],"collection":[{"href":"https:\/\/guialimeira.com.br\/news\/wp-json\/wp\/v2\/posts"}],"about":[{"href":"https:\/\/guialimeira.com.br\/news\/wp-json\/wp\/v2\/types\/post"}],"author":[{"embeddable":true,"href":"https:\/\/guialimeira.com.br\/news\/wp-json\/wp\/v2\/users\/1"}],"replies":[{"embeddable":true,"href":"https:\/\/guialimeira.com.br\/news\/wp-json\/wp\/v2\/comments?post=26994"}],"version-history":[{"count":0,"href":"https:\/\/guialimeira.com.br\/news\/wp-json\/wp\/v2\/posts\/26994\/revisions"}],"wp:featuredmedia":[{"embeddable":true,"href":"https:\/\/guialimeira.com.br\/news\/wp-json\/wp\/v2\/media\/26301"}],"wp:attachment":[{"href":"https:\/\/guialimeira.com.br\/news\/wp-json\/wp\/v2\/media?parent=26994"}],"wp:term":[{"taxonomy":"category","embeddable":true,"href":"https:\/\/guialimeira.com.br\/news\/wp-json\/wp\/v2\/categories?post=26994"},{"taxonomy":"post_tag","embeddable":true,"href":"https:\/\/guialimeira.com.br\/news\/wp-json\/wp\/v2\/tags?post=26994"}],"curies":[{"name":"wp","href":"https:\/\/api.w.org\/{rel}","templated":true}]}}