{"id":26987,"date":"2025-03-17T11:15:50","date_gmt":"2025-03-17T14:15:50","guid":{"rendered":"https:\/\/guialimeira.com.br\/?p=26987"},"modified":"2025-03-17T11:15:55","modified_gmt":"2025-03-17T14:15:55","slug":"manutencao-das-academias-ao-ar-livre-em-limeira-vereador-carlinhos-do-grotta-requer-informacoes","status":"publish","type":"post","link":"https:\/\/guialimeira.com.br\/news\/manutencao-das-academias-ao-ar-livre-em-limeira-vereador-carlinhos-do-grotta-requer-informacoes\/","title":{"rendered":"Manuten\u00e7\u00e3o das academias ao ar livre em Limeira: Vereador Carlinhos do Grotta requer informa\u00e7\u00f5es"},"content":{"rendered":"\n<p class=\"wp-block-paragraph\">A conserva\u00e7\u00e3o das academias ao ar livre em Limeira tem sido uma preocupa\u00e7\u00e3o constante dos moradores que utilizam esses espa\u00e7os para a pr\u00e1tica de atividades f\u00edsicas. Diante dessa demanda, o vereador <strong>Carlinhos do Grotta (PL)<\/strong> protocolou um requerimento solicitando esclarecimentos ao Poder Executivo sobre a manuten\u00e7\u00e3o desses equipamentos.<\/p>\n\n\n\n<h4 class=\"wp-block-heading\"><strong>Solicita\u00e7\u00f5es Feitas ao Executivo<\/strong><\/h4>\n\n\n\n<p class=\"wp-block-paragraph\">No requerimento, o parlamentar destaca que recebeu reclama\u00e7\u00f5es da popula\u00e7\u00e3o sobre a falta de manuten\u00e7\u00e3o das academias ao ar livre, em especial a unidade localizada ao lado do <strong>Est\u00e1dio do Limeir\u00e3o<\/strong>, que estaria em condi\u00e7\u00f5es prec\u00e1rias. Com base nisso, o vereador questiona a Prefeitura de Limeira sobre os seguintes pontos:<\/p>\n\n\n\n<p class=\"wp-block-paragraph\">\u2705 <strong>Existe um cronograma de manuten\u00e7\u00e3o das academias ao ar livre?<\/strong> Caso exista, o vereador solicita que seja enviado para conhecimento.<\/p>\n\n\n\n<p class=\"wp-block-paragraph\">\u2705 <strong>H\u00e1 um or\u00e7amento espec\u00edfico destinado \u00e0 manuten\u00e7\u00e3o desses equipamentos?<\/strong> Considerando que h\u00e1 diversas academias espalhadas pela cidade, o vereador questiona se h\u00e1 recursos destinados exclusivamente para esse servi\u00e7o.<\/p>\n\n\n\n<p class=\"wp-block-paragraph\">\u2705 <strong>A Prefeitura conta com uma empresa especializada para realizar a manuten\u00e7\u00e3o?<\/strong> Se sim, qual empresa \u00e9 respons\u00e1vel e como se d\u00e1 a execu\u00e7\u00e3o dos servi\u00e7os?<\/p>\n\n\n\n<p class=\"wp-block-paragraph\">\u2705 <strong>H\u00e1 um controle registrado de quando foi feita a \u00faltima manuten\u00e7\u00e3o em cada academia?<\/strong> Em caso afirmativo, esse controle est\u00e1 dispon\u00edvel ao p\u00fablico que utiliza os equipamentos?<\/p>\n\n\n\n<h4 class=\"wp-block-heading\"><strong>Justificativa do Requerimento<\/strong><\/h4>\n\n\n\n<p class=\"wp-block-paragraph\">O vereador <strong>Carlinhos do Grotta<\/strong> ressalta que a manuten\u00e7\u00e3o dessas academias \u00e9 essencial para garantir a seguran\u00e7a dos frequentadores e permitir que a popula\u00e7\u00e3o limeirense tenha acesso a espa\u00e7os adequados para a pr\u00e1tica esportiva. Segundo ele, muitos moradores relatam que diversos equipamentos est\u00e3o quebrados ou deteriorados, prejudicando o uso e aumentando o risco de acidentes.<\/p>\n\n\n\n<p class=\"wp-block-paragraph\">Dessa forma, a iniciativa busca obter informa\u00e7\u00f5es detalhadas da Prefeitura sobre as a\u00e7\u00f5es de conserva\u00e7\u00e3o e planejamento para a manuten\u00e7\u00e3o dos aparelhos, visando atender a comunidade e assegurar que os espa\u00e7os p\u00fablicos estejam sempre em boas condi\u00e7\u00f5es de uso.<\/p>\n\n\n\n<h4 class=\"wp-block-heading\"><strong>Acompanhe as Atualiza\u00e7\u00f5es<\/strong><\/h4>\n\n\n\n<p class=\"wp-block-paragraph\">Seguiremos acompanhando o andamento desse requerimento e trazendo novas informa\u00e7\u00f5es sobre as respostas do Executivo e eventuais medidas adotadas. Fique ligado para mais atualiza\u00e7\u00f5es sobre a gest\u00e3o dos espa\u00e7os p\u00fablicos em Limeira!<\/p>\n","protected":false},"excerpt":{"rendered":"<p>A conserva\u00e7\u00e3o das academias ao ar livre em Limeira tem sido uma preocupa\u00e7\u00e3o constante dos moradores que utilizam esses espa\u00e7os para a pr\u00e1tica de atividades f\u00edsicas. Diante dessa demanda, o vereador Carlinhos do Grotta (PL) protocolou um requerimento solicitando esclarecimentos ao Poder Executivo sobre a manuten\u00e7\u00e3o desses equipamentos. Solicita\u00e7\u00f5es Feitas ao Executivo No requerimento, o [&hellip;]<\/p>\n","protected":false},"author":1,"featured_media":26567,"comment_status":"open","ping_status":"open","sticky":false,"template":"","format":"standard","meta":{"_jetpack_newsletter_access":"","_jetpack_dont_email_post_to_subs":false,"_jetpack_newsletter_tier_id":0,"_jetpack_memberships_contains_paywalled_content":false,"_mbp_banners":[],"_jetpack_feature_clip_id":0,"_jetpack_memberships_contains_paid_content":false,"footnotes":"","jetpack_publicize_message":"","jetpack_publicize_feature_enabled":true,"jetpack_social_post_already_shared":true,"jetpack_social_options":{"image_generator_settings":{"template":"highway","default_image_id":0,"font":"","enabled":false},"version":2},"jetpack_post_was_ever_published":false},"categories":[19],"tags":[],"class_list":["post-26987","post","type-post","status-publish","format-standard","has-post-thumbnail","category-politica"],"jetpack_publicize_connections":[],"jetpack-related-posts":[],"jetpack_shortlink":"https:\/\/wp.me\/p7Eq1F-71h","jetpack_sharing_enabled":true,"jetpack_featured_media_url":"https:\/\/i0.wp.com\/guialimeira.com.br\/news\/wp-content\/uploads\/2025\/03\/academia-adaptada-alesp.jpeg?fit=2480%2C1653&ssl=1","_links":{"self":[{"href":"https:\/\/guialimeira.com.br\/news\/wp-json\/wp\/v2\/posts\/26987","targetHints":{"allow":["GET"]}}],"collection":[{"href":"https:\/\/guialimeira.com.br\/news\/wp-json\/wp\/v2\/posts"}],"about":[{"href":"https:\/\/guialimeira.com.br\/news\/wp-json\/wp\/v2\/types\/post"}],"author":[{"embeddable":true,"href":"https:\/\/guialimeira.com.br\/news\/wp-json\/wp\/v2\/users\/1"}],"replies":[{"embeddable":true,"href":"https:\/\/guialimeira.com.br\/news\/wp-json\/wp\/v2\/comments?post=26987"}],"version-history":[{"count":1,"href":"https:\/\/guialimeira.com.br\/news\/wp-json\/wp\/v2\/posts\/26987\/revisions"}],"predecessor-version":[{"id":26989,"href":"https:\/\/guialimeira.com.br\/news\/wp-json\/wp\/v2\/posts\/26987\/revisions\/26989"}],"wp:featuredmedia":[{"embeddable":true,"href":"https:\/\/guialimeira.com.br\/news\/wp-json\/wp\/v2\/media\/26567"}],"wp:attachment":[{"href":"https:\/\/guialimeira.com.br\/news\/wp-json\/wp\/v2\/media?parent=26987"}],"wp:term":[{"taxonomy":"category","embeddable":true,"href":"https:\/\/guialimeira.com.br\/news\/wp-json\/wp\/v2\/categories?post=26987"},{"taxonomy":"post_tag","embeddable":true,"href":"https:\/\/guialimeira.com.br\/news\/wp-json\/wp\/v2\/tags?post=26987"}],"curies":[{"name":"wp","href":"https:\/\/api.w.org\/{rel}","templated":true}]}}