{"id":26986,"date":"2025-03-17T11:02:09","date_gmt":"2025-03-17T14:02:09","guid":{"rendered":"https:\/\/guialimeira.com.br\/2025\/03\/17\/confira-serie-que-tira-duvidas-de-como-fazer-a-declaracao-do-ir-2025\/"},"modified":"2025-03-17T11:02:09","modified_gmt":"2025-03-17T14:02:09","slug":"confira-serie-que-tira-duvidas-de-como-fazer-a-declaracao-do-ir-2025","status":"publish","type":"post","link":"https:\/\/guialimeira.com.br\/news\/confira-serie-que-tira-duvidas-de-como-fazer-a-declaracao-do-ir-2025\/","title":{"rendered":"Confira s\u00e9rie que tira d\u00favidas de como fazer a declara\u00e7\u00e3o do IR 2025"},"content":{"rendered":"<p> <br \/>\n<\/p>\n<div>\n<p>O per\u00edodo de entrega da declara\u00e7\u00e3o do Imposto de Renda 2025 come\u00e7a nesta segunda-feira (17) e vai at\u00e9 30 de maio. A\u00a0expectativa da Receita Federal \u00e9 de que 46,2 milh\u00f5es de pessoas entreguem a declara\u00e7\u00e3o neste ano.<img data-recalc-dims=\"1\" decoding=\"async\" src=\"https:\/\/i0.wp.com\/agenciabrasil.ebc.com.br\/ebc.png?w=696&#038;ssl=1\" style=\"width:1px; height:1px; display:inline;\"\/><img data-recalc-dims=\"1\" decoding=\"async\" src=\"https:\/\/i0.wp.com\/agenciabrasil.ebc.com.br\/ebc.gif?w=696&#038;ssl=1\" style=\"width:1px; height:1px; display:inline;\"\/><\/p>\n<p><strong>Para esclarecer d\u00favidas dos contribuintes, a\u00a0Radioag\u00eancia Nacional lan\u00e7a a nova edi\u00e7\u00e3o do <em>Tira-D\u00favidas do IR 2025<\/em>, uma s\u00e9rie especial para responder\u00a0perguntas sobre a declara\u00e7\u00e3o.\u00a0<\/strong><\/p>\n<p>Ser\u00e3o 33 epis\u00f3dios, publicados \u00e0s segundas, quartas e sextas-feiras, abordando os principais temas que geram d\u00favidas entre os contribuintes. As perguntas v\u00e3o desde quem precisa declarar o Imposto de Renda at\u00e9, por exemplo, como fazer a declara\u00e7\u00e3o de uma pessoa falecida.<\/p>\n<p>S\u00e3o informa\u00e7\u00f5es b\u00e1sicas, como isen\u00e7\u00f5es, dedu\u00e7\u00f5es, declara\u00e7\u00e3o de ganhos, de patrim\u00f4nio e como corrigir erros. Tamb\u00e9m ser\u00e3o desmentidas <em>fake news<\/em> sobre o Imposto de Renda.\u00a0<\/p>\n<p><strong>O <em>Tira-D\u00favidas do IR 2025<\/em> ser\u00e1 veiculado ainda na programa\u00e7\u00e3o da R\u00e1dio Nacional, no jornal <em>Rep\u00f3rter Nacional<\/em> e na Ag\u00eancia Brasil<\/strong>. Em 2024,\u00a0a s\u00e9rie foi a vencedora do Pr\u00eamio Nacional de Educa\u00e7\u00e3o Fiscal, promovido pela Associa\u00e7\u00e3o Nacional de Fiscais de Tributos Estaduais (a Febrafite).<\/p>\n<p>Se voc\u00ea tem d\u00favidas sobre como declarar, acompanhe o <em>Tira-D\u00favidas do IR 2025<\/em>. Fique ligado na <a href=\"http:\/\/radioagencianacional.ebc.com.br\" target=\"_blank\" rel=\"noopener\"><strong>Radioag\u00eancia Nacional<\/strong><\/a> e fa\u00e7a a sua declara\u00e7\u00e3o com seguran\u00e7a.<\/p>\n<p><a href=\"https:\/\/agenciabrasil.ebc.com.br\/radioagencia-nacional\/tags\/tira-duvidas-do-ir-2023\" target=\"_blank\" rel=\"noopener\">Confira a lista de todos os epis\u00f3dios da s\u00e9rie Tira-D\u00favidas do IR 2025<\/a><\/p>\n<p>* O conte\u00fado tem locu\u00e7\u00e3o de Edgard Matsuki, edi\u00e7\u00e3o de Jorge Vaconcellos\u00a0e produ\u00e7\u00e3o de Marizete Cardoso.<\/p>\n<p>      <!-- Relacionada --><\/p>\n<p>            <!-- Relacionada -->\n    <\/div>\n<p><br \/>\n<br \/><a href=\"https:\/\/agenciabrasil.ebc.com.br\/economia\/noticia\/2025-03\/confira-serie-que-tira-duvidas-de-como-fazer-declaracao-do-ir-2025\" rel=\"noopener\">Ag\u00eancia Brasil<\/a><\/p>\n","protected":false},"excerpt":{"rendered":"<p>O per\u00edodo de entrega da declara\u00e7\u00e3o do Imposto de Renda 2025 come\u00e7a nesta segunda-feira (17) e vai at\u00e9 30 de maio. A\u00a0expectativa da Receita Federal \u00e9 de que 46,2 milh\u00f5es de pessoas entreguem a declara\u00e7\u00e3o neste ano. Para esclarecer d\u00favidas dos contribuintes, a\u00a0Radioag\u00eancia Nacional lan\u00e7a a nova edi\u00e7\u00e3o do Tira-D\u00favidas do IR 2025, uma s\u00e9rie [&hellip;]<\/p>\n","protected":false},"author":1,"featured_media":2445,"comment_status":"open","ping_status":"open","sticky":false,"template":"","format":"standard","meta":{"_jetpack_newsletter_access":"","_jetpack_dont_email_post_to_subs":false,"_jetpack_newsletter_tier_id":0,"_jetpack_memberships_contains_paywalled_content":false,"_mbp_banners":[],"_jetpack_feature_clip_id":0,"_jetpack_memberships_contains_paid_content":false,"footnotes":"","jetpack_publicize_message":"","jetpack_publicize_feature_enabled":true,"jetpack_social_post_already_shared":true,"jetpack_social_options":{"image_generator_settings":{"template":"highway","default_image_id":0,"font":"","enabled":false},"version":2},"jetpack_post_was_ever_published":false},"categories":[24],"tags":[],"class_list":["post-26986","post","type-post","status-publish","format-standard","has-post-thumbnail","category-economia"],"jetpack_publicize_connections":[],"jetpack-related-posts":[],"jetpack_shortlink":"https:\/\/wp.me\/p7Eq1F-71g","jetpack_sharing_enabled":true,"jetpack_featured_media_url":"https:\/\/i0.wp.com\/guialimeira.com.br\/news\/wp-content\/uploads\/2024\/04\/mca_abr_21031913349.jpg?fit=1600%2C800&ssl=1","_links":{"self":[{"href":"https:\/\/guialimeira.com.br\/news\/wp-json\/wp\/v2\/posts\/26986","targetHints":{"allow":["GET"]}}],"collection":[{"href":"https:\/\/guialimeira.com.br\/news\/wp-json\/wp\/v2\/posts"}],"about":[{"href":"https:\/\/guialimeira.com.br\/news\/wp-json\/wp\/v2\/types\/post"}],"author":[{"embeddable":true,"href":"https:\/\/guialimeira.com.br\/news\/wp-json\/wp\/v2\/users\/1"}],"replies":[{"embeddable":true,"href":"https:\/\/guialimeira.com.br\/news\/wp-json\/wp\/v2\/comments?post=26986"}],"version-history":[{"count":0,"href":"https:\/\/guialimeira.com.br\/news\/wp-json\/wp\/v2\/posts\/26986\/revisions"}],"wp:featuredmedia":[{"embeddable":true,"href":"https:\/\/guialimeira.com.br\/news\/wp-json\/wp\/v2\/media\/2445"}],"wp:attachment":[{"href":"https:\/\/guialimeira.com.br\/news\/wp-json\/wp\/v2\/media?parent=26986"}],"wp:term":[{"taxonomy":"category","embeddable":true,"href":"https:\/\/guialimeira.com.br\/news\/wp-json\/wp\/v2\/categories?post=26986"},{"taxonomy":"post_tag","embeddable":true,"href":"https:\/\/guialimeira.com.br\/news\/wp-json\/wp\/v2\/tags?post=26986"}],"curies":[{"name":"wp","href":"https:\/\/api.w.org\/{rel}","templated":true}]}}