{"id":26973,"date":"2025-03-17T09:00:39","date_gmt":"2025-03-17T12:00:39","guid":{"rendered":"https:\/\/guialimeira.com.br\/2025\/03\/17\/caixa-libera-abono-salarial-para-nascidos-em-fevereiro\/"},"modified":"2025-03-17T09:00:39","modified_gmt":"2025-03-17T12:00:39","slug":"caixa-libera-abono-salarial-para-nascidos-em-fevereiro","status":"publish","type":"post","link":"https:\/\/guialimeira.com.br\/news\/caixa-libera-abono-salarial-para-nascidos-em-fevereiro\/","title":{"rendered":"Caixa libera abono salarial para nascidos em fevereiro"},"content":{"rendered":"<p> <br \/>\n<\/p>\n<div>\n<p><strong>Cerca de 1,7 milh\u00e3o de trabalhadores com carteira assinada nascidos em fevereiro e que ganham at\u00e9 dois sal\u00e1rios m\u00ednimos podem sacar, a partir desta segunda-feira (17), o valor do abono salarial<\/strong> do Programa de Integra\u00e7\u00e3o Social (PIS) e do Programa de Forma\u00e7\u00e3o do Patrim\u00f4nio do Servidor P\u00fablico (Pasep) em 2025 (ano-base 2023). A quantia est\u00e1 dispon\u00edvel no aplicativo da Carteira de Trabalho Digital e no Portal Gov.br.<img data-recalc-dims=\"1\" decoding=\"async\" src=\"https:\/\/i0.wp.com\/agenciabrasil.ebc.com.br\/ebc.png?w=696&#038;ssl=1\" style=\"width:1px; height:1px; display:inline;\"\/><img data-recalc-dims=\"1\" decoding=\"async\" src=\"https:\/\/i0.wp.com\/agenciabrasil.ebc.com.br\/ebc.gif?w=696&#038;ssl=1\" style=\"width:1px; height:1px; display:inline;\"\/><\/p>\n<p>Ao todo, a Caixa Econ\u00f4mica Federal liberar\u00e1 pouco mais de R$ 2 bilh\u00f5es neste m\u00eas. <a href=\"https:\/\/agenciabrasil.ebc.com.br\/economia\/noticia\/2024-12\/governo-aprova-calendario-do-pagamento-do-abono-salarial-2025\" target=\"_blank\" rel=\"noopener\">Aprovado no fim do ano passado<\/a>, o calend\u00e1rio de libera\u00e7\u00f5es segue o m\u00eas de nascimento do trabalhador. Os pagamentos come\u00e7aram em 17 de fevereiro e v\u00e3o at\u00e9 15 de agosto.<\/p>\n<p>Neste ano, R$ 30,7 bilh\u00f5es poder\u00e3o ser sacados. Segundo o Conselho Deliberativo do Fundo de Amparo ao Trabalhador (Codefat), o abono salarial de 2025 ser\u00e1 pago a 25,8 milh\u00f5es de trabalhadores em todo o pa\u00eds. Desse total, cerca de 22 milh\u00f5es que trabalham na iniciativa privada receber\u00e3o o PIS e 3,8 milh\u00f5es de servidores p\u00fablicos, empregados de estatais e militares t\u00eam direito ao Pasep.<\/p>\n<p>O PIS \u00e9 pago pela Caixa Econ\u00f4mica Federal; e o Pasep, pelo Banco do Brasil. Como ocorre tradicionalmente, os pagamentos ser\u00e3o divididos em seis lotes, baseados no m\u00eas de nascimento. <strong>O saque iniciar\u00e1 nas datas de libera\u00e7\u00e3o dos lotes e acabar\u00e3o em 29 de dezembro de 2025. Ap\u00f3s esse prazo, ser\u00e1 necess\u00e1rio aguardar convoca\u00e7\u00e3o especial do Minist\u00e9rio do Trabalho.<\/strong><\/p>\n<table border=\"1\" cellpadding=\"1\" cellspacing=\"1\" style=\"width:500px;\">\n<caption><strong>Calend\u00e1rio de pagamento<\/strong><\/caption>\n<tbody>\n<tr>\n<td class=\"rtecenter\"><strong>Nascidos em<\/strong><\/td>\n<td class=\"rtecenter\"><strong>Recebem a partir de<\/strong><\/td>\n<\/tr>\n<tr>\n<td>Janeiro<\/td>\n<td>17 de fevereiro<\/td>\n<\/tr>\n<tr>\n<td>Fevereiro<\/td>\n<td>17 de mar\u00e7o<\/td>\n<\/tr>\n<tr>\n<td>Mar\u00e7o e Abril<\/td>\n<td>15 de abril<\/td>\n<\/tr>\n<tr>\n<td>Maio e Junho<\/td>\n<td>15 de maio<\/td>\n<\/tr>\n<tr>\n<td>Julho e Agosto<\/td>\n<td>16 de junho<\/td>\n<\/tr>\n<tr>\n<td>Setembro e Outubro<\/td>\n<td>15 de julho<\/td>\n<\/tr>\n<tr>\n<td>Novembro e Dezembro<\/td>\n<td>15 de agosto<\/td>\n<\/tr>\n<\/tbody>\n<\/table>\n<h2>Quem tem direito<\/h2>\n<p><strong>Tem direito ao benef\u00edcio o trabalhador inscrito no PIS\/Pasep h\u00e1, pelo menos, cinco anos, e que tenha trabalhado formalmente por, no m\u00ednimo, 30 dias no ano-base considerado para a apura\u00e7\u00e3o, com remunera\u00e7\u00e3o mensal m\u00e9dia de at\u00e9 dois sal\u00e1rios m\u00ednimos.<\/strong> Tamb\u00e9m \u00e9 necess\u00e1rio que os dados tenham sido informados corretamente pelo empregador na Rela\u00e7\u00e3o Anual de Informa\u00e7\u00f5es Sociais (Rais).<\/p>\n<p>O valor do abono \u00e9 proporcional ao per\u00edodo em que o empregado trabalhou com carteira assinada em 2023. Cada m\u00eas trabalhado equivale a um benef\u00edcio de R$ 126,50, com per\u00edodos iguais ou superiores a 15 dias contados como m\u00eas cheio. Quem trabalhou 12 meses com carteira assinada receber\u00e1 o sal\u00e1rio m\u00ednimo cheio, de R$ 1.518.<\/p>\n<h2>Pagamento<\/h2>\n<p><strong>Trabalhadores da iniciativa privada com conta corrente ou poupan\u00e7a na Caixa receber\u00e3o o cr\u00e9dito automaticamente no banco, de acordo com o m\u00eas de seu nascimento.<\/strong><\/p>\n<p><strong>Os demais benefici\u00e1rios receber\u00e3o os valores por meio da poupan\u00e7a social digital, que pode ser movimentada pelo aplicativo Caixa Tem.<\/strong> Caso n\u00e3o seja poss\u00edvel a abertura da conta digital, o saque poder\u00e1 ser realizado com o Cart\u00e3o do Cidad\u00e3o e senha nos terminais de autoatendimento, unidades lot\u00e9ricas, Caixa Aqui ou ag\u00eancias, tamb\u00e9m de acordo com o calend\u00e1rio de pagamento escalonado por m\u00eas de nascimento.<\/p>\n<p><strong>O pagamento do abono do Pasep ocorre via cr\u00e9dito em conta para quem \u00e9 correntista ou tem poupan\u00e7a no Banco do Brasil. <\/strong>O trabalhador que n\u00e3o \u00e9 correntista do BB pode efetuar a transfer\u00eancia via TED para conta de sua titularidade via terminais de autoatendimento e portal www.bb.com.br\/pasep ou no guich\u00ea de caixa das ag\u00eancias, mediante apresenta\u00e7\u00e3o de documento oficial de identidade.<\/p>\n<p>At\u00e9 2020, o abono salarial do ano anterior era pago de julho do ano corrente a junho do ano seguinte. No in\u00edcio de 2021, o Codefat atendeu a recomenda\u00e7\u00e3o da Controladoria-Geral da Uni\u00e3o (CGU) e passou a depositar o dinheiro somente <a href=\"https:\/\/agenciabrasil.ebc.com.br\/economia\/noticia\/2021-03\/pagamento-do-abono-salarial-de-2020-e-adiado-para-2022\" target=\"_blank\" rel=\"noopener\">dois anos ap\u00f3s o trabalho com carteira assinada<\/a>.<\/p>\n<div class=\"dnd-widget-wrapper context-cheio_8colunas type-image\">\n<div class=\"dnd-atom-rendered\"><!-- scald=370464:cheio_8colunas --><br \/>\n            <img data-recalc-dims=\"1\" decoding=\"async\" src=\"https:\/\/i0.wp.com\/imagens.ebc.com.br\/JHCmwcG9EW2ZA2jxrfLC_WGX2cA%3D\/754x0\/smart\/https%3A\/\/agenciabrasil.ebc.com.br\/sites\/default\/files\/thumbnails\/image\/abono-salarial.png?w=696&#038;ssl=1\" alt=\"arte abono salarial\" title=\"Arte\/Ag\u00eancia Brasil\"\/><br \/>\n        <img data-recalc-dims=\"1\" decoding=\"async\" src=\"https:\/\/i0.wp.com\/imagens.ebc.com.br\/JHCmwcG9EW2ZA2jxrfLC_WGX2cA%3D\/754x0\/smart\/https%3A\/\/agenciabrasil.ebc.com.br\/sites\/default\/files\/thumbnails\/image\/abono-salarial.png?w=696&#038;ssl=1\" alt=\"arte abono salarial\" title=\"Arte\/Ag\u00eancia Brasil\"\/><br \/>\n    <!-- END scald=370464 --><\/div>\n<p><h6 class=\"meta\"><strong>Arte\/Ag\u00eancia Brasil<\/strong><!--END copyright=370464--><\/h6>\n<\/p>\n<\/div>\n<p>      <!-- Relacionada --><\/p>\n<p>            <!-- Relacionada -->\n    <\/div>\n<p><br \/>\n<br \/><a href=\"https:\/\/agenciabrasil.ebc.com.br\/economia\/noticia\/2025-03\/caixa-libera-abono-salarial-para-nascidos-em-fevereiro\" rel=\"noopener\">Ag\u00eancia Brasil<\/a><\/p>\n","protected":false},"excerpt":{"rendered":"<p>Cerca de 1,7 milh\u00e3o de trabalhadores com carteira assinada nascidos em fevereiro e que ganham at\u00e9 dois sal\u00e1rios m\u00ednimos podem sacar, a partir desta segunda-feira (17), o valor do abono salarial do Programa de Integra\u00e7\u00e3o Social (PIS) e do Programa de Forma\u00e7\u00e3o do Patrim\u00f4nio do Servidor P\u00fablico (Pasep) em 2025 (ano-base 2023). A quantia est\u00e1 [&hellip;]<\/p>\n","protected":false},"author":1,"featured_media":26974,"comment_status":"open","ping_status":"open","sticky":false,"template":"","format":"standard","meta":{"_jetpack_newsletter_access":"","_jetpack_dont_email_post_to_subs":false,"_jetpack_newsletter_tier_id":0,"_jetpack_memberships_contains_paywalled_content":false,"_mbp_banners":[],"_jetpack_feature_clip_id":0,"_jetpack_memberships_contains_paid_content":false,"footnotes":"","jetpack_publicize_message":"","jetpack_publicize_feature_enabled":true,"jetpack_social_post_already_shared":true,"jetpack_social_options":{"image_generator_settings":{"template":"highway","default_image_id":0,"font":"","enabled":false},"version":2},"jetpack_post_was_ever_published":false},"categories":[24],"tags":[],"class_list":["post-26973","post","type-post","status-publish","format-standard","has-post-thumbnail","category-economia"],"jetpack_publicize_connections":[],"jetpack-related-posts":[],"jetpack_shortlink":"https:\/\/wp.me\/p7Eq1F-713","jetpack_sharing_enabled":true,"jetpack_featured_media_url":"https:\/\/i0.wp.com\/guialimeira.com.br\/news\/wp-content\/uploads\/2025\/03\/caixa_economica_federal0505202673.jpg?fit=1600%2C800&ssl=1","_links":{"self":[{"href":"https:\/\/guialimeira.com.br\/news\/wp-json\/wp\/v2\/posts\/26973","targetHints":{"allow":["GET"]}}],"collection":[{"href":"https:\/\/guialimeira.com.br\/news\/wp-json\/wp\/v2\/posts"}],"about":[{"href":"https:\/\/guialimeira.com.br\/news\/wp-json\/wp\/v2\/types\/post"}],"author":[{"embeddable":true,"href":"https:\/\/guialimeira.com.br\/news\/wp-json\/wp\/v2\/users\/1"}],"replies":[{"embeddable":true,"href":"https:\/\/guialimeira.com.br\/news\/wp-json\/wp\/v2\/comments?post=26973"}],"version-history":[{"count":0,"href":"https:\/\/guialimeira.com.br\/news\/wp-json\/wp\/v2\/posts\/26973\/revisions"}],"wp:featuredmedia":[{"embeddable":true,"href":"https:\/\/guialimeira.com.br\/news\/wp-json\/wp\/v2\/media\/26974"}],"wp:attachment":[{"href":"https:\/\/guialimeira.com.br\/news\/wp-json\/wp\/v2\/media?parent=26973"}],"wp:term":[{"taxonomy":"category","embeddable":true,"href":"https:\/\/guialimeira.com.br\/news\/wp-json\/wp\/v2\/categories?post=26973"},{"taxonomy":"post_tag","embeddable":true,"href":"https:\/\/guialimeira.com.br\/news\/wp-json\/wp\/v2\/tags?post=26973"}],"curies":[{"name":"wp","href":"https:\/\/api.w.org\/{rel}","templated":true}]}}