{"id":26962,"date":"2025-03-17T05:25:15","date_gmt":"2025-03-17T08:25:15","guid":{"rendered":"https:\/\/guialimeira.com.br\/?p=26962"},"modified":"2025-03-17T05:25:20","modified_gmt":"2025-03-17T08:25:20","slug":"requerimento-solicita-informacoes-sobre-precatorios-e-rpvs-da-administracao-municipal-de-limeira","status":"publish","type":"post","link":"https:\/\/guialimeira.com.br\/news\/requerimento-solicita-informacoes-sobre-precatorios-e-rpvs-da-administracao-municipal-de-limeira\/","title":{"rendered":"Requerimento solicita informa\u00e7\u00f5es sobre precat\u00f3rios e RPVs da Administra\u00e7\u00e3o Municipal de Limeira"},"content":{"rendered":"\n<p class=\"wp-block-paragraph\">As vereadoras <strong>Mara Isa Mattos Silveira (PL)<\/strong> e <strong>Mariana Silva Calsa (MDB)<\/strong> protocolaram um requerimento junto \u00e0 C\u00e2mara Municipal de Limeira solicitando informa\u00e7\u00f5es detalhadas ao <strong>Poder Executivo<\/strong> sobre o pagamento de <strong>precat\u00f3rios<\/strong> e <strong>requisi\u00e7\u00f5es de pequeno valor (RPVs)<\/strong> pela <strong>Administra\u00e7\u00e3o Direta e Indireta do Munic\u00edpio<\/strong>.<\/p>\n\n\n\n<p class=\"wp-block-paragraph\">O pedido visa obter dados referentes aos pagamentos realizados entre 2021 e 2024, bem como as previs\u00f5es para 2025 e 2026, discriminando os valores por faixa e natureza (alimentares e n\u00e3o alimentares).<\/p>\n\n\n\n<hr class=\"wp-block-separator has-alpha-channel-opacity\"\/>\n\n\n\n<h3 class=\"wp-block-heading\"><strong>Solicita\u00e7\u00e3o de transpar\u00eancia nos pagamentos de precat\u00f3rios<\/strong><\/h3>\n\n\n\n<p class=\"wp-block-paragraph\">De acordo com o requerimento, as vereadoras buscam esclarecer:<\/p>\n\n\n\n<p class=\"wp-block-paragraph\">\u2705 <strong>O volume e os valores pagos<\/strong> de precat\u00f3rios pela Administra\u00e7\u00e3o Direta e Indireta nos \u00faltimos anos.<br>\u2705 <strong>A previs\u00e3o de pagamentos<\/strong> para os pr\u00f3ximos anos.<br>\u2705 <strong>O total de RPVs quitadas<\/strong> e as pendentes para 2025.<\/p>\n\n\n\n<p class=\"wp-block-paragraph\">As informa\u00e7\u00f5es solicitadas s\u00e3o fundamentais para uma an\u00e1lise aprofundada do <strong>Projeto de Lei n\u00ba 20\/2025<\/strong>, de autoria do prefeito <strong>Murilo Berbert Avigo F\u00e9lix<\/strong>, que prop\u00f5e a redefini\u00e7\u00e3o do limite das RPVs no munic\u00edpio.<\/p>\n\n\n\n<p class=\"wp-block-paragraph\">Atualmente, a <strong>Lei Ordin\u00e1ria n\u00ba 4.977\/2012<\/strong> estabelece que valores de at\u00e9 <strong>40 sal\u00e1rios m\u00ednimos<\/strong> (R$ 60.720,00) sejam classificados como de pequeno valor. O projeto em quest\u00e3o sugere reduzir esse teto para <strong>R$ 15.000,00<\/strong>, o que impactaria diretamente aqueles que aguardam o pagamento de decis\u00f5es judiciais.<\/p>\n\n\n\n<hr class=\"wp-block-separator has-alpha-channel-opacity\"\/>\n\n\n\n<h3 class=\"wp-block-heading\"><strong>Impacto da mudan\u00e7a na defini\u00e7\u00e3o de pequeno valor<\/strong><\/h3>\n\n\n\n<p class=\"wp-block-paragraph\">Caso a proposta seja aprovada, muitas pessoas que antes poderiam receber seus valores rapidamente por meio de RPVs precisar\u00e3o aguardar o tr\u00e2mite de precat\u00f3rios, que segue um <strong>processo mais demorado<\/strong>. A altera\u00e7\u00e3o pode afetar diretamente servidores p\u00fablicos, pensionistas e benefici\u00e1rios de indeniza\u00e7\u00f5es reconhecidas judicialmente.<\/p>\n\n\n\n<p class=\"wp-block-paragraph\">Diante da relev\u00e2ncia do tema, as vereadoras destacam a necessidade de transpar\u00eancia por parte da Prefeitura e aguardam a resposta do Executivo para que o assunto seja amplamente discutido pelo <strong>Legislativo Municipal<\/strong>.<\/p>\n\n\n\n<p class=\"wp-block-paragraph\">\u2696\ufe0f <strong>O que voc\u00ea acha dessa proposta? Deixe sua opini\u00e3o nos coment\u00e1rios!<\/strong><\/p>\n","protected":false},"excerpt":{"rendered":"<p>As vereadoras Mara Isa Mattos Silveira (PL) e Mariana Silva Calsa (MDB) protocolaram um requerimento junto \u00e0 C\u00e2mara Municipal de Limeira solicitando informa\u00e7\u00f5es detalhadas ao Poder Executivo sobre o pagamento de precat\u00f3rios e requisi\u00e7\u00f5es de pequeno valor (RPVs) pela Administra\u00e7\u00e3o Direta e Indireta do Munic\u00edpio. O pedido visa obter dados referentes aos pagamentos realizados entre [&hellip;]<\/p>\n","protected":false},"author":1,"featured_media":26960,"comment_status":"open","ping_status":"open","sticky":false,"template":"","format":"standard","meta":{"_jetpack_newsletter_access":"","_jetpack_dont_email_post_to_subs":false,"_jetpack_newsletter_tier_id":0,"_jetpack_memberships_contains_paywalled_content":false,"_mbp_banners":[],"_jetpack_feature_clip_id":0,"_jetpack_memberships_contains_paid_content":false,"footnotes":"","jetpack_publicize_message":"","jetpack_publicize_feature_enabled":true,"jetpack_social_post_already_shared":true,"jetpack_social_options":{"image_generator_settings":{"template":"highway","default_image_id":0,"font":"","enabled":false},"version":2},"jetpack_post_was_ever_published":false},"categories":[19],"tags":[],"class_list":["post-26962","post","type-post","status-publish","format-standard","has-post-thumbnail","category-politica"],"jetpack_publicize_connections":[],"jetpack-related-posts":[],"jetpack_shortlink":"https:\/\/wp.me\/p7Eq1F-70S","jetpack_sharing_enabled":true,"jetpack_featured_media_url":"https:\/\/i0.wp.com\/guialimeira.com.br\/news\/wp-content\/uploads\/2025\/03\/precatorios-1.jpeg?fit=1322%2C846&ssl=1","_links":{"self":[{"href":"https:\/\/guialimeira.com.br\/news\/wp-json\/wp\/v2\/posts\/26962","targetHints":{"allow":["GET"]}}],"collection":[{"href":"https:\/\/guialimeira.com.br\/news\/wp-json\/wp\/v2\/posts"}],"about":[{"href":"https:\/\/guialimeira.com.br\/news\/wp-json\/wp\/v2\/types\/post"}],"author":[{"embeddable":true,"href":"https:\/\/guialimeira.com.br\/news\/wp-json\/wp\/v2\/users\/1"}],"replies":[{"embeddable":true,"href":"https:\/\/guialimeira.com.br\/news\/wp-json\/wp\/v2\/comments?post=26962"}],"version-history":[{"count":1,"href":"https:\/\/guialimeira.com.br\/news\/wp-json\/wp\/v2\/posts\/26962\/revisions"}],"predecessor-version":[{"id":26964,"href":"https:\/\/guialimeira.com.br\/news\/wp-json\/wp\/v2\/posts\/26962\/revisions\/26964"}],"wp:featuredmedia":[{"embeddable":true,"href":"https:\/\/guialimeira.com.br\/news\/wp-json\/wp\/v2\/media\/26960"}],"wp:attachment":[{"href":"https:\/\/guialimeira.com.br\/news\/wp-json\/wp\/v2\/media?parent=26962"}],"wp:term":[{"taxonomy":"category","embeddable":true,"href":"https:\/\/guialimeira.com.br\/news\/wp-json\/wp\/v2\/categories?post=26962"},{"taxonomy":"post_tag","embeddable":true,"href":"https:\/\/guialimeira.com.br\/news\/wp-json\/wp\/v2\/tags?post=26962"}],"curies":[{"name":"wp","href":"https:\/\/api.w.org\/{rel}","templated":true}]}}