{"id":2689,"date":"2024-04-24T23:05:48","date_gmt":"2024-04-25T02:05:48","guid":{"rendered":"https:\/\/guialimeira.com.br\/2024\/04\/24\/fachin-vota-para-determinar-que-mp-investigue-mortes-em-operacoes\/"},"modified":"2024-04-24T23:05:48","modified_gmt":"2024-04-25T02:05:48","slug":"fachin-vota-para-determinar-que-mp-investigue-mortes-em-operacoes","status":"publish","type":"post","link":"https:\/\/guialimeira.com.br\/news\/fachin-vota-para-determinar-que-mp-investigue-mortes-em-operacoes\/","title":{"rendered":"Fachin vota para determinar que MP investigue mortes em opera\u00e7\u00f5es"},"content":{"rendered":"<p> <br \/>\n<\/p>\n<div>\n<p>O ministro do Supremo Tribunal Federal (STF) Edson Fachin proferiu voto nesta quarta-feira (24) para obrigar o Minist\u00e9rio P\u00fablico a investigar mortes ocorridas em opera\u00e7\u00f5es policiais.<img data-recalc-dims=\"1\" decoding=\"async\" src=\"https:\/\/i0.wp.com\/agenciabrasil.ebc.com.br\/ebc.png?w=696&#038;ssl=1\" style=\"width:1px; height:1px; display:inline;\"\/><img data-recalc-dims=\"1\" decoding=\"async\" src=\"https:\/\/i0.wp.com\/agenciabrasil.ebc.com.br\/ebc.gif?w=696&#038;ssl=1\" style=\"width:1px; height:1px; display:inline;\"\/><\/p>\n<p>O entendimento do ministro est\u00e1 no voto proferido durante o julgamento de oito a\u00e7\u00f5es de inconstitucionalidade que defendem limita\u00e7\u00f5es ao poder constitucional do MP de realizar investiga\u00e7\u00f5es criminais.<\/p>\n<p>Ao votar para confirmar o poder investigat\u00f3rio, Fachin refor\u00e7ou que o \u00f3rg\u00e3o tem a fun\u00e7\u00e3o de exercer o controle da atividade policial.<\/p>\n<p>Dessa forma, o ministro entendeu que a abertura de investiga\u00e7\u00e3o para apurar mortes ocorridas em opera\u00e7\u00f5es \u00e9 obrigat\u00f3ria sempre que houver suspeita de envolvimento de agentes de seguran\u00e7a p\u00fablica em mortes ou ferimentos graves em consequ\u00eancia da utiliza\u00e7\u00e3o de armas de fogo. Em caso de descumprimento, ser\u00e1 cab\u00edvel a responsabiliza\u00e7\u00e3o funcional de membros do \u00f3rg\u00e3o.<\/p>\n<p>&#8220;A ideia \u00e9 de n\u00e3o inibir uma atividade legitima, que \u00e9 a atividade policial. Creio que isso contribui para atividade policial e o respeito aos direitos fundamentais&#8221;, afirmou.<\/p>\n<p>Edson Fachin tamb\u00e9m votou para garantir que o MP possa\u00a0pedir per\u00edcias em casos criminais e para determinar que os governos estaduais, municipais e estaduais devem, no prazo de dois anos, criar leis para dar independ\u00eancia aos \u00f3rg\u00e3os de per\u00edcia para evitar interfer\u00eancia da pol\u00edcia no trabalho dos peritos.<\/p>\n<p>Ap\u00f3s o voto do ministro, a sess\u00e3o foi suspensa. O julgamento ser\u00e1 retomado amanh\u00e3 (25).<\/p>\n<h2>Opera\u00e7\u00f5es no Rio<\/h2>\n<p>Fachin \u00e9 relator das a\u00e7\u00f5es que restringiram opera\u00e7\u00f5es policiais no Rio para conter mortes de moradores de comunidades.<\/p>\n<p>Referendada pelos demais ministros, a decis\u00e3o limitou o uso de helic\u00f3pteros e determinou a preserva\u00e7\u00e3o de vest\u00edgios de crimes, al\u00e9m de proibir o uso de escolas e unidades de sa\u00fade como bases operacionais das pol\u00edcias militar e civil. O MP tamb\u00e9m deve ser avisado com anteced\u00eancia sobre as opera\u00e7\u00f5es.<\/p>\n<\/p><\/div>\n<p><br \/>\n<br \/><a href=\"https:\/\/agenciabrasil.ebc.com.br\/justica\/noticia\/2024-04\/fachin-vota-para-determinar-que-mp-investigue-mortes-em-operacoes\" rel=\"noopener\">Ag\u00eancia Brasil<\/a><\/p>\n","protected":false},"excerpt":{"rendered":"<p>O ministro do Supremo Tribunal Federal (STF) Edson Fachin proferiu voto nesta quarta-feira (24) para obrigar o Minist\u00e9rio P\u00fablico a investigar mortes ocorridas em opera\u00e7\u00f5es policiais. O entendimento do ministro est\u00e1 no voto proferido durante o julgamento de oito a\u00e7\u00f5es de inconstitucionalidade que defendem limita\u00e7\u00f5es ao poder constitucional do MP de realizar investiga\u00e7\u00f5es criminais. Ao [&hellip;]<\/p>\n","protected":false},"author":1,"featured_media":2690,"comment_status":"open","ping_status":"open","sticky":false,"template":"","format":"standard","meta":{"_jetpack_newsletter_access":"","_jetpack_dont_email_post_to_subs":false,"_jetpack_newsletter_tier_id":0,"_jetpack_memberships_contains_paywalled_content":false,"_mbp_banners":[],"_jetpack_feature_clip_id":0,"_jetpack_memberships_contains_paid_content":false,"footnotes":"","jetpack_publicize_message":"","jetpack_publicize_feature_enabled":true,"jetpack_social_post_already_shared":true,"jetpack_social_options":{"image_generator_settings":{"template":"highway","default_image_id":0,"font":"","enabled":false},"version":2},"jetpack_post_was_ever_published":false},"categories":[22],"tags":[],"class_list":["post-2689","post","type-post","status-publish","format-standard","has-post-thumbnail","category-nacional"],"jetpack_publicize_connections":[],"jetpack-related-posts":[],"jetpack_shortlink":"https:\/\/wp.me\/p7Eq1F-Hn","jetpack_sharing_enabled":true,"jetpack_featured_media_url":"https:\/\/i0.wp.com\/guialimeira.com.br\/news\/wp-content\/uploads\/2024\/04\/bancoimagemfotoaudiencia_ap_431080.jpg?fit=1600%2C800&ssl=1","_links":{"self":[{"href":"https:\/\/guialimeira.com.br\/news\/wp-json\/wp\/v2\/posts\/2689","targetHints":{"allow":["GET"]}}],"collection":[{"href":"https:\/\/guialimeira.com.br\/news\/wp-json\/wp\/v2\/posts"}],"about":[{"href":"https:\/\/guialimeira.com.br\/news\/wp-json\/wp\/v2\/types\/post"}],"author":[{"embeddable":true,"href":"https:\/\/guialimeira.com.br\/news\/wp-json\/wp\/v2\/users\/1"}],"replies":[{"embeddable":true,"href":"https:\/\/guialimeira.com.br\/news\/wp-json\/wp\/v2\/comments?post=2689"}],"version-history":[{"count":0,"href":"https:\/\/guialimeira.com.br\/news\/wp-json\/wp\/v2\/posts\/2689\/revisions"}],"wp:featuredmedia":[{"embeddable":true,"href":"https:\/\/guialimeira.com.br\/news\/wp-json\/wp\/v2\/media\/2690"}],"wp:attachment":[{"href":"https:\/\/guialimeira.com.br\/news\/wp-json\/wp\/v2\/media?parent=2689"}],"wp:term":[{"taxonomy":"category","embeddable":true,"href":"https:\/\/guialimeira.com.br\/news\/wp-json\/wp\/v2\/categories?post=2689"},{"taxonomy":"post_tag","embeddable":true,"href":"https:\/\/guialimeira.com.br\/news\/wp-json\/wp\/v2\/tags?post=2689"}],"curies":[{"name":"wp","href":"https:\/\/api.w.org\/{rel}","templated":true}]}}