{"id":26878,"date":"2025-03-15T14:14:34","date_gmt":"2025-03-15T17:14:34","guid":{"rendered":"https:\/\/guialimeira.com.br\/2025\/03\/15\/eua-declaram-embaixador-da-africa-do-sul-persona-non-grata\/"},"modified":"2025-03-15T14:14:34","modified_gmt":"2025-03-15T17:14:34","slug":"eua-declaram-embaixador-da-africa-do-sul-persona-non-grata","status":"publish","type":"post","link":"https:\/\/guialimeira.com.br\/news\/eua-declaram-embaixador-da-africa-do-sul-persona-non-grata\/","title":{"rendered":"EUA declaram embaixador da \u00c1frica do Sul persona non grata"},"content":{"rendered":"<p> <br \/>\n<\/p>\n<div>\n<p>O secret\u00e1rio de Estado dos EUA, Marco Rubio, declarou nessa sexta-feira (14) que Ebrahim Rasool, embaixador da \u00c1frica do Sul nos pa\u00eds, \u00e9 persona non grata, chamando o enviado de &#8220;pol\u00edtico que faz ataques raciais&#8221; e que odeia os Estados Unidos e o presidente Donald Trump.<img data-recalc-dims=\"1\" decoding=\"async\" src=\"https:\/\/i0.wp.com\/agenciabrasil.ebc.com.br\/ebc.png?w=696&#038;ssl=1\" style=\"width:1px; height:1px; display:inline;\"\/><img data-recalc-dims=\"1\" decoding=\"async\" src=\"https:\/\/i0.wp.com\/agenciabrasil.ebc.com.br\/ebc.gif?w=696&#038;ssl=1\" style=\"width:1px; height:1px; display:inline;\"\/><\/p>\n<p>&#8220;O embaixador da \u00c1frica do Sul nos Estados Unidos n\u00e3o \u00e9 mais bem-vindo em nosso grande pa\u00eds&#8221;, disse Rubio em uma publica\u00e7\u00e3o na plataforma de m\u00eddia social X. &#8220;N\u00e3o temos nada a discutir com ele e, portanto, ele \u00e9 considerado PERSONA NON GRATA&#8221;, disse Rubio.<\/p>\n<p>Rasool havia participado de um evento online no qual criticou a administra\u00e7\u00e3o Trump, acusando o presidente norte-americano de adotar discursos pr\u00f3prios do supremacismo branco e criar uma narrativa onde os brancos s\u00e3o as v\u00edtimas em seu pa\u00eds.<\/p>\n<p>Em nota, o\u00a0presidente sul-africano, Cyril Ramaphosa, classificou como &#8220;lament\u00e1vel&#8221; a decis\u00e3o do governo norte-americano e afirmou que continuar\u00e1 trabalhando por uma boa rela\u00e7\u00e3o entre os dois pa\u00edses.<\/p>\n<p>&#8220;A Presid\u00eancia insta todas as partes interessadas relevantes e impactadas a manterem o decoro diplom\u00e1tico estabelecido em seu envolvimento com o assunto. A \u00c1frica do Sul continua comprometida em construir um relacionamento mutuamente ben\u00e9fico com os Estados Unidos da Am\u00e9rica&#8221;.<\/p>\n<h2>Distanciamento<\/h2>\n<p>Os la\u00e7os entre os Estados Unidos e a \u00c1frica do Sul se deterioraram desde que Trump cortou a ajuda financeira dos EUA ao pa\u00eds, citando a desaprova\u00e7\u00e3o de sua pol\u00edtica fundi\u00e1ria e a <a href=\"https:\/\/agenciabrasil.ebc.com.br\/internacional\/noticia\/2023-12\/africa-do-sul-entra-na-corte-internacional-contra-israel-por-genocidio\" target=\"_blank\" rel=\"noopener\">den\u00fancia de genoc\u00eddio<\/a> apresentada pelo pa\u00eds africano\u00a0contra Israel na Corte Internacional de Justi\u00e7a. Israel \u00e9 um aliado do governo norte-americano.<\/p>\n<p>Trump disse, sem citar provas, que &#8220;a \u00c1frica do Sul est\u00e1 confiscando terras&#8221; e que &#8220;certas classes de pessoas&#8221; est\u00e3o sendo tratadas &#8220;muito mal&#8221;. O bilion\u00e1rio Elon Musk, nascido na \u00c1frica do Sul e integrante do governo Trump, disse que os sul-africanos brancos t\u00eam sido v\u00edtimas de &#8220;leis racistas de propriedade&#8221;.<\/p>\n<p>O presidente sul-africano, Cyril Ramaphosa, <a href=\"https:\/\/www.parliament.gov.za\/storage\/app\/media\/Acts\/2024\/Act_13_of_2024_Expropriation_Act_2024.pdf\" target=\"_blank\" rel=\"noopener\">sancionou um projeto de lei em janeiro<\/a> com o objetivo de possibilitar a expropria\u00e7\u00e3o de\u00a0terras pelo Estado, sob argumento de interesse p\u00fablico; em alguns casos sem compensar o propriet\u00e1rio.<\/p>\n<p>O objetivo da medida seria corrigir a pol\u00edtica de desapropria\u00e7\u00e3o de terras da popula\u00e7\u00e3o negra ocorrida ainda na \u00e9poca do apartheid, regime de segrega\u00e7\u00e3o racial ocorrido entre 1948 e 1994. Mais de 30 anos ap\u00f3s o fim desse regime, a maioria das terras do pa\u00eds ainda pertence a uma minoria branca.<\/p>\n<p>Ramaphosa defendeu a pol\u00edtica e disse que o governo n\u00e3o havia confiscado nenhuma terra. Segundo ele, a pol\u00edtica tinha como objetivo nivelar as disparidades raciais na propriedade de terras na na\u00e7\u00e3o de maioria negra.<\/p>\n<p>*<em> com informa\u00e7\u00f5es da Reuters<\/em><\/p>\n<p>      <!-- Relacionada --><\/p>\n<p>            <!-- Relacionada -->\n    <\/div>\n<p><br \/>\n<br \/><a href=\"https:\/\/agenciabrasil.ebc.com.br\/internacional\/noticia\/2025-03\/eua-declaram-embaixador-da-africa-do-sul-persona-non-grata\" rel=\"noopener\">Ag\u00eancia Brasil <\/a><\/p>\n","protected":false},"excerpt":{"rendered":"<p>O secret\u00e1rio de Estado dos EUA, Marco Rubio, declarou nessa sexta-feira (14) que Ebrahim Rasool, embaixador da \u00c1frica do Sul nos pa\u00eds, \u00e9 persona non grata, chamando o enviado de &#8220;pol\u00edtico que faz ataques raciais&#8221; e que odeia os Estados Unidos e o presidente Donald Trump. &#8220;O embaixador da \u00c1frica do Sul nos Estados Unidos [&hellip;]<\/p>\n","protected":false},"author":1,"featured_media":26879,"comment_status":"open","ping_status":"open","sticky":false,"template":"","format":"standard","meta":{"_jetpack_newsletter_access":"","_jetpack_dont_email_post_to_subs":false,"_jetpack_newsletter_tier_id":0,"_jetpack_memberships_contains_paywalled_content":false,"_mbp_banners":[],"_jetpack_feature_clip_id":0,"_jetpack_memberships_contains_paid_content":false,"footnotes":"","jetpack_publicize_message":"","jetpack_publicize_feature_enabled":true,"jetpack_social_post_already_shared":true,"jetpack_social_options":{"image_generator_settings":{"template":"highway","default_image_id":0,"font":"","enabled":false},"version":2},"jetpack_post_was_ever_published":false},"categories":[25],"tags":[],"class_list":["post-26878","post","type-post","status-publish","format-standard","has-post-thumbnail","category-internacional"],"jetpack_publicize_connections":[],"jetpack-related-posts":[],"jetpack_shortlink":"https:\/\/wp.me\/p7Eq1F-6Zw","jetpack_sharing_enabled":true,"jetpack_featured_media_url":"https:\/\/i0.wp.com\/guialimeira.com.br\/news\/wp-content\/uploads\/2025\/03\/ebrahim_rasool02.jpg?fit=1600%2C800&ssl=1","_links":{"self":[{"href":"https:\/\/guialimeira.com.br\/news\/wp-json\/wp\/v2\/posts\/26878","targetHints":{"allow":["GET"]}}],"collection":[{"href":"https:\/\/guialimeira.com.br\/news\/wp-json\/wp\/v2\/posts"}],"about":[{"href":"https:\/\/guialimeira.com.br\/news\/wp-json\/wp\/v2\/types\/post"}],"author":[{"embeddable":true,"href":"https:\/\/guialimeira.com.br\/news\/wp-json\/wp\/v2\/users\/1"}],"replies":[{"embeddable":true,"href":"https:\/\/guialimeira.com.br\/news\/wp-json\/wp\/v2\/comments?post=26878"}],"version-history":[{"count":0,"href":"https:\/\/guialimeira.com.br\/news\/wp-json\/wp\/v2\/posts\/26878\/revisions"}],"wp:featuredmedia":[{"embeddable":true,"href":"https:\/\/guialimeira.com.br\/news\/wp-json\/wp\/v2\/media\/26879"}],"wp:attachment":[{"href":"https:\/\/guialimeira.com.br\/news\/wp-json\/wp\/v2\/media?parent=26878"}],"wp:term":[{"taxonomy":"category","embeddable":true,"href":"https:\/\/guialimeira.com.br\/news\/wp-json\/wp\/v2\/categories?post=26878"},{"taxonomy":"post_tag","embeddable":true,"href":"https:\/\/guialimeira.com.br\/news\/wp-json\/wp\/v2\/tags?post=26878"}],"curies":[{"name":"wp","href":"https:\/\/api.w.org\/{rel}","templated":true}]}}