{"id":2687,"date":"2024-04-24T22:59:41","date_gmt":"2024-04-25T01:59:41","guid":{"rendered":"https:\/\/guialimeira.com.br\/2024\/04\/24\/radioagencia-nacional-vence-premio-de-jornalismo-do-poder-judiciario\/"},"modified":"2024-04-24T22:59:41","modified_gmt":"2024-04-25T01:59:41","slug":"radioagencia-nacional-vence-premio-de-jornalismo-do-poder-judiciario","status":"publish","type":"post","link":"https:\/\/guialimeira.com.br\/news\/radioagencia-nacional-vence-premio-de-jornalismo-do-poder-judiciario\/","title":{"rendered":"Radioag\u00eancia Nacional vence Pr\u00eamio de Jornalismo do Poder Judici\u00e1rio"},"content":{"rendered":"<p> <br \/>\n<\/p>\n<div>\n<p>A s\u00e9rie de reportagens\u00a0<a href=\"https:\/\/agenciabrasil.ebc.com.br\/radioagencia-nacional\/tags\/75-anos-da-declaracao-universal-dos-direitos-humanos\" target=\"_blank\" rel=\"noopener\"><em>Declara\u00e7\u00e3o Universal dos Direitos Humanos<\/em><\/a>, <strong>da\u00a0Radioag\u00eancia Nacional, da Empresa Brasil de Comunica\u00e7\u00e3o (EBC),<\/strong> foi a vencedora na categoria jornalismo de \u00e1udio no eixo 3 do I Pr\u00eamio Nacional de Jornalismo do Poder Judici\u00e1rio \u2013 35 anos da Constitui\u00e7\u00e3o Cidad\u00e3.\u00a0A premia\u00e7\u00e3o foi entregue nesta quarta-feira (24), no Superior Tribunal de Justi\u00e7a (STJ), em Bras\u00edlia.<img data-recalc-dims=\"1\" decoding=\"async\" src=\"https:\/\/i0.wp.com\/agenciabrasil.ebc.com.br\/ebc.png?w=696&#038;ssl=1\" style=\"width:1px; height:1px; display:inline;\"\/><img data-recalc-dims=\"1\" decoding=\"async\" src=\"https:\/\/i0.wp.com\/agenciabrasil.ebc.com.br\/ebc.gif?w=696&#038;ssl=1\" style=\"width:1px; height:1px; display:inline;\"\/><\/p>\n<div class=\"dnd-widget-wrapper context-grande_6colunas type-image atom-align-left\">\n<div class=\"dnd-atom-rendered\"><!-- scald=382362:grande_6colunas {\"additionalClasses\":\"\"} --><\/p>\n<div class=\"shadow overflow-hidden rounded-lg d-block w-100\">\n            <img data-recalc-dims=\"1\" decoding=\"async\" src=\"https:\/\/i0.wp.com\/agenciabrasil.ebc.com.br\/sites\/default\/files\/thumbnails\/image\/loading_v2.gif?w=696&#038;ssl=1\" data-echo=\"https:\/\/imagens.ebc.com.br\/06P45aWqcO77QscuoAGf-elxRDg=\/463x0\/smart\/https:\/\/agenciabrasil.ebc.com.br\/sites\/default\/files\/thumbnails\/image\/2024\/04\/24\/vac_abr2404246552.jpg?itok=YziUxfMB\" alt=\"Bras\u00edlia, (DF) - 24\/04\/2024 - EBC recebe pr\u00eamio no STJ, no Jornalismo. Foto Valter Campanato\/Ag\u00eancia Brasil.\" title=\"Valter Campanato\/Ag\u00eancia Brasil\" class=\"flex-fill img-cover\"\/><br \/>\n        <img data-recalc-dims=\"1\" decoding=\"async\" src=\"https:\/\/i0.wp.com\/imagens.ebc.com.br\/06P45aWqcO77QscuoAGf-elxRDg%3D\/463x0\/smart\/https%3A\/\/agenciabrasil.ebc.com.br\/sites\/default\/files\/thumbnails\/image\/2024\/04\/24\/vac_abr2404246552.jpg?w=696&#038;ssl=1\" alt=\"Bras\u00edlia, (DF) - 24\/04\/2024 - EBC recebe pr\u00eamio no STJ, no Jornalismo. Foto Valter Campanato\/Ag\u00eancia Brasil.\" title=\"Valter Campanato\/Ag\u00eancia Brasil\" class=\"flex-fill img-cover\"\/>\n    <\/div>\n<p><!-- END scald=382362 --><\/div>\n<p><h6 class=\"meta\">Jornalista Beatriz Arcoverde, representando a\u00a0<strong>Radioag\u00eancia Nacional<\/strong>, recebe o pr\u00eamio de jornalismo do Judici\u00e1rio. <strong>Foto: Valter Campanato\/Ag\u00eancia Brasil<\/strong><!--END copyright=382362--><\/h6>\n<\/p>\n<\/div>\n<p>De autoria de Eliane Pereira Gon\u00e7alves e equipe, a s\u00e9rie aborda os 75 anos da Declara\u00e7\u00e3o Universal dos Direitos Humanos, completados em 2023, e como est\u00e1 sendo aplicada. O\u00a0pr\u00eamio \u00e9 dividido em cinco eixos, relacionados a diferentes tribunais superiores. O trabalho da <strong>Radioag\u00eancia Nacional<\/strong> foi premiado no eixo 3, do Superior Tribunal de Justi\u00e7a.\u00a0<\/p>\n<p>Na cerim\u00f4nia, o presidente do Supremo Tribunal Federal (STF), Lu\u00eds Roberto Barroso, destacou o importante papel dos ve\u00edculos de comunica\u00e7\u00e3o no combate \u00e0 desinforma\u00e7\u00e3o, aos discursos de \u00f3dio e teorias conspirat\u00f3rias. &#8220;N\u00f3s nunca precisamos tanto da imprensa como n\u00f3s estamos precisando agora&#8221;, disse.\u00a0<\/p>\n<p>A <strong>EBC<\/strong>\u00a0foi finalista em outras categorias, com quatro epis\u00f3dios\u00a0do programa <em>Caminhos da Reportagem, <\/em>da<em> <\/em><strong>TV Brasil<\/strong>,<strong> <\/strong>e\u00a0um especial\u00a0da\u00a0<strong>R\u00e1dio Nacional de Bras\u00edlia.<\/strong><\/p>\n<p>Ao todo, foram 261 trabalhos inscritos nas categorias dispon\u00edveis. As comiss\u00f5es julgadoras, constitu\u00eddas pelos tribunais, foram compostas por ministros, juristas especializados e profissionais da imprensa.\u00a0<\/p>\n<p>O pr\u00eamio \u00e9 uma a\u00e7\u00e3o conjunta do Supremo Tribunal Federal (STF), do Tribunal Superior Eleitoral (TSE), do Superior Tribunal de Justi\u00e7a (STJ), do Tribunal Superior do Trabalho (TST) e do Superior Tribunal Militar (STM) para celebrar o 35\u00ba anivers\u00e1rio da Constitui\u00e7\u00e3o Federal de 1988 (comemorado em 5 de outubro do ano passado) e promover uma reflex\u00e3o sobre os direitos que ela assegurou.<\/p>\n<\/p><\/div>\n<p><br \/>\n<br \/><a href=\"https:\/\/agenciabrasil.ebc.com.br\/geral\/noticia\/2024-04\/radioagencia-nacional-vence-premio-de-jornalismo-do-poder-judiciario\" rel=\"noopener\">Ag\u00eancia Brasil<\/a><\/p>\n","protected":false},"excerpt":{"rendered":"<p>A s\u00e9rie de reportagens\u00a0Declara\u00e7\u00e3o Universal dos Direitos Humanos, da\u00a0Radioag\u00eancia Nacional, da Empresa Brasil de Comunica\u00e7\u00e3o (EBC), foi a vencedora na categoria jornalismo de \u00e1udio no eixo 3 do I Pr\u00eamio Nacional de Jornalismo do Poder Judici\u00e1rio \u2013 35 anos da Constitui\u00e7\u00e3o Cidad\u00e3.\u00a0A premia\u00e7\u00e3o foi entregue nesta quarta-feira (24), no Superior Tribunal de Justi\u00e7a (STJ), em [&hellip;]<\/p>\n","protected":false},"author":1,"featured_media":2688,"comment_status":"open","ping_status":"open","sticky":false,"template":"","format":"standard","meta":{"_jetpack_newsletter_access":"","_jetpack_dont_email_post_to_subs":false,"_jetpack_newsletter_tier_id":0,"_jetpack_memberships_contains_paywalled_content":false,"_mbp_banners":[],"_jetpack_feature_clip_id":0,"_jetpack_memberships_contains_paid_content":false,"footnotes":"","jetpack_publicize_message":"","jetpack_publicize_feature_enabled":true,"jetpack_social_post_already_shared":true,"jetpack_social_options":{"image_generator_settings":{"template":"highway","default_image_id":0,"font":"","enabled":false},"version":2},"jetpack_post_was_ever_published":false},"categories":[1],"tags":[],"class_list":["post-2687","post","type-post","status-publish","format-standard","has-post-thumbnail","category-geral"],"jetpack_publicize_connections":[],"jetpack-related-posts":[],"jetpack_shortlink":"https:\/\/wp.me\/p7Eq1F-Hl","jetpack_sharing_enabled":true,"jetpack_featured_media_url":"https:\/\/i0.wp.com\/guialimeira.com.br\/news\/wp-content\/uploads\/2024\/04\/vac_abr2404246551.jpg?fit=1600%2C800&ssl=1","_links":{"self":[{"href":"https:\/\/guialimeira.com.br\/news\/wp-json\/wp\/v2\/posts\/2687","targetHints":{"allow":["GET"]}}],"collection":[{"href":"https:\/\/guialimeira.com.br\/news\/wp-json\/wp\/v2\/posts"}],"about":[{"href":"https:\/\/guialimeira.com.br\/news\/wp-json\/wp\/v2\/types\/post"}],"author":[{"embeddable":true,"href":"https:\/\/guialimeira.com.br\/news\/wp-json\/wp\/v2\/users\/1"}],"replies":[{"embeddable":true,"href":"https:\/\/guialimeira.com.br\/news\/wp-json\/wp\/v2\/comments?post=2687"}],"version-history":[{"count":0,"href":"https:\/\/guialimeira.com.br\/news\/wp-json\/wp\/v2\/posts\/2687\/revisions"}],"wp:featuredmedia":[{"embeddable":true,"href":"https:\/\/guialimeira.com.br\/news\/wp-json\/wp\/v2\/media\/2688"}],"wp:attachment":[{"href":"https:\/\/guialimeira.com.br\/news\/wp-json\/wp\/v2\/media?parent=2687"}],"wp:term":[{"taxonomy":"category","embeddable":true,"href":"https:\/\/guialimeira.com.br\/news\/wp-json\/wp\/v2\/categories?post=2687"},{"taxonomy":"post_tag","embeddable":true,"href":"https:\/\/guialimeira.com.br\/news\/wp-json\/wp\/v2\/tags?post=2687"}],"curies":[{"name":"wp","href":"https:\/\/api.w.org\/{rel}","templated":true}]}}