{"id":2685,"date":"2024-04-24T22:41:42","date_gmt":"2024-04-25T01:41:42","guid":{"rendered":"https:\/\/guialimeira.com.br\/2024\/04\/24\/distribuicao-das-cestas-basicas-para-os-servidores-publicos-comeca-no-dia-29-04-portal-do-municipio-de-piracicaba\/"},"modified":"2024-04-24T22:41:42","modified_gmt":"2024-04-25T01:41:42","slug":"distribuicao-das-cestas-basicas-para-os-servidores-publicos-comeca-no-dia-29-04-portal-do-municipio-de-piracicaba","status":"publish","type":"post","link":"https:\/\/guialimeira.com.br\/news\/distribuicao-das-cestas-basicas-para-os-servidores-publicos-comeca-no-dia-29-04-portal-do-municipio-de-piracicaba\/","title":{"rendered":"Distribui\u00e7\u00e3o das cestas b\u00e1sicas para os servidores p\u00fablicos come\u00e7a no dia 29\/04 \u2013 Portal do Munic\u00edpio de Piracicaba"},"content":{"rendered":"<p> <br \/>\n<\/p>\n<div itemprop=\"articleBody\">\n<div class=\"m-auto col-lg-8\">\n<figure class=\"wp-block-image size-large\"><img data-recalc-dims=\"1\" fetchpriority=\"high\" decoding=\"async\" width=\"696\" height=\"392\" src=\"https:\/\/i0.wp.com\/piracicaba.sp.gov.br\/wp-content\/uploads\/2024\/04\/Fachada-da-Prefeitura-Municipal-de-Piracicaba-1024x576.jpg?resize=696%2C392&#038;ssl=1\" alt=\"Fachada do pr\u00e9dio do Centro C\u00edvico da Prefeitura de Piracicaba.\" class=\"wp-image-77777\" srcset=\"https:\/\/piracicaba.sp.gov.br\/wp-content\/uploads\/2024\/04\/Fachada-da-Prefeitura-Municipal-de-Piracicaba-1024x576.jpg 1024w, https:\/\/piracicaba.sp.gov.br\/wp-content\/uploads\/2024\/04\/Fachada-da-Prefeitura-Municipal-de-Piracicaba-300x169.jpg 300w, https:\/\/piracicaba.sp.gov.br\/wp-content\/uploads\/2024\/04\/Fachada-da-Prefeitura-Municipal-de-Piracicaba-768x432.jpg 768w, https:\/\/piracicaba.sp.gov.br\/wp-content\/uploads\/2024\/04\/Fachada-da-Prefeitura-Municipal-de-Piracicaba-1536x864.jpg 1536w, https:\/\/piracicaba.sp.gov.br\/wp-content\/uploads\/2024\/04\/Fachada-da-Prefeitura-Municipal-de-Piracicaba.jpg 2000w\" sizes=\"(max-width: 1024px) 100vw, 1024px\"\/><figcaption class=\"wp-element-caption\"><strong><sup>Fachada da Prefeitura Municipal de Piracicaba<\/sup><\/strong><\/figcaption><\/figure>\n<p>A Prefeitura publicou hoje, 24\/04, no Di\u00e1rio Oficial do Munic\u00edpio, o contrato emergencial para aquisi\u00e7\u00e3o de cestas b\u00e1sicas para os servidores municipais. A contrata\u00e7\u00e3o \u00e9 para nove meses ou at\u00e9 a conclus\u00e3o do preg\u00e3o eletr\u00f4nico\u00a0571\/2023.\u00a0Segundo a Secretaria Municipal de Administra\u00e7\u00e3o (Semad), o servidor poder\u00e1 usar o mesmo cart\u00e3o que j\u00e1 tem em m\u00e3os, usado para a retirada das cestas entregues em janeiro, fevereiro e mar\u00e7o.<\/p>\n<p>A distribui\u00e7\u00e3o das cestas para os servidores ativos,\u00a0inativos e pensionistas\u00a0no m\u00eas de abril ser\u00e1 do dia 29\/04 a 14\/05.\u00a0Para saber as datas dos demais meses \u00e9 s\u00f3 consultar o calend\u00e1rio dispon\u00edvel no site da Prefeitura: piracicaba.sp.gov.br.<\/p>\n<p>A retirada \u00e9 feita na rua Jos\u00e9 Pinto de Almeida, 1.636, pr\u00f3ximo ao Terminal Rodovi\u00e1rio Intermunicipal (TRI).<\/p>\n<\/p><\/div>\n<\/p><\/div>\n<p><br \/>\n<br \/><a href=\"https:\/\/piracicaba.sp.gov.br\/noticias\/distribuicao-das-cestas-basicas-para-os-servidores-publicos-comeca-no-dia-29-04\/\" rel=\"noopener\">Informa\u00e7\u00f5es PMP <\/a><\/p>\n","protected":false},"excerpt":{"rendered":"<p>Fachada da Prefeitura Municipal de Piracicaba A Prefeitura publicou hoje, 24\/04, no Di\u00e1rio Oficial do Munic\u00edpio, o contrato emergencial para aquisi\u00e7\u00e3o de cestas b\u00e1sicas para os servidores municipais. A contrata\u00e7\u00e3o \u00e9 para nove meses ou at\u00e9 a conclus\u00e3o do preg\u00e3o eletr\u00f4nico\u00a0571\/2023.\u00a0Segundo a Secretaria Municipal de Administra\u00e7\u00e3o (Semad), o servidor poder\u00e1 usar o mesmo cart\u00e3o que [&hellip;]<\/p>\n","protected":false},"author":1,"featured_media":2686,"comment_status":"open","ping_status":"open","sticky":false,"template":"","format":"standard","meta":{"_jetpack_newsletter_access":"","_jetpack_dont_email_post_to_subs":false,"_jetpack_newsletter_tier_id":0,"_jetpack_memberships_contains_paywalled_content":false,"_mbp_banners":[],"_jetpack_feature_clip_id":0,"_jetpack_memberships_contains_paid_content":false,"footnotes":"","jetpack_publicize_message":"","jetpack_publicize_feature_enabled":true,"jetpack_social_post_already_shared":true,"jetpack_social_options":{"image_generator_settings":{"template":"highway","default_image_id":0,"font":"","enabled":false},"version":2},"jetpack_post_was_ever_published":false},"categories":[20],"tags":[],"class_list":["post-2685","post","type-post","status-publish","format-standard","has-post-thumbnail","category-regiao"],"jetpack_publicize_connections":[],"jetpack-related-posts":[],"jetpack_shortlink":"https:\/\/wp.me\/p7Eq1F-Hj","jetpack_sharing_enabled":true,"jetpack_featured_media_url":"https:\/\/i0.wp.com\/guialimeira.com.br\/news\/wp-content\/uploads\/2024\/04\/Fachada-da-Prefeitura-Municipal-de-Piracicaba-1024x576.jpg?fit=1024%2C576&ssl=1","_links":{"self":[{"href":"https:\/\/guialimeira.com.br\/news\/wp-json\/wp\/v2\/posts\/2685","targetHints":{"allow":["GET"]}}],"collection":[{"href":"https:\/\/guialimeira.com.br\/news\/wp-json\/wp\/v2\/posts"}],"about":[{"href":"https:\/\/guialimeira.com.br\/news\/wp-json\/wp\/v2\/types\/post"}],"author":[{"embeddable":true,"href":"https:\/\/guialimeira.com.br\/news\/wp-json\/wp\/v2\/users\/1"}],"replies":[{"embeddable":true,"href":"https:\/\/guialimeira.com.br\/news\/wp-json\/wp\/v2\/comments?post=2685"}],"version-history":[{"count":0,"href":"https:\/\/guialimeira.com.br\/news\/wp-json\/wp\/v2\/posts\/2685\/revisions"}],"wp:featuredmedia":[{"embeddable":true,"href":"https:\/\/guialimeira.com.br\/news\/wp-json\/wp\/v2\/media\/2686"}],"wp:attachment":[{"href":"https:\/\/guialimeira.com.br\/news\/wp-json\/wp\/v2\/media?parent=2685"}],"wp:term":[{"taxonomy":"category","embeddable":true,"href":"https:\/\/guialimeira.com.br\/news\/wp-json\/wp\/v2\/categories?post=2685"},{"taxonomy":"post_tag","embeddable":true,"href":"https:\/\/guialimeira.com.br\/news\/wp-json\/wp\/v2\/tags?post=2685"}],"curies":[{"name":"wp","href":"https:\/\/api.w.org\/{rel}","templated":true}]}}