{"id":26830,"date":"2025-03-14T20:13:09","date_gmt":"2025-03-14T23:13:09","guid":{"rendered":"https:\/\/guialimeira.com.br\/?p=26830"},"modified":"2025-03-14T20:13:12","modified_gmt":"2025-03-14T23:13:12","slug":"vereador-marcio-do-estacionamento-propoe-programa-de-coleta-seletiva-de-residuos-eletronicos-em-limeira","status":"publish","type":"post","link":"https:\/\/guialimeira.com.br\/news\/vereador-marcio-do-estacionamento-propoe-programa-de-coleta-seletiva-de-residuos-eletronicos-em-limeira\/","title":{"rendered":"Vereador M\u00e1rcio do Estacionamento prop\u00f5e programa de coleta seletiva de res\u00edduos eletr\u00f4nicos em Limeira"},"content":{"rendered":"\n<p class=\"wp-block-paragraph\">A destina\u00e7\u00e3o correta do lixo eletr\u00f4nico \u00e9 um dos grandes desafios ambientais da atualidade. Para enfrentar esse problema, o vereador <strong>M\u00e1rcio dos Santos Vidal (DC)<\/strong> prop\u00f4s a cria\u00e7\u00e3o do <strong>Programa de Coleta Seletiva Cont\u00ednua de Res\u00edduos Eletr\u00f4nicos e Tecnol\u00f3gicos<\/strong>. O projeto de lei estabelece diretrizes para o descarte adequado desses materiais, promovendo a conscientiza\u00e7\u00e3o da popula\u00e7\u00e3o e a responsabilidade compartilhada entre consumidores, comerciantes e prestadores de servi\u00e7o.<\/p>\n\n\n\n<h2 class=\"wp-block-heading\"><strong>O que s\u00e3o res\u00edduos eletr\u00f4nicos e tecnol\u00f3gicos?<\/strong><\/h2>\n\n\n\n<p class=\"wp-block-paragraph\">Os res\u00edduos eletr\u00f4nicos e tecnol\u00f3gicos abrangem uma ampla variedade de equipamentos descartados, incluindo:<\/p>\n\n\n\n<ul class=\"wp-block-list\">\n<li><strong>Pilhas e baterias<\/strong> (port\u00e1teis, automotivas e industriais);<\/li>\n\n\n\n<li><strong>Aparelhos eletr\u00f4nicos pessoais e profissionais<\/strong>, como celulares, computadores, televisores e eletrodom\u00e9sticos que contenham metais pesados;<\/li>\n\n\n\n<li><strong>L\u00e2mpadas com merc\u00fario<\/strong>, como fluorescentes e de vapor met\u00e1lico;<\/li>\n\n\n\n<li><strong>Equipamentos hospitalares e laboratoriais em desuso<\/strong>.<\/li>\n<\/ul>\n\n\n\n<h2 class=\"wp-block-heading\"><strong>Como funcionar\u00e1 o programa de coleta?<\/strong><\/h2>\n\n\n\n<p class=\"wp-block-paragraph\">A proposta determina que <strong>estabelecimentos comerciais<\/strong> que vendem produtos eletr\u00f4nicos, assim como prestadores de servi\u00e7os e assist\u00eancias t\u00e9cnicas, <strong>devam instalar pontos de coleta<\/strong> para que os consumidores possam descartar corretamente seus aparelhos usados.<\/p>\n\n\n\n<p class=\"wp-block-paragraph\">Esses pontos dever\u00e3o:<\/p>\n\n\n\n<p class=\"wp-block-paragraph\">\u2705 Estar em locais vis\u00edveis dentro dos estabelecimentos;<br>\u2705 Conter mensagens de alerta sobre os riscos do descarte inadequado;<br>\u2705 Assegurar o armazenamento correto at\u00e9 o encaminhamento para reciclagem ou descarte apropriado.<\/p>\n\n\n\n<p class=\"wp-block-paragraph\">Al\u00e9m disso, o projeto prev\u00ea <strong>campanhas peri\u00f3dicas de conscientiza\u00e7\u00e3o<\/strong> promovidas pelo poder p\u00fablico, utilizando diversos canais de comunica\u00e7\u00e3o para informar a popula\u00e7\u00e3o sobre a import\u00e2ncia da destina\u00e7\u00e3o correta desses res\u00edduos.<\/p>\n\n\n\n<h2 class=\"wp-block-heading\"><strong>Por que esse projeto \u00e9 importante?<\/strong><\/h2>\n\n\n\n<p class=\"wp-block-paragraph\">O descarte irregular de lixo eletr\u00f4nico representa uma <strong>grave amea\u00e7a ambiental e \u00e0 sa\u00fade p\u00fablica<\/strong>. Materiais como chumbo, merc\u00fario e c\u00e1dmio podem contaminar o solo, a \u00e1gua e o ar, colocando em risco a fauna, a flora e a popula\u00e7\u00e3o.<\/p>\n\n\n\n<p class=\"wp-block-paragraph\">A proposta do vereador <strong>M\u00e1rcio dos Santos Vidal<\/strong> busca <strong>alinhar Limeira \u00e0s diretrizes nacionais de gest\u00e3o de res\u00edduos s\u00f3lidos<\/strong>, conforme estabelecido pela <strong>Lei Federal n\u00ba 12.305\/2010<\/strong> e pela <strong>Resolu\u00e7\u00e3o Conama 401\/2008<\/strong>. Al\u00e9m disso, refor\u00e7a o compromisso do munic\u00edpio com um modelo de <strong>desenvolvimento sustent\u00e1vel<\/strong> e de <strong>educa\u00e7\u00e3o ambiental<\/strong>, conscientizando a popula\u00e7\u00e3o sobre a responsabilidade no descarte correto de eletr\u00f4nicos.<\/p>\n\n\n\n<h2 class=\"wp-block-heading\">A implementa\u00e7\u00e3o desse programa pode transformar Limeira em <strong>refer\u00eancia na gest\u00e3o de res\u00edduos eletr\u00f4nicos<\/strong>, promovendo uma cidade mais limpa e sustent\u00e1vel. O envolvimento da sociedade, das empresas e do poder p\u00fablico ser\u00e1 essencial para garantir o sucesso dessa iniciativa.<\/h2>\n\n\n\n<p class=\"wp-block-paragraph\">A proposta agora aguarda an\u00e1lise e vota\u00e7\u00e3o na C\u00e2mara Municipal. Voc\u00ea acha importante a cria\u00e7\u00e3o desse programa? Deixe sua opini\u00e3o nos coment\u00e1rios!<\/p>\n","protected":false},"excerpt":{"rendered":"<p>A destina\u00e7\u00e3o correta do lixo eletr\u00f4nico \u00e9 um dos grandes desafios ambientais da atualidade. Para enfrentar esse problema, o vereador M\u00e1rcio dos Santos Vidal (DC) prop\u00f4s a cria\u00e7\u00e3o do Programa de Coleta Seletiva Cont\u00ednua de Res\u00edduos Eletr\u00f4nicos e Tecnol\u00f3gicos. O projeto de lei estabelece diretrizes para o descarte adequado desses materiais, promovendo a conscientiza\u00e7\u00e3o da [&hellip;]<\/p>\n","protected":false},"author":1,"featured_media":26831,"comment_status":"open","ping_status":"open","sticky":false,"template":"","format":"standard","meta":{"_jetpack_newsletter_access":"","_jetpack_dont_email_post_to_subs":false,"_jetpack_newsletter_tier_id":0,"_jetpack_memberships_contains_paywalled_content":false,"_mbp_banners":[],"_jetpack_feature_clip_id":0,"_jetpack_memberships_contains_paid_content":false,"footnotes":"","jetpack_publicize_message":"","jetpack_publicize_feature_enabled":true,"jetpack_social_post_already_shared":true,"jetpack_social_options":{"image_generator_settings":{"template":"highway","default_image_id":0,"font":"","enabled":false},"version":2},"jetpack_post_was_ever_published":false},"categories":[19],"tags":[],"class_list":["post-26830","post","type-post","status-publish","format-standard","has-post-thumbnail","category-politica"],"jetpack_publicize_connections":[],"jetpack-related-posts":[],"jetpack_shortlink":"https:\/\/wp.me\/p7Eq1F-6YK","jetpack_sharing_enabled":true,"jetpack_featured_media_url":"https:\/\/i0.wp.com\/guialimeira.com.br\/news\/wp-content\/uploads\/2025\/03\/lixo-eletronico-1.jpg?fit=1000%2C675&ssl=1","_links":{"self":[{"href":"https:\/\/guialimeira.com.br\/news\/wp-json\/wp\/v2\/posts\/26830","targetHints":{"allow":["GET"]}}],"collection":[{"href":"https:\/\/guialimeira.com.br\/news\/wp-json\/wp\/v2\/posts"}],"about":[{"href":"https:\/\/guialimeira.com.br\/news\/wp-json\/wp\/v2\/types\/post"}],"author":[{"embeddable":true,"href":"https:\/\/guialimeira.com.br\/news\/wp-json\/wp\/v2\/users\/1"}],"replies":[{"embeddable":true,"href":"https:\/\/guialimeira.com.br\/news\/wp-json\/wp\/v2\/comments?post=26830"}],"version-history":[{"count":1,"href":"https:\/\/guialimeira.com.br\/news\/wp-json\/wp\/v2\/posts\/26830\/revisions"}],"predecessor-version":[{"id":26832,"href":"https:\/\/guialimeira.com.br\/news\/wp-json\/wp\/v2\/posts\/26830\/revisions\/26832"}],"wp:featuredmedia":[{"embeddable":true,"href":"https:\/\/guialimeira.com.br\/news\/wp-json\/wp\/v2\/media\/26831"}],"wp:attachment":[{"href":"https:\/\/guialimeira.com.br\/news\/wp-json\/wp\/v2\/media?parent=26830"}],"wp:term":[{"taxonomy":"category","embeddable":true,"href":"https:\/\/guialimeira.com.br\/news\/wp-json\/wp\/v2\/categories?post=26830"},{"taxonomy":"post_tag","embeddable":true,"href":"https:\/\/guialimeira.com.br\/news\/wp-json\/wp\/v2\/tags?post=26830"}],"curies":[{"name":"wp","href":"https:\/\/api.w.org\/{rel}","templated":true}]}}