{"id":26816,"date":"2025-03-14T21:21:00","date_gmt":"2025-03-15T00:21:00","guid":{"rendered":"https:\/\/guialimeira.com.br\/?p=26816"},"modified":"2025-03-14T19:25:07","modified_gmt":"2025-03-14T22:25:07","slug":"vereadora-mariana-calsa-solicita-informacoes-sobre-a-coleta-seletiva-em-limeira","status":"publish","type":"post","link":"https:\/\/guialimeira.com.br\/news\/vereadora-mariana-calsa-solicita-informacoes-sobre-a-coleta-seletiva-em-limeira\/","title":{"rendered":"Vereadora Mariana Calsa solicita informa\u00e7\u00f5es sobre a coleta seletiva em Limeira"},"content":{"rendered":"\n<p class=\"wp-block-paragraph\">A vereadora <strong>Mariana Calsa<\/strong> protocolou um requerimento solicitando esclarecimentos ao Poder Executivo sobre o funcionamento da <strong>coleta seletiva em Limeira<\/strong>. A iniciativa busca garantir <strong>transpar\u00eancia na presta\u00e7\u00e3o do servi\u00e7o e melhorias na destina\u00e7\u00e3o dos res\u00edduos recicl\u00e1veis<\/strong>.<\/p>\n\n\n\n<p class=\"wp-block-paragraph\">Entre os principais questionamentos feitos \u00e0 Prefeitura, destacam-se:<\/p>\n\n\n\n<p class=\"wp-block-paragraph\">\u2705 <strong>Qual empresa \u00e9 respons\u00e1vel pela coleta seletiva e pela destina\u00e7\u00e3o correta do material recicl\u00e1vel?<\/strong><br>\u2705 <strong>Quantos caminh\u00f5es est\u00e3o em opera\u00e7\u00e3o para atender os bairros?<\/strong><br>\u2705 <strong>Todos os bairros s\u00e3o contemplados pelo servi\u00e7o? Caso contr\u00e1rio, h\u00e1 previs\u00e3o de expans\u00e3o?<\/strong><br>\u2705 <strong>Quais bairros s\u00e3o atendidos e quais os dias da coleta seletiva?<\/strong><\/p>\n\n\n\n<h2 class=\"wp-block-heading\"><strong>Import\u00e2ncia da coleta seletiva<\/strong><\/h2>\n\n\n\n<p class=\"wp-block-paragraph\">A coleta seletiva \u00e9 essencial para a <strong>gest\u00e3o sustent\u00e1vel dos res\u00edduos s\u00f3lidos urbanos<\/strong>, contribuindo para a preserva\u00e7\u00e3o ambiental, a sa\u00fade p\u00fablica e a qualidade de vida da popula\u00e7\u00e3o. No entanto, <strong>\u00e9 fundamental que o servi\u00e7o funcione de forma eficiente<\/strong>, garantindo a destina\u00e7\u00e3o adequada dos materiais recicl\u00e1veis.<\/p>\n\n\n\n<p class=\"wp-block-paragraph\">Diante da relev\u00e2ncia do tema, a vereadora Mariana Calsa refor\u00e7a a necessidade de conhecer <strong>detalhes sobre a empresa respons\u00e1vel, a frota dispon\u00edvel e o cumprimento das obriga\u00e7\u00f5es contratuais<\/strong>. Essas informa\u00e7\u00f5es s\u00e3o fundamentais para que a popula\u00e7\u00e3o possa acompanhar e fiscalizar a presta\u00e7\u00e3o do servi\u00e7o.<\/p>\n\n\n\n<h2 class=\"wp-block-heading\"><strong>Transpar\u00eancia e efici\u00eancia na gest\u00e3o p\u00fablica<\/strong><\/h2>\n\n\n\n<p class=\"wp-block-paragraph\">O requerimento tem como objetivo assegurar que a <strong>coleta seletiva em Limeira ocorra de maneira regular e eficiente<\/strong>, garantindo que todos os bairros tenham acesso ao servi\u00e7o. Al\u00e9m disso, busca <strong>refor\u00e7ar o compromisso da administra\u00e7\u00e3o municipal com a transpar\u00eancia na gest\u00e3o dos res\u00edduos recicl\u00e1veis<\/strong>.<\/p>\n\n\n\n<p class=\"wp-block-paragraph\">Acompanhe nosso portal para mais atualiza\u00e7\u00f5es sobre esse e outros temas importantes para a cidade!<\/p>\n","protected":false},"excerpt":{"rendered":"<p>A vereadora Mariana Calsa protocolou um requerimento solicitando esclarecimentos ao Poder Executivo sobre o funcionamento da coleta seletiva em Limeira. A iniciativa busca garantir transpar\u00eancia na presta\u00e7\u00e3o do servi\u00e7o e melhorias na destina\u00e7\u00e3o dos res\u00edduos recicl\u00e1veis. Entre os principais questionamentos feitos \u00e0 Prefeitura, destacam-se: \u2705 Qual empresa \u00e9 respons\u00e1vel pela coleta seletiva e pela destina\u00e7\u00e3o [&hellip;]<\/p>\n","protected":false},"author":1,"featured_media":26817,"comment_status":"open","ping_status":"open","sticky":false,"template":"","format":"standard","meta":{"_jetpack_newsletter_access":"","_jetpack_dont_email_post_to_subs":false,"_jetpack_newsletter_tier_id":0,"_jetpack_memberships_contains_paywalled_content":false,"_mbp_banners":[],"_jetpack_feature_clip_id":0,"_jetpack_memberships_contains_paid_content":false,"footnotes":"","jetpack_publicize_message":"","jetpack_publicize_feature_enabled":true,"jetpack_social_post_already_shared":true,"jetpack_social_options":{"image_generator_settings":{"template":"highway","default_image_id":0,"font":"","enabled":false},"version":2},"jetpack_post_was_ever_published":false},"categories":[19],"tags":[],"class_list":["post-26816","post","type-post","status-publish","format-standard","has-post-thumbnail","category-politica"],"jetpack_publicize_connections":[],"jetpack-related-posts":[],"jetpack_shortlink":"https:\/\/wp.me\/p7Eq1F-6Yw","jetpack_sharing_enabled":true,"jetpack_featured_media_url":"https:\/\/i0.wp.com\/guialimeira.com.br\/news\/wp-content\/uploads\/2025\/03\/Reciclar-por-conta-propria-pode-gerar-renda.png?fit=1920%2C1229&ssl=1","_links":{"self":[{"href":"https:\/\/guialimeira.com.br\/news\/wp-json\/wp\/v2\/posts\/26816","targetHints":{"allow":["GET"]}}],"collection":[{"href":"https:\/\/guialimeira.com.br\/news\/wp-json\/wp\/v2\/posts"}],"about":[{"href":"https:\/\/guialimeira.com.br\/news\/wp-json\/wp\/v2\/types\/post"}],"author":[{"embeddable":true,"href":"https:\/\/guialimeira.com.br\/news\/wp-json\/wp\/v2\/users\/1"}],"replies":[{"embeddable":true,"href":"https:\/\/guialimeira.com.br\/news\/wp-json\/wp\/v2\/comments?post=26816"}],"version-history":[{"count":1,"href":"https:\/\/guialimeira.com.br\/news\/wp-json\/wp\/v2\/posts\/26816\/revisions"}],"predecessor-version":[{"id":26818,"href":"https:\/\/guialimeira.com.br\/news\/wp-json\/wp\/v2\/posts\/26816\/revisions\/26818"}],"wp:featuredmedia":[{"embeddable":true,"href":"https:\/\/guialimeira.com.br\/news\/wp-json\/wp\/v2\/media\/26817"}],"wp:attachment":[{"href":"https:\/\/guialimeira.com.br\/news\/wp-json\/wp\/v2\/media?parent=26816"}],"wp:term":[{"taxonomy":"category","embeddable":true,"href":"https:\/\/guialimeira.com.br\/news\/wp-json\/wp\/v2\/categories?post=26816"},{"taxonomy":"post_tag","embeddable":true,"href":"https:\/\/guialimeira.com.br\/news\/wp-json\/wp\/v2\/tags?post=26816"}],"curies":[{"name":"wp","href":"https:\/\/api.w.org\/{rel}","templated":true}]}}