{"id":26813,"date":"2025-03-14T19:17:47","date_gmt":"2025-03-14T22:17:47","guid":{"rendered":"https:\/\/guialimeira.com.br\/?p=26813"},"modified":"2025-03-14T19:17:49","modified_gmt":"2025-03-14T22:17:49","slug":"vereadora-lu-bogo-solicita-informacoes-sobre-a-fila-unica-para-creche","status":"publish","type":"post","link":"https:\/\/guialimeira.com.br\/news\/vereadora-lu-bogo-solicita-informacoes-sobre-a-fila-unica-para-creche\/","title":{"rendered":"Vereadora Lu Bogo solicita informa\u00e7\u00f5es sobre a fila \u00fanica para creche"},"content":{"rendered":"\n<p class=\"wp-block-paragraph\">A vereadora <strong>Lu Bogo (PL)<\/strong> protocolou um requerimento \u00e0 Prefeitura Municipal solicitando esclarecimentos sobre o funcionamento da <strong>fila \u00fanica para creche<\/strong>. A demanda surgiu ap\u00f3s diversas m\u00e3es relatarem dificuldades no acesso \u00e0s vagas, especialmente quando recusam uma matr\u00edcula por conta da dist\u00e2ncia da unidade escolar em rela\u00e7\u00e3o \u00e0 resid\u00eancia.<\/p>\n\n\n\n<p class=\"wp-block-paragraph\">Entre os principais questionamentos feitos ao Executivo, destacam-se:<\/p>\n\n\n\n<p class=\"wp-block-paragraph\">\u2705 <strong>O que acontece quando a m\u00e3e recusa uma vaga devido \u00e0 dist\u00e2ncia?<\/strong><br>\u2705 <strong>Que orienta\u00e7\u00e3o \u00e9 dada \u00e0s m\u00e3es nesse momento?<\/strong><br>\u2705 <strong>Existe a oferta de bolsa creche como alternativa? Se n\u00e3o, por qu\u00ea?<\/strong><br>\u2705 <strong>Quantas crian\u00e7as ainda aguardam por uma vaga e qual a previs\u00e3o para novas matr\u00edculas?<\/strong><br>\u2705 <strong>H\u00e1 estudos para revis\u00e3o da fila \u00fanica?<\/strong><\/p>\n\n\n\n<h3 class=\"wp-block-heading\"><strong>Justificativa do Requerimento<\/strong><\/h3>\n\n\n\n<p class=\"wp-block-paragraph\">Muitas m\u00e3es procuraram o gabinete da vereadora relatando que, ao recusarem uma vaga distante de casa, acabam voltando para o final da fila \u00fanica. Al\u00e9m disso, algumas informaram que <strong>n\u00e3o receberam a op\u00e7\u00e3o de bolsa creche<\/strong>, o que as impediu de trabalhar, comprometendo suas oportunidades profissionais.<\/p>\n\n\n\n<p class=\"wp-block-paragraph\">Diante disso, Lu Bogo busca <strong>transpar\u00eancia sobre o processo e poss\u00edveis ajustes no protocolo<\/strong>, garantindo que as m\u00e3es tenham acesso a informa\u00e7\u00f5es claras e alternativas vi\u00e1veis para a educa\u00e7\u00e3o de seus filhos.<\/p>\n\n\n\n<p class=\"wp-block-paragraph\">Acompanhe nosso portal para mais atualiza\u00e7\u00f5es sobre esse e outros temas importantes para a cidade!<\/p>\n","protected":false},"excerpt":{"rendered":"<p>A vereadora Lu Bogo (PL) protocolou um requerimento \u00e0 Prefeitura Municipal solicitando esclarecimentos sobre o funcionamento da fila \u00fanica para creche. A demanda surgiu ap\u00f3s diversas m\u00e3es relatarem dificuldades no acesso \u00e0s vagas, especialmente quando recusam uma matr\u00edcula por conta da dist\u00e2ncia da unidade escolar em rela\u00e7\u00e3o \u00e0 resid\u00eancia. Entre os principais questionamentos feitos ao [&hellip;]<\/p>\n","protected":false},"author":1,"featured_media":26814,"comment_status":"open","ping_status":"open","sticky":false,"template":"","format":"standard","meta":{"_jetpack_newsletter_access":"","_jetpack_dont_email_post_to_subs":false,"_jetpack_newsletter_tier_id":0,"_jetpack_memberships_contains_paywalled_content":false,"_mbp_banners":[],"_jetpack_feature_clip_id":0,"_jetpack_memberships_contains_paid_content":false,"footnotes":"","jetpack_publicize_message":"","jetpack_publicize_feature_enabled":true,"jetpack_social_post_already_shared":true,"jetpack_social_options":{"image_generator_settings":{"template":"highway","default_image_id":0,"font":"","enabled":false},"version":2},"jetpack_post_was_ever_published":false},"categories":[19],"tags":[],"class_list":["post-26813","post","type-post","status-publish","format-standard","has-post-thumbnail","category-politica"],"jetpack_publicize_connections":[],"jetpack-related-posts":[],"jetpack_shortlink":"https:\/\/wp.me\/p7Eq1F-6Yt","jetpack_sharing_enabled":true,"jetpack_featured_media_url":"https:\/\/i0.wp.com\/guialimeira.com.br\/news\/wp-content\/uploads\/2025\/03\/cadastro-da-fila-unica-para-as-creches-da-rede-municipal.png?fit=1500%2C750&ssl=1","_links":{"self":[{"href":"https:\/\/guialimeira.com.br\/news\/wp-json\/wp\/v2\/posts\/26813","targetHints":{"allow":["GET"]}}],"collection":[{"href":"https:\/\/guialimeira.com.br\/news\/wp-json\/wp\/v2\/posts"}],"about":[{"href":"https:\/\/guialimeira.com.br\/news\/wp-json\/wp\/v2\/types\/post"}],"author":[{"embeddable":true,"href":"https:\/\/guialimeira.com.br\/news\/wp-json\/wp\/v2\/users\/1"}],"replies":[{"embeddable":true,"href":"https:\/\/guialimeira.com.br\/news\/wp-json\/wp\/v2\/comments?post=26813"}],"version-history":[{"count":1,"href":"https:\/\/guialimeira.com.br\/news\/wp-json\/wp\/v2\/posts\/26813\/revisions"}],"predecessor-version":[{"id":26815,"href":"https:\/\/guialimeira.com.br\/news\/wp-json\/wp\/v2\/posts\/26813\/revisions\/26815"}],"wp:featuredmedia":[{"embeddable":true,"href":"https:\/\/guialimeira.com.br\/news\/wp-json\/wp\/v2\/media\/26814"}],"wp:attachment":[{"href":"https:\/\/guialimeira.com.br\/news\/wp-json\/wp\/v2\/media?parent=26813"}],"wp:term":[{"taxonomy":"category","embeddable":true,"href":"https:\/\/guialimeira.com.br\/news\/wp-json\/wp\/v2\/categories?post=26813"},{"taxonomy":"post_tag","embeddable":true,"href":"https:\/\/guialimeira.com.br\/news\/wp-json\/wp\/v2\/tags?post=26813"}],"curies":[{"name":"wp","href":"https:\/\/api.w.org\/{rel}","templated":true}]}}