{"id":2681,"date":"2024-04-24T22:04:58","date_gmt":"2024-04-25T01:04:58","guid":{"rendered":"https:\/\/guialimeira.com.br\/2024\/04\/24\/sessao-do-congresso-nacional-sobre-vetos-presidenciais-e-adiada\/"},"modified":"2024-04-24T22:04:58","modified_gmt":"2024-04-25T01:04:58","slug":"sessao-do-congresso-nacional-sobre-vetos-presidenciais-e-adiada","status":"publish","type":"post","link":"https:\/\/guialimeira.com.br\/news\/sessao-do-congresso-nacional-sobre-vetos-presidenciais-e-adiada\/","title":{"rendered":"Sess\u00e3o do Congresso Nacional sobre vetos presidenciais \u00e9 adiada"},"content":{"rendered":"<p> <br \/>\n<\/p>\n<div>\n<p>A sess\u00e3o do Congresso Nacional que analisaria vetos do presidente Luiz In\u00e1cio Lula da Silva a propostas aprovadas pelo Legislativo foi cancelada por falta de acordo entre os l\u00edderes partid\u00e1rios. A reuni\u00e3o conjunta entre deputados federais e senadores, que estava marcada para a noite desta quarta-feira (24), foi remarcada para ocorrer entre os dias 7 e 9 de maio. Na semana que vem, o feriado do dia 1\u00ba de maio deve esvaziar o Parlamento.<img data-recalc-dims=\"1\" decoding=\"async\" src=\"https:\/\/i0.wp.com\/agenciabrasil.ebc.com.br\/ebc.png?w=696&#038;ssl=1\" style=\"width:1px; height:1px; display:inline;\"\/><img data-recalc-dims=\"1\" decoding=\"async\" src=\"https:\/\/i0.wp.com\/agenciabrasil.ebc.com.br\/ebc.gif?w=696&#038;ssl=1\" style=\"width:1px; height:1px; display:inline;\"\/><\/p>\n<p>&#8220;De fato, n\u00e3o havia um m\u00ednimo consenso em rela\u00e7\u00e3o a tudo quanto havia de projetos e de vetos, melhor dizendo, nessa sess\u00e3o do Congresso. Ent\u00e3o, damos mais esse prazo, para que possam, os l\u00edderes, entabularem o m\u00e1ximo poss\u00edvel dos acordos, sobretudo os vetos da Lei de Diretrizes Or\u00e7ament\u00e1rias e da Lei Or\u00e7ament\u00e1ria Anual&#8221;, explicou o presidente do Senado e do Congresso, Rodrigo Pacheco (PSD-MG), em declara\u00e7\u00e3o \u00e0 imprensa.<\/p>\n<p>Entre os itens na pauta estavam os vetos em rela\u00e7\u00e3o ao projeto que restringe as <a href=\"https:\/\/agenciabrasil.ebc.com.br\/geral\/noticia\/2024-04\/cnbb-pede-parlamentares-que-mantenham-veto-lei-da-saidinha\" rel=\"noopener\">sa\u00eddas tempor\u00e1rias de presos<\/a> e o que impediu R$ 5,6 bilh\u00f5es em <a href=\"https:\/\/agenciabrasil.ebc.com.br\/politica\/noticia\/2024-01\/lula-sanciona-orcamento-e-veta-r-56-bilhoes-em-emendas-parlamentares\" rel=\"noopener\">emendas parlamentares<\/a>. A expectativa era que se os itens fossem \u00e0 vota\u00e7\u00e3o, o governo sofreria um derrota e os vetos presidenciais seriam derrubados.<\/p>\n<p>Ap\u00f3s informar sobre o adiamento da sess\u00e3o, Pacheco observou que as datas dos dias 7 e 9 de maio ser\u00e3o definitivas, sem possibilidade de prorroga\u00e7\u00e3o. Ao todo, na pauta desta sess\u00e3o, constavam 32 vetos. O veto ocorre quando presidente da Rep\u00fablica recusa, total ou parcialmente, um projeto aprovado pelo Congresso Nacional. Para derrubar um veto, s\u00e3o necess\u00e1rios os votos de 257 deputados e 41 senadores.<\/p>\n<\/p><\/div>\n<p><br \/>\n<br \/><a href=\"https:\/\/agenciabrasil.ebc.com.br\/politica\/noticia\/2024-04\/sessao-do-congresso-nacional-sobre-vetos-presidenciais-e-adiada\" rel=\"noopener\">Ag\u00eancia Brasil<\/a><\/p>\n","protected":false},"excerpt":{"rendered":"<p>A sess\u00e3o do Congresso Nacional que analisaria vetos do presidente Luiz In\u00e1cio Lula da Silva a propostas aprovadas pelo Legislativo foi cancelada por falta de acordo entre os l\u00edderes partid\u00e1rios. A reuni\u00e3o conjunta entre deputados federais e senadores, que estava marcada para a noite desta quarta-feira (24), foi remarcada para ocorrer entre os dias 7 [&hellip;]<\/p>\n","protected":false},"author":1,"featured_media":2682,"comment_status":"open","ping_status":"open","sticky":false,"template":"","format":"standard","meta":{"_jetpack_newsletter_access":"","_jetpack_dont_email_post_to_subs":false,"_jetpack_newsletter_tier_id":0,"_jetpack_memberships_contains_paywalled_content":false,"_mbp_banners":[],"_jetpack_feature_clip_id":0,"_jetpack_memberships_contains_paid_content":false,"footnotes":"","jetpack_publicize_message":"","jetpack_publicize_feature_enabled":true,"jetpack_social_post_already_shared":true,"jetpack_social_options":{"image_generator_settings":{"template":"highway","default_image_id":0,"font":"","enabled":false},"version":2},"jetpack_post_was_ever_published":false},"categories":[22],"tags":[],"class_list":["post-2681","post","type-post","status-publish","format-standard","has-post-thumbnail","category-nacional"],"jetpack_publicize_connections":[],"jetpack-related-posts":[],"jetpack_shortlink":"https:\/\/wp.me\/p7Eq1F-Hf","jetpack_sharing_enabled":true,"jetpack_featured_media_url":"https:\/\/i0.wp.com\/guialimeira.com.br\/news\/wp-content\/uploads\/2024\/04\/pzzb1951-2.jpg?fit=1600%2C800&ssl=1","_links":{"self":[{"href":"https:\/\/guialimeira.com.br\/news\/wp-json\/wp\/v2\/posts\/2681","targetHints":{"allow":["GET"]}}],"collection":[{"href":"https:\/\/guialimeira.com.br\/news\/wp-json\/wp\/v2\/posts"}],"about":[{"href":"https:\/\/guialimeira.com.br\/news\/wp-json\/wp\/v2\/types\/post"}],"author":[{"embeddable":true,"href":"https:\/\/guialimeira.com.br\/news\/wp-json\/wp\/v2\/users\/1"}],"replies":[{"embeddable":true,"href":"https:\/\/guialimeira.com.br\/news\/wp-json\/wp\/v2\/comments?post=2681"}],"version-history":[{"count":0,"href":"https:\/\/guialimeira.com.br\/news\/wp-json\/wp\/v2\/posts\/2681\/revisions"}],"wp:featuredmedia":[{"embeddable":true,"href":"https:\/\/guialimeira.com.br\/news\/wp-json\/wp\/v2\/media\/2682"}],"wp:attachment":[{"href":"https:\/\/guialimeira.com.br\/news\/wp-json\/wp\/v2\/media?parent=2681"}],"wp:term":[{"taxonomy":"category","embeddable":true,"href":"https:\/\/guialimeira.com.br\/news\/wp-json\/wp\/v2\/categories?post=2681"},{"taxonomy":"post_tag","embeddable":true,"href":"https:\/\/guialimeira.com.br\/news\/wp-json\/wp\/v2\/tags?post=2681"}],"curies":[{"name":"wp","href":"https:\/\/api.w.org\/{rel}","templated":true}]}}