{"id":2680,"date":"2024-04-24T21:58:43","date_gmt":"2024-04-25T00:58:43","guid":{"rendered":"https:\/\/guialimeira.com.br\/2024\/04\/24\/sao-paulo-se-compromete-com-stf-a-usar-mais-cameras-corporais\/"},"modified":"2024-04-24T21:58:43","modified_gmt":"2024-04-25T00:58:43","slug":"sao-paulo-se-compromete-com-stf-a-usar-mais-cameras-corporais","status":"publish","type":"post","link":"https:\/\/guialimeira.com.br\/news\/sao-paulo-se-compromete-com-stf-a-usar-mais-cameras-corporais\/","title":{"rendered":"S\u00e3o Paulo se compromete com STF a usar mais c\u00e2meras corporais"},"content":{"rendered":"<p> <br \/>\n<\/p>\n<div>\n<p>O governo de S\u00e3o Paulo se comprometeu com o Supremo Tribunal Federal (STF) a utilizar c\u00e2meras corporais em opera\u00e7\u00f5es policiais no estado e apresentou cronograma que estabelece a implementa\u00e7\u00e3o do sistema at\u00e9 setembro pr\u00f3ximo. O estado prev\u00ea novas licita\u00e7\u00f5es, uma delas para a aquisi\u00e7\u00e3o de mais de tr\u00eas mil equipamentos.<img data-recalc-dims=\"1\" decoding=\"async\" src=\"https:\/\/i0.wp.com\/agenciabrasil.ebc.com.br\/ebc.png?w=696&#038;ssl=1\" style=\"width:1px; height:1px; display:inline;\"\/><img data-recalc-dims=\"1\" decoding=\"async\" src=\"https:\/\/i0.wp.com\/agenciabrasil.ebc.com.br\/ebc.gif?w=696&#038;ssl=1\" style=\"width:1px; height:1px; display:inline;\"\/><\/p>\n<p>O compromisso foi assumido com o presidente do Supremo Tribunal Federal (STF), ministro Lu\u00eds Roberto Barroso, no \u00e2mbito de a\u00e7\u00e3o apresentada pela Defensoria P\u00fablica de S\u00e3o Paulo.\u00a0<\/p>\n<p>Em 2023, o Tribunal de Justi\u00e7a de S\u00e3o Paulo (TJSP) havia rejeitado o pedido da Defensoria sobre a utiliza\u00e7\u00e3o dos equipamentos por policiais, j\u00e1 que o custo aos cofres estaduais seria de R$ 330 milh\u00f5es a R$ 1 bilh\u00e3o ao ano, interferindo diretamente no or\u00e7amento e nas pol\u00edticas p\u00fablicas de seguran\u00e7a. A Defensoria recorreu ao Supremo.<\/p>\n<p>Tamb\u00e9m por quest\u00f5es or\u00e7ament\u00e1rias, Barroso negou ordenar a instala\u00e7\u00e3o de imediato dos equipamentos, mas ressaltou a necessidade de sua implementa\u00e7\u00e3o. Ap\u00f3s essa decis\u00e3o, a Defensoria apresentou pedido de reconsidera\u00e7\u00e3o ao ministro, alegando aumento da letalidade nas opera\u00e7\u00f5es policiais em S\u00e3o Paulo.<\/p>\n<h2>Cronograma de instala\u00e7\u00e3o<\/h2>\n<p>\u201cO ministro solicitou informa\u00e7\u00f5es ao governo estadual, que enviou um cronograma de instala\u00e7\u00e3o, com publica\u00e7\u00e3o do edital de compra em maio. Por isso, Barroso voltou a negar o pedido, em raz\u00e3o do compromisso assumido, mas ressaltou que o N\u00facleo de Processos Estruturais e Complexos do Tribunal far\u00e1 acompanhamento do cronograma\u201d, divulgou o STF, em nota. Segundo o ministro, os equipamentos beneficiam a popula\u00e7\u00e3o, a corpora\u00e7\u00e3o policial e o pr\u00f3prio Poder Judici\u00e1rio.<\/p>\n<p>\u201cO uso das c\u00e2meras corporais \u00e9 uma medida relevante para a consecu\u00e7\u00e3o da pol\u00edtica p\u00fablica de seguran\u00e7a. Os equipamentos protegem tanto cidad\u00e3os quanto os pr\u00f3prios policiais, j\u00e1 que co\u00edbem abusos nas opera\u00e7\u00f5es, protegem policiais de acusa\u00e7\u00f5es infundadas e incentivam a ado\u00e7\u00e3o de comportamentos mais adequados por ambas as partes. Al\u00e9m disso, a medida amplia a transpar\u00eancia, a legitimidade e a responsabilidade (<em>accountability<\/em>) da atua\u00e7\u00e3o policial e serve como importante meio de prova em processos judiciais\u201d, escreveu o ministro em sua decis\u00e3o.<\/p>\n<h2>Amplia\u00e7\u00e3o<\/h2>\n<p>Barroso levou em considera\u00e7\u00e3o manifesta\u00e7\u00e3o do estado de S\u00e3o Paulo apontando que a utiliza\u00e7\u00e3o de c\u00e2meras operacionais port\u00e1teis (COPs) vem sendo implementada de forma gradual e cont\u00ednua, e que a utiliza\u00e7\u00e3o de c\u00e2meras ser\u00e1 ampliada e aprimorada.<\/p>\n<p>\u201cA PGE\/SP [Procuradoria-Geral do Estado de S\u00e3o Paulo] informou \u00e0 Corte que o Governo de S\u00e3o Paulo mant\u00e9m atualmente 10.125 c\u00e2meras corporais em opera\u00e7\u00e3o em 267 dos 510 batalh\u00f5es da Pol\u00edcia Militar. Por quest\u00f5es or\u00e7ament\u00e1rias e de log\u00edstica, a compra de equipamentos \u00e9 gradual \u2013 a Secretaria da Seguran\u00e7a P\u00fablica prev\u00ea novas licita\u00e7\u00f5es, uma delas para a aquisi\u00e7\u00e3o de mais de tr\u00eas mil equipamentos\u201d, informou, em nota, o governo paulista.<\/p>\n<p>Ainda segundo o governo, o monitoramento ter\u00e1 avan\u00e7o tecnol\u00f3gico e mais funcionalidades, entre elas a leitura de placas para identifica\u00e7\u00e3o de ve\u00edculos roubados ou furtados e novos recursos de \u00e1udio para que as equipes policiais possam solicitar apoio durante opera\u00e7\u00f5es.<\/p>\n<\/p><\/div>\n<p><br \/>\n<br \/><a href=\"https:\/\/agenciabrasil.ebc.com.br\/geral\/noticia\/2024-04\/sao-paulo-se-compromete-com-stf-usar-mais-cameras-corporais\" rel=\"noopener\">Ag\u00eancia Brasil<\/a><\/p>\n","protected":false},"excerpt":{"rendered":"<p>O governo de S\u00e3o Paulo se comprometeu com o Supremo Tribunal Federal (STF) a utilizar c\u00e2meras corporais em opera\u00e7\u00f5es policiais no estado e apresentou cronograma que estabelece a implementa\u00e7\u00e3o do sistema at\u00e9 setembro pr\u00f3ximo. O estado prev\u00ea novas licita\u00e7\u00f5es, uma delas para a aquisi\u00e7\u00e3o de mais de tr\u00eas mil equipamentos. O compromisso foi assumido com [&hellip;]<\/p>\n","protected":false},"author":1,"featured_media":783,"comment_status":"open","ping_status":"open","sticky":false,"template":"","format":"standard","meta":{"_jetpack_newsletter_access":"","_jetpack_dont_email_post_to_subs":false,"_jetpack_newsletter_tier_id":0,"_jetpack_memberships_contains_paywalled_content":false,"_mbp_banners":[],"_jetpack_feature_clip_id":0,"_jetpack_memberships_contains_paid_content":false,"footnotes":"","jetpack_publicize_message":"","jetpack_publicize_feature_enabled":true,"jetpack_social_post_already_shared":true,"jetpack_social_options":{"image_generator_settings":{"template":"highway","default_image_id":0,"font":"","enabled":false},"version":2},"jetpack_post_was_ever_published":false},"categories":[1],"tags":[],"class_list":["post-2680","post","type-post","status-publish","format-standard","has-post-thumbnail","category-geral"],"jetpack_publicize_connections":[],"jetpack-related-posts":[],"jetpack_shortlink":"https:\/\/wp.me\/p7Eq1F-He","jetpack_sharing_enabled":true,"jetpack_featured_media_url":"https:\/\/i0.wp.com\/guialimeira.com.br\/news\/wp-content\/uploads\/2024\/04\/cameras_uniformes_de_policiais_militares_sao_paulo_rvrsa_abr_2804223636_0.jpg?fit=1600%2C800&ssl=1","_links":{"self":[{"href":"https:\/\/guialimeira.com.br\/news\/wp-json\/wp\/v2\/posts\/2680","targetHints":{"allow":["GET"]}}],"collection":[{"href":"https:\/\/guialimeira.com.br\/news\/wp-json\/wp\/v2\/posts"}],"about":[{"href":"https:\/\/guialimeira.com.br\/news\/wp-json\/wp\/v2\/types\/post"}],"author":[{"embeddable":true,"href":"https:\/\/guialimeira.com.br\/news\/wp-json\/wp\/v2\/users\/1"}],"replies":[{"embeddable":true,"href":"https:\/\/guialimeira.com.br\/news\/wp-json\/wp\/v2\/comments?post=2680"}],"version-history":[{"count":0,"href":"https:\/\/guialimeira.com.br\/news\/wp-json\/wp\/v2\/posts\/2680\/revisions"}],"wp:featuredmedia":[{"embeddable":true,"href":"https:\/\/guialimeira.com.br\/news\/wp-json\/wp\/v2\/media\/783"}],"wp:attachment":[{"href":"https:\/\/guialimeira.com.br\/news\/wp-json\/wp\/v2\/media?parent=2680"}],"wp:term":[{"taxonomy":"category","embeddable":true,"href":"https:\/\/guialimeira.com.br\/news\/wp-json\/wp\/v2\/categories?post=2680"},{"taxonomy":"post_tag","embeddable":true,"href":"https:\/\/guialimeira.com.br\/news\/wp-json\/wp\/v2\/tags?post=2680"}],"curies":[{"name":"wp","href":"https:\/\/api.w.org\/{rel}","templated":true}]}}