{"id":26796,"date":"2025-03-14T17:58:44","date_gmt":"2025-03-14T20:58:44","guid":{"rendered":"https:\/\/guialimeira.com.br\/?p=26796"},"modified":"2025-03-14T17:58:44","modified_gmt":"2025-03-14T20:58:44","slug":"presidente-da-camara-e-prefeito-debatem-orcamento-publico-em-reuniao-do-osb","status":"publish","type":"post","link":"https:\/\/guialimeira.com.br\/news\/presidente-da-camara-e-prefeito-debatem-orcamento-publico-em-reuniao-do-osb\/","title":{"rendered":"Presidente da C\u00e2mara e prefeito debatem or\u00e7amento p\u00fablico em reuni\u00e3o do OSB"},"content":{"rendered":"\n<figure class=\"wp-block-gallery has-nested-images columns-default is-cropped wp-block-gallery-1 is-layout-flex wp-block-gallery-is-layout-flex\"><\/figure>\n \r\n<br><img data-recalc-dims=\"1\" decoding=\"async\" src=\"https:\/\/i0.wp.com\/guialimeira.com.br\/wp-content\/uploads\/2025\/03\/2025-03-14_presidente-da-camara-e-prefeito-debatem-orcamento-publico-em-reuniao-do-osb_1.jpg?w=696&#038;ssl=1\" \/><br><div>\n\t\t\t\t\t<p>O presidente da C\u00e2mara Municipal, vereador Everton Ferreira (PSD), e o prefeito Murilo F\u00e9lix (Podemos) debateram nesta quinta-feira, 13 de mar\u00e7o, sobre o or\u00e7amento p\u00fablico em reuni\u00e3o organizada pelo Observat\u00f3rio Social do Brasil-Limeira (OSB) na sede da Associa\u00e7\u00e3o Comercial e Industrial de Limeira (Acil). A institui\u00e7\u00e3o apresentou o relat\u00f3rio anual 2024\/25, trazendo o mapa dos riscos econ\u00f4micos do munic\u00edpio.<\/p><p>Segundo Everton, iniciativas como do OSB Limeira s\u00e3o importantes para aumentar a transpar\u00eancia p\u00fablica e o poder de fiscaliza\u00e7\u00e3o da pr\u00f3pria sociedade. O presidente comentou sobre uma resolu\u00e7\u00e3o de sua autoria com o objetivo de consolidar os projetos de lei e a legisla\u00e7\u00e3o existente sobre transpar\u00eancia em um c\u00f3digo municipal.<\/p><p>\u201c\u00c9 preciso observarmos a d\u00edvida p\u00fablica em sua integralidade, bem como os restos a pagar. Hoje faltam clareza e detalhes dos dados constantes no Portal da Transpar\u00eancia da Prefeitura. \u00c9 preciso um aprimoramento\u201d, afirmou. Everton ainda disse que uma das propostas de seu mandato como presidente do Legislativo Municipal \u00e9 qualificar o legislador para que possa sempre melhorar a fiscaliza\u00e7\u00e3o dos gastos p\u00fablicos.<\/p><p>Volunt\u00e1rio do OSB Limeira, Raul Groppo destacou que o or\u00e7amento p\u00fablico \u00e9 um assunto desafiador. Por este motivo, a institui\u00e7\u00e3o, com base em dados do Tesouro Nacional e do Portal da Transpar\u00eancia da Prefeitura, criou o Mapa dos Riscos Econ\u00f4micos de Limeira. \u201c\u00c9 o primeiro evento que realizamos com este foco, trazendo os indicadores de maior aten\u00e7\u00e3o e risco\u201d, declarou.<\/p><p>\u201cA receita de Limeira, por exemplo, saltou de R$ 869,3 milh\u00f5es em 2015 para R$ 1,96 bilh\u00e3o em 2024, enquanto as despesas foram de R$ 795 milh\u00f5es para R$ 2 bilh\u00f5es\u201d, relatou Everton.<\/p><p>O prefeito falou sobre a gest\u00e3o atual e da economia que vem buscando fazer aos cofres p\u00fablicos. Disse que pretende retomar os servi\u00e7os p\u00fablicos na regi\u00e3o central, citando os pr\u00e9dios localizados na rua Bar\u00e3o de Cascalho e na rua Dr. Trajano de Barros Camargo como locais que precisam ser revitalizados. \u201cEstamos finalizando ainda uma lei de incentivo fiscal, contendo um programa de desenvolvimento municipal para as novas empresas e aquelas que querem expandir seus neg\u00f3cios\u201d, afirmou Murilo.<\/p><p>Para quem quiser saber mais, os dados do relat\u00f3rio anual 2024\/25 est\u00e3o dispon\u00edveis em: <a href=\"https:\/\/osblimeira.org.br\/relatorio-anual-2024-25\/\" rel=\"noopener\">https:\/\/osblimeira.org.br\/relatorio-anual-2024-25\/<\/a>.<\/p><p><i>Do Gabinete Parlamentar \u2013 Vereador Everton Ferreira (PSD)\u00a0<\/i><\/p><p><i>*Foto do gabinete parlamentar<\/i><\/p><p><strong>As mat\u00e9rias de origem dos Gabinetes Parlamentares s\u00e3o de inteira\u00a0 responsabilidade dos parlamentares e de suas assessorias. S\u00e3o devidamente assinadas e n\u00e3o refletem, necessariamente, a opini\u00e3o institucional da C\u00e2mara Municipal de Limeira.<\/strong><\/p>\t\t\t\t<\/div>\r\n<br>\r\n<br><a href=\"https:\/\/www.limeira.sp.leg.br\/noticias\/view\/2025-03-14_presidente-da-camara-e-prefeito-debatem-orcamento-publico-em-reuniao-do-osb\" rel=\"noopener\">Informa\u00e7\u00f5es CML <\/a>","protected":false},"excerpt":{"rendered":"<p>O presidente da C\u00e2mara Municipal, vereador Everton Ferreira (PSD), e o prefeito Murilo F\u00e9lix (Podemos) debateram nesta quinta-feira, 13 de mar\u00e7o, sobre o or\u00e7amento p\u00fablico em reuni\u00e3o organizada pelo Observat\u00f3rio Social do Brasil-Limeira (OSB) na sede da Associa\u00e7\u00e3o Comercial e Industrial de Limeira (Acil). A institui\u00e7\u00e3o apresentou o relat\u00f3rio anual 2024\/25, trazendo o mapa dos [&hellip;]<\/p>\n","protected":false},"author":1,"featured_media":26797,"comment_status":"open","ping_status":"open","sticky":false,"template":"","format":"standard","meta":{"_jetpack_newsletter_access":"","_jetpack_dont_email_post_to_subs":false,"_jetpack_newsletter_tier_id":0,"_jetpack_memberships_contains_paywalled_content":false,"_mbp_banners":[],"_jetpack_feature_clip_id":0,"_jetpack_memberships_contains_paid_content":false,"footnotes":"","jetpack_publicize_message":"","jetpack_publicize_feature_enabled":true,"jetpack_social_post_already_shared":true,"jetpack_social_options":{"image_generator_settings":{"template":"highway","default_image_id":0,"font":"","enabled":false},"version":2},"jetpack_post_was_ever_published":false},"categories":[19],"tags":[],"class_list":["post-26796","post","type-post","status-publish","format-standard","has-post-thumbnail","category-politica"],"jetpack_publicize_connections":[],"jetpack-related-posts":[],"jetpack_shortlink":"https:\/\/wp.me\/p7Eq1F-6Yc","jetpack_sharing_enabled":true,"jetpack_featured_media_url":"https:\/\/i0.wp.com\/guialimeira.com.br\/news\/wp-content\/uploads\/2025\/03\/Presidente-da-Camara-e-prefeito-debatem-orcamento-publico-em-reuniao.jpg?fit=1280%2C640&ssl=1","_links":{"self":[{"href":"https:\/\/guialimeira.com.br\/news\/wp-json\/wp\/v2\/posts\/26796","targetHints":{"allow":["GET"]}}],"collection":[{"href":"https:\/\/guialimeira.com.br\/news\/wp-json\/wp\/v2\/posts"}],"about":[{"href":"https:\/\/guialimeira.com.br\/news\/wp-json\/wp\/v2\/types\/post"}],"author":[{"embeddable":true,"href":"https:\/\/guialimeira.com.br\/news\/wp-json\/wp\/v2\/users\/1"}],"replies":[{"embeddable":true,"href":"https:\/\/guialimeira.com.br\/news\/wp-json\/wp\/v2\/comments?post=26796"}],"version-history":[{"count":1,"href":"https:\/\/guialimeira.com.br\/news\/wp-json\/wp\/v2\/posts\/26796\/revisions"}],"predecessor-version":[{"id":26798,"href":"https:\/\/guialimeira.com.br\/news\/wp-json\/wp\/v2\/posts\/26796\/revisions\/26798"}],"wp:featuredmedia":[{"embeddable":true,"href":"https:\/\/guialimeira.com.br\/news\/wp-json\/wp\/v2\/media\/26797"}],"wp:attachment":[{"href":"https:\/\/guialimeira.com.br\/news\/wp-json\/wp\/v2\/media?parent=26796"}],"wp:term":[{"taxonomy":"category","embeddable":true,"href":"https:\/\/guialimeira.com.br\/news\/wp-json\/wp\/v2\/categories?post=26796"},{"taxonomy":"post_tag","embeddable":true,"href":"https:\/\/guialimeira.com.br\/news\/wp-json\/wp\/v2\/tags?post=26796"}],"curies":[{"name":"wp","href":"https:\/\/api.w.org\/{rel}","templated":true}]}}