{"id":26793,"date":"2025-03-14T17:54:35","date_gmt":"2025-03-14T20:54:35","guid":{"rendered":"https:\/\/guialimeira.com.br\/2025\/03\/14\/faturamento-da-industria-cresce-33-em-janeiro\/"},"modified":"2025-03-14T17:54:35","modified_gmt":"2025-03-14T20:54:35","slug":"faturamento-da-industria-cresce-33-em-janeiro","status":"publish","type":"post","link":"https:\/\/guialimeira.com.br\/news\/faturamento-da-industria-cresce-33-em-janeiro\/","title":{"rendered":"Faturamento da ind\u00fastria cresce 3,3% em janeiro"},"content":{"rendered":"<p> <br \/>\n<\/p>\n<div>\n<p>Embalada pelo aquecimento da produ\u00e7\u00e3o e do consumo, <strong>o faturamento real (descontada a infla\u00e7\u00e3o) da ind\u00fastria de transforma\u00e7\u00e3o cresceu 3,3% em janeiro, divulgou nesta sexta-feira (14) a pesquisa Indicadores Industriais, da Confedera\u00e7\u00e3o Nacional da Ind\u00fastria (CNI)<\/strong>. Em rela\u00e7\u00e3o a janeiro do ano passado, o faturamento subiu 12,8%.<img data-recalc-dims=\"1\" decoding=\"async\" src=\"https:\/\/i0.wp.com\/agenciabrasil.ebc.com.br\/ebc.png?w=696&#038;ssl=1\" style=\"width:1px; height:1px; display:inline;\"\/><img data-recalc-dims=\"1\" decoding=\"async\" src=\"https:\/\/i0.wp.com\/agenciabrasil.ebc.com.br\/ebc.gif?w=696&#038;ssl=1\" style=\"width:1px; height:1px; display:inline;\"\/><\/p>\n<p>Segundo a CNI, a demanda por bens industrializados continua alta, o que se reflete no faturamento. A entidade, no entanto, adverte que ser\u00e1 dif\u00edcil manter esse ritmo por causa da desacelera\u00e7\u00e3o da economia provocada pelo aumento dos juros.<\/p>\n<p><strong>O n\u00famero de horas trabalhadas na produ\u00e7\u00e3o cresceu 1,9% em janeiro na compara\u00e7\u00e3o com dezembro, revertendo a queda de 1,4% nos dois meses anteriores.<\/strong> Em rela\u00e7\u00e3o a janeiro de 2024, o indicador acumula alta de 5,4%.<\/p>\n<blockquote>\n<p>A utiliza\u00e7\u00e3o da capacidade instalada (UCI) manteve-se em 78,2% em janeiro na compara\u00e7\u00e3o com dezembro, na s\u00e9rie livre de efeitos sazonais (sem oscila\u00e7\u00f5es t\u00edpicas da \u00e9poca do ano). Em rela\u00e7\u00e3o a janeiro do ano passado, a UCI caiu 0,8 ponto percentual.<\/p>\n<\/blockquote>\n<p>O bom desempenho da ind\u00fastria, no entanto, n\u00e3o se reflete com tanta intensidade no mercado de trabalho. <strong>Em janeiro, o n\u00famero de postos de trabalho ativos no setor cresceu apenas 0,1%. A massa salarial caiu 0,3%, e o rendimento m\u00e9dio do trabalhador industrial caiu 0,8%<\/strong>. Segundo a CNI, a expectativa \u00e9 de interrup\u00e7\u00e3o da alta do emprego industrial por causa do aumento dos juros.<\/p>\n<p><a href=\"https:\/\/agenciabrasil.ebc.com.br\/economia\/noticia\/2025-01\/brasil-fecha-2024-com-saldo-positivo-perto-de-1%2C7-milh%C3%A3o-de-empregos\" target=\"_blank\" rel=\"noopener\">&gt;&gt;Brasil fecha 2024 com saldo positivo perto de 1,7 milh\u00e3o de empregos<\/a><\/p>\n<p>Na compara\u00e7\u00e3o com janeiro do ano passado, o desempenho do mercado de trabalho na ind\u00fastria \u00e9 melhor. <strong>O total de postos de trabalho ativo subiu 2,4%. No entanto, a massa salarial real (descontada a infla\u00e7\u00e3o) recuou 1,8%, e o rendimento m\u00e9dio real do trabalhador industrial caiu 4%<\/strong>.<\/p>\n<p>Realizada desde 1992 em parceria com as Federa\u00e7\u00f5es Estaduais das Ind\u00fastrias, a pesquisa Indicadores Industriais identifica, mensalmente, a evolu\u00e7\u00e3o de curto prazo da atividade da ind\u00fastria de transforma\u00e7\u00e3o. Os estados pesquisados respondem a mais de 90% do produto industrial brasileiro.<\/p>\n<p>      <!-- Relacionada --><\/p>\n<p>            <!-- Relacionada -->\n    <\/div>\n<p><br \/>\n<br \/><a href=\"https:\/\/agenciabrasil.ebc.com.br\/economia\/noticia\/2025-03\/faturamento-da-industria-cresce-33-em-janeiro\" rel=\"noopener\">Ag\u00eancia Brasil<\/a><\/p>\n","protected":false},"excerpt":{"rendered":"<p>Embalada pelo aquecimento da produ\u00e7\u00e3o e do consumo, o faturamento real (descontada a infla\u00e7\u00e3o) da ind\u00fastria de transforma\u00e7\u00e3o cresceu 3,3% em janeiro, divulgou nesta sexta-feira (14) a pesquisa Indicadores Industriais, da Confedera\u00e7\u00e3o Nacional da Ind\u00fastria (CNI). Em rela\u00e7\u00e3o a janeiro do ano passado, o faturamento subiu 12,8%. Segundo a CNI, a demanda por bens industrializados [&hellip;]<\/p>\n","protected":false},"author":1,"featured_media":15112,"comment_status":"open","ping_status":"open","sticky":false,"template":"","format":"standard","meta":{"_jetpack_newsletter_access":"","_jetpack_dont_email_post_to_subs":false,"_jetpack_newsletter_tier_id":0,"_jetpack_memberships_contains_paywalled_content":false,"_mbp_banners":[],"_jetpack_feature_clip_id":0,"_jetpack_memberships_contains_paid_content":false,"footnotes":"","jetpack_publicize_message":"","jetpack_publicize_feature_enabled":true,"jetpack_social_post_already_shared":true,"jetpack_social_options":{"image_generator_settings":{"template":"highway","default_image_id":0,"font":"","enabled":false},"version":2},"jetpack_post_was_ever_published":false},"categories":[24],"tags":[],"class_list":["post-26793","post","type-post","status-publish","format-standard","has-post-thumbnail","category-economia"],"jetpack_publicize_connections":[],"jetpack-related-posts":[],"jetpack_shortlink":"https:\/\/wp.me\/p7Eq1F-6Y9","jetpack_sharing_enabled":true,"jetpack_featured_media_url":"https:\/\/i0.wp.com\/guialimeira.com.br\/news\/wp-content\/uploads\/2024\/10\/industrias_fabricas_de_motocicletas_industrias_fabricas_santos_fc2610100916.jpg?fit=1600%2C800&ssl=1","_links":{"self":[{"href":"https:\/\/guialimeira.com.br\/news\/wp-json\/wp\/v2\/posts\/26793","targetHints":{"allow":["GET"]}}],"collection":[{"href":"https:\/\/guialimeira.com.br\/news\/wp-json\/wp\/v2\/posts"}],"about":[{"href":"https:\/\/guialimeira.com.br\/news\/wp-json\/wp\/v2\/types\/post"}],"author":[{"embeddable":true,"href":"https:\/\/guialimeira.com.br\/news\/wp-json\/wp\/v2\/users\/1"}],"replies":[{"embeddable":true,"href":"https:\/\/guialimeira.com.br\/news\/wp-json\/wp\/v2\/comments?post=26793"}],"version-history":[{"count":0,"href":"https:\/\/guialimeira.com.br\/news\/wp-json\/wp\/v2\/posts\/26793\/revisions"}],"wp:featuredmedia":[{"embeddable":true,"href":"https:\/\/guialimeira.com.br\/news\/wp-json\/wp\/v2\/media\/15112"}],"wp:attachment":[{"href":"https:\/\/guialimeira.com.br\/news\/wp-json\/wp\/v2\/media?parent=26793"}],"wp:term":[{"taxonomy":"category","embeddable":true,"href":"https:\/\/guialimeira.com.br\/news\/wp-json\/wp\/v2\/categories?post=26793"},{"taxonomy":"post_tag","embeddable":true,"href":"https:\/\/guialimeira.com.br\/news\/wp-json\/wp\/v2\/tags?post=26793"}],"curies":[{"name":"wp","href":"https:\/\/api.w.org\/{rel}","templated":true}]}}