{"id":2678,"date":"2024-04-24T21:40:43","date_gmt":"2024-04-25T00:40:43","guid":{"rendered":"https:\/\/guialimeira.com.br\/2024\/04\/24\/nova-empresa-do-transporte-publico-comeca-a-operar-no-inicio-de-junho-portal-do-municipio-de-piracicaba\/"},"modified":"2024-04-24T21:40:43","modified_gmt":"2024-04-25T00:40:43","slug":"nova-empresa-do-transporte-publico-comeca-a-operar-no-inicio-de-junho-portal-do-municipio-de-piracicaba","status":"publish","type":"post","link":"https:\/\/guialimeira.com.br\/news\/nova-empresa-do-transporte-publico-comeca-a-operar-no-inicio-de-junho-portal-do-municipio-de-piracicaba\/","title":{"rendered":"Nova\u00a0empresa do transporte p\u00fablico come\u00e7a a\u00a0operar\u00a0no in\u00edcio de\u00a0junho \u2013 Portal do Munic\u00edpio de Piracicaba"},"content":{"rendered":"<p> <br \/>\n<\/p>\n<div>\n<figure class=\"wp-block-image size-large\"><img data-recalc-dims=\"1\" fetchpriority=\"high\" decoding=\"async\" width=\"696\" height=\"464\" src=\"https:\/\/i0.wp.com\/piracicaba.sp.gov.br\/wp-content\/uploads\/2024\/04\/Terminal-de-Onibus-da-Pauliceia_-novo-sistema-de-transporte-publico-comeca-a-funcionar-em-junho-1024x682.jpg?resize=696%2C464&#038;ssl=1\" alt=\"Terminal de \u00f4nibus.\" class=\"wp-image-77782\" srcset=\"https:\/\/piracicaba.sp.gov.br\/wp-content\/uploads\/2024\/04\/Terminal-de-Onibus-da-Pauliceia_-novo-sistema-de-transporte-publico-comeca-a-funcionar-em-junho-1024x682.jpg 1024w, https:\/\/piracicaba.sp.gov.br\/wp-content\/uploads\/2024\/04\/Terminal-de-Onibus-da-Pauliceia_-novo-sistema-de-transporte-publico-comeca-a-funcionar-em-junho-300x200.jpg 300w, https:\/\/piracicaba.sp.gov.br\/wp-content\/uploads\/2024\/04\/Terminal-de-Onibus-da-Pauliceia_-novo-sistema-de-transporte-publico-comeca-a-funcionar-em-junho-768x512.jpg 768w, https:\/\/piracicaba.sp.gov.br\/wp-content\/uploads\/2024\/04\/Terminal-de-Onibus-da-Pauliceia_-novo-sistema-de-transporte-publico-comeca-a-funcionar-em-junho-1536x1024.jpg 1536w, https:\/\/piracicaba.sp.gov.br\/wp-content\/uploads\/2024\/04\/Terminal-de-Onibus-da-Pauliceia_-novo-sistema-de-transporte-publico-comeca-a-funcionar-em-junho.jpg 2000w\" sizes=\"(max-width: 1024px) 100vw, 1024px\"\/><figcaption class=\"wp-element-caption\"><strong><sup>Terminal de \u00d4nibus da Pauliceia: novo sistema de transporte p\u00fablico come\u00e7a a funcionar em junho<\/sup><\/strong><\/figcaption><\/figure>\n<p>A nova frota do transporte p\u00fablico, que\u00a0ter\u00e1\u00a0parte dos ve\u00edculos equipados com\u00a0wi-fi (internet sem fio), entradas USB e ar-condicionado, come\u00e7a a rodar no dia 09\/06, quando a empresa contratada,\u00a0a\u00a0R\u00e1pido Sumar\u00e9 LTDA.,\u00a0inicia\u00a0a opera\u00e7\u00e3o do sistema em Piracicaba. Para garantir a transi\u00e7\u00e3o\u00a0segura dos servi\u00e7os prestados, a Prefeitura prorrogou o contrato emergencial com a empresa Tupi, que vence na sexta-feira, 26\/04.<\/p>\n<p>De acordo com a Secretaria de Mobilidade Urbana, Tr\u00e2nsito e Transportes (Semuttran), a fase de transi\u00e7\u00e3o do servi\u00e7o inclui, entre outras a\u00e7\u00f5es, transfer\u00eancia de linhas para a nova empresa, cadastramento do usu\u00e1rio nos novos cart\u00f5es, contrata\u00e7\u00e3o de pessoal, implanta\u00e7\u00e3o do sistema de monitoramento nos \u00f4nibus e limpeza e manuten\u00e7\u00e3o dos terminais.<\/p>\n<p>\u201cEssa fase de transi\u00e7\u00e3o \u00e9 muito importante e necess\u00e1ria para que a nova empresa valide os levantamentos apontados na transi\u00e7\u00e3o e tenha pleno conhecimento de todos os servi\u00e7os prestados e como eles funcionam. O sistema do transporte p\u00fablico vai ter um salto de qualidade, com ve\u00edculos que v\u00e3o oferecer acesso \u00e0 internet ao usu\u00e1rio, ar-condicionado e acessibilidade. A prorroga\u00e7\u00e3o do contrato vai dar o tempo necess\u00e1rio para que essa troca de informa\u00e7\u00f5es aconte\u00e7a de forma precisa, para um in\u00edcio seguro\u201d, disse Jane Franco de Oliveira, secret\u00e1ria da Semuttran.<\/p>\n<p>Todos os ve\u00edculos da nova frota, em atendimento \u00e0 legisla\u00e7\u00e3o federal, ser\u00e3o 100% acess\u00edveis e com plataforma elevat\u00f3ria para cadeirantes, al\u00e9m de dispositivos internos que facilitam a acessibilidade, como assento para pessoas com defici\u00eancia visual com c\u00e3o guia, local reservado com cinto de fixa\u00e7\u00e3o para cadeira de rodas, bot\u00e3o de acionamento de campainha acess\u00edvel e piso dos \u00f4nibus revestido com material antiderrapante.<\/p>\n<p>Os ve\u00edculos dever\u00e3o ter monitoramento por c\u00e2meras em seu interior e sistema de rastreamento (GPS) e ser\u00e3o monitorados em tempo real pela Central de Controle Operacional (CCO) da Semuttran. A empresa tamb\u00e9m ser\u00e1 respons\u00e1vel, ainda, pela constru\u00e7\u00e3o da garagem e da manuten\u00e7\u00e3o dos terminais. A empresa deve operar tanto as linhas urbanas e rurais quanto o Transporte Especial Elevar, que ser\u00e1 ampliado, servi\u00e7o esse destinado a pessoas que usam cadeira de rodas. Os ve\u00edculos dever\u00e3o ter, ainda, idade m\u00e9dia de cinco anos e idade m\u00e1xima de dez anos.<\/p>\n<p>O edital ainda exige que seja fornecido gratuitamente ao p\u00fablico interessado, por meio de aplicativo, servi\u00e7o de informa\u00e7\u00e3o que possibilite ao usu\u00e1rio ver os hor\u00e1rios previstos atualizados em tempo real de chegada dos \u00f4nibus aos pontos de embarque, al\u00e9m do itiner\u00e1rio das linhas.<\/p>\n<p>A R\u00e1pido Sumar\u00e9 foi escolhida para operar o sistema de transporte p\u00fablico de Piracicaba porque\u00a0ofereceu a menor tarifa. O valor estimado do investimento anual \u00e9 de R$ 110.807.577,08.<\/p>\n<\/div>\n<p><br \/>\n<br \/><a href=\"https:\/\/piracicaba.sp.gov.br\/noticias\/nova-empresa-do-transporte-publico-comeca-a-operar-no-inicio-de-junho\/\" rel=\"noopener\">Informa\u00e7\u00f5es PMP <\/a><\/p>\n","protected":false},"excerpt":{"rendered":"<p>Terminal de \u00d4nibus da Pauliceia: novo sistema de transporte p\u00fablico come\u00e7a a funcionar em junho A nova frota do transporte p\u00fablico, que\u00a0ter\u00e1\u00a0parte dos ve\u00edculos equipados com\u00a0wi-fi (internet sem fio), entradas USB e ar-condicionado, come\u00e7a a rodar no dia 09\/06, quando a empresa contratada,\u00a0a\u00a0R\u00e1pido Sumar\u00e9 LTDA.,\u00a0inicia\u00a0a opera\u00e7\u00e3o do sistema em Piracicaba. Para garantir a transi\u00e7\u00e3o\u00a0segura dos [&hellip;]<\/p>\n","protected":false},"author":1,"featured_media":2679,"comment_status":"open","ping_status":"open","sticky":false,"template":"","format":"standard","meta":{"_jetpack_newsletter_access":"","_jetpack_dont_email_post_to_subs":false,"_jetpack_newsletter_tier_id":0,"_jetpack_memberships_contains_paywalled_content":false,"_mbp_banners":[],"_jetpack_feature_clip_id":0,"_jetpack_memberships_contains_paid_content":false,"footnotes":"","jetpack_publicize_message":"","jetpack_publicize_feature_enabled":true,"jetpack_social_post_already_shared":true,"jetpack_social_options":{"image_generator_settings":{"template":"highway","default_image_id":0,"font":"","enabled":false},"version":2},"jetpack_post_was_ever_published":false},"categories":[20],"tags":[],"class_list":["post-2678","post","type-post","status-publish","format-standard","has-post-thumbnail","category-regiao"],"jetpack_publicize_connections":[],"jetpack-related-posts":[],"jetpack_shortlink":"https:\/\/wp.me\/p7Eq1F-Hc","jetpack_sharing_enabled":true,"jetpack_featured_media_url":"https:\/\/i0.wp.com\/guialimeira.com.br\/news\/wp-content\/uploads\/2024\/04\/Terminal-de-Onibus-da-Pauliceia_-novo-sistema-de-transporte-publico-comeca-a-funcionar-em-junho-1024x682.jpg?fit=1024%2C682&ssl=1","_links":{"self":[{"href":"https:\/\/guialimeira.com.br\/news\/wp-json\/wp\/v2\/posts\/2678","targetHints":{"allow":["GET"]}}],"collection":[{"href":"https:\/\/guialimeira.com.br\/news\/wp-json\/wp\/v2\/posts"}],"about":[{"href":"https:\/\/guialimeira.com.br\/news\/wp-json\/wp\/v2\/types\/post"}],"author":[{"embeddable":true,"href":"https:\/\/guialimeira.com.br\/news\/wp-json\/wp\/v2\/users\/1"}],"replies":[{"embeddable":true,"href":"https:\/\/guialimeira.com.br\/news\/wp-json\/wp\/v2\/comments?post=2678"}],"version-history":[{"count":0,"href":"https:\/\/guialimeira.com.br\/news\/wp-json\/wp\/v2\/posts\/2678\/revisions"}],"wp:featuredmedia":[{"embeddable":true,"href":"https:\/\/guialimeira.com.br\/news\/wp-json\/wp\/v2\/media\/2679"}],"wp:attachment":[{"href":"https:\/\/guialimeira.com.br\/news\/wp-json\/wp\/v2\/media?parent=2678"}],"wp:term":[{"taxonomy":"category","embeddable":true,"href":"https:\/\/guialimeira.com.br\/news\/wp-json\/wp\/v2\/categories?post=2678"},{"taxonomy":"post_tag","embeddable":true,"href":"https:\/\/guialimeira.com.br\/news\/wp-json\/wp\/v2\/tags?post=2678"}],"curies":[{"name":"wp","href":"https:\/\/api.w.org\/{rel}","templated":true}]}}