{"id":26777,"date":"2025-03-14T16:57:37","date_gmt":"2025-03-14T19:57:37","guid":{"rendered":"https:\/\/guialimeira.com.br\/?p=26777"},"modified":"2025-03-14T16:57:37","modified_gmt":"2025-03-14T19:57:37","slug":"lu-bogo-questiona-atendimento-de-neuropediatria-pelo-sus-e-cismetro","status":"publish","type":"post","link":"https:\/\/guialimeira.com.br\/news\/lu-bogo-questiona-atendimento-de-neuropediatria-pelo-sus-e-cismetro\/","title":{"rendered":"Lu Bogo questiona atendimento de neuropediatria pelo SUS e Cismetro"},"content":{"rendered":"\n<figure class=\"wp-block-gallery has-nested-images columns-default is-cropped wp-block-gallery-1 is-layout-flex wp-block-gallery-is-layout-flex\"><\/figure>\n \r\n<br><img data-recalc-dims=\"1\" decoding=\"async\" src=\"https:\/\/i0.wp.com\/guialimeira.com.br\/wp-content\/uploads\/2025\/03\/2025-03-14_lu-bogo-questiona-atendimento-de-neuropediatria-pelo-sus-e-cismetro_1.jpg?w=696&#038;ssl=1\" \/><br><div>\n\t\t\t\t\t<p>A vereadora Lu Bogo (PL) protocolou nesta sexta-feira, 14 de mar\u00e7o, o <a href=\"https:\/\/consulta.limeira.sp.leg.br\/Documentos\/Documento\/369728\" rel=\"noopener\">Requerimento N\u00ba 171\/2025<\/a> referente ao atendimento de neuropediatras em Limeira pelo SUS e Cismetro. De acordo com a parlamentar, as informa\u00e7\u00f5es s\u00e3o necess\u00e1rias devido ao grande n\u00famero de fam\u00edlias que aguardam a conclus\u00e3o de laudos para in\u00edcio de tratamentos e encaminhamentos m\u00e9dicos.\u00a0<\/p><p>\u201cO laudo do neuropediatra vai dar um diagn\u00f3stico correto, ajudar\u00e1 a fam\u00edlia a procurar um especialista para in\u00edcio de tratamentos, ajudar\u00e1 principalmente no que diz respeito \u00e0 educa\u00e7\u00e3o, \u00e0 rotina da sala de aula, da escola, das necessidades da crian\u00e7a\u201d, pontua Lu Bogo. \u201cEste laudo, este atendimento com o neuropediatra deve ser agilizado\u201d, completa a vereadora.\u00a0<\/p><p>Segundo a parlamentar, em resposta ao requerimento de 2022 \u00e0 C\u00e2mara, \u00e0quela \u00e9poca 317 crian\u00e7as aguardavam atendimento com neuropediatra. \u201cEm 2022 eram tr\u00eas profissionais para atender a demanda de Limeira. E com este requerimento vamos saber o que mudou, o que melhorou e o que precisa melhorar. O que n\u00e3o pode \u00e9 permanecer com um grande n\u00famero de crian\u00e7as aguardando por este atendimento e por este laudo\u201d, finalizou Lu Bogo.\u00a0<\/p><p>O <a href=\"https:\/\/consulta.limeira.sp.leg.br\/Documentos\/Documento\/369728\" rel=\"noopener\">Requerimento N\u00ba 171\/2025<\/a> ser\u00e1 lido em plen\u00e1rio e encaminhado ao Executivo, que ter\u00e1 at\u00e9 30 dias para responder \u00e0 vereadora.\u00a0<\/p><p><i>Do Gabinete Parlamentar \u2013 Vereadora Lu Bogo (PL)<\/i><\/p><p><strong>As mat\u00e9rias de origem dos Gabinetes Parlamentares s\u00e3o de inteira\u00a0 responsabilidade dos parlamentares e de suas assessorias. S\u00e3o devidamente assinadas e n\u00e3o refletem, necessariamente, a opini\u00e3o institucional da C\u00e2mara Municipal de Limeira.<\/strong><\/p>\t\t\t\t<\/div>\r\n<br>\r\n<br><a href=\"https:\/\/www.limeira.sp.leg.br\/noticias\/view\/2025-03-14_lu-bogo-questiona-atendimento-de-neuropediatria-pelo-sus-e-cismetro\" rel=\"noopener\">Informa\u00e7\u00f5es CML <\/a>","protected":false},"excerpt":{"rendered":"<p>A vereadora Lu Bogo (PL) protocolou nesta sexta-feira, 14 de mar\u00e7o, o Requerimento N\u00ba 171\/2025 referente ao atendimento de neuropediatras em Limeira pelo SUS e Cismetro. De acordo com a parlamentar, as informa\u00e7\u00f5es s\u00e3o necess\u00e1rias devido ao grande n\u00famero de fam\u00edlias que aguardam a conclus\u00e3o de laudos para in\u00edcio de tratamentos e encaminhamentos m\u00e9dicos.\u00a0 \u201cO [&hellip;]<\/p>\n","protected":false},"author":1,"featured_media":26778,"comment_status":"open","ping_status":"open","sticky":false,"template":"","format":"standard","meta":{"_jetpack_newsletter_access":"","_jetpack_dont_email_post_to_subs":false,"_jetpack_newsletter_tier_id":0,"_jetpack_memberships_contains_paywalled_content":false,"_mbp_banners":[],"_jetpack_feature_clip_id":0,"_jetpack_memberships_contains_paid_content":false,"footnotes":"","jetpack_publicize_message":"","jetpack_publicize_feature_enabled":true,"jetpack_social_post_already_shared":true,"jetpack_social_options":{"image_generator_settings":{"template":"highway","default_image_id":0,"font":"","enabled":false},"version":2},"jetpack_post_was_ever_published":false},"categories":[19],"tags":[],"class_list":["post-26777","post","type-post","status-publish","format-standard","has-post-thumbnail","category-politica"],"jetpack_publicize_connections":[],"jetpack-related-posts":[],"jetpack_shortlink":"https:\/\/wp.me\/p7Eq1F-6XT","jetpack_sharing_enabled":true,"jetpack_featured_media_url":"https:\/\/i0.wp.com\/guialimeira.com.br\/news\/wp-content\/uploads\/2025\/03\/Lu-Bogo-questiona-atendimento-de-neuropediatria-pelo-SUS-e-Cismetro.jpg?fit=1280%2C640&ssl=1","_links":{"self":[{"href":"https:\/\/guialimeira.com.br\/news\/wp-json\/wp\/v2\/posts\/26777","targetHints":{"allow":["GET"]}}],"collection":[{"href":"https:\/\/guialimeira.com.br\/news\/wp-json\/wp\/v2\/posts"}],"about":[{"href":"https:\/\/guialimeira.com.br\/news\/wp-json\/wp\/v2\/types\/post"}],"author":[{"embeddable":true,"href":"https:\/\/guialimeira.com.br\/news\/wp-json\/wp\/v2\/users\/1"}],"replies":[{"embeddable":true,"href":"https:\/\/guialimeira.com.br\/news\/wp-json\/wp\/v2\/comments?post=26777"}],"version-history":[{"count":1,"href":"https:\/\/guialimeira.com.br\/news\/wp-json\/wp\/v2\/posts\/26777\/revisions"}],"predecessor-version":[{"id":26779,"href":"https:\/\/guialimeira.com.br\/news\/wp-json\/wp\/v2\/posts\/26777\/revisions\/26779"}],"wp:featuredmedia":[{"embeddable":true,"href":"https:\/\/guialimeira.com.br\/news\/wp-json\/wp\/v2\/media\/26778"}],"wp:attachment":[{"href":"https:\/\/guialimeira.com.br\/news\/wp-json\/wp\/v2\/media?parent=26777"}],"wp:term":[{"taxonomy":"category","embeddable":true,"href":"https:\/\/guialimeira.com.br\/news\/wp-json\/wp\/v2\/categories?post=26777"},{"taxonomy":"post_tag","embeddable":true,"href":"https:\/\/guialimeira.com.br\/news\/wp-json\/wp\/v2\/tags?post=26777"}],"curies":[{"name":"wp","href":"https:\/\/api.w.org\/{rel}","templated":true}]}}