{"id":26758,"date":"2025-03-14T15:50:24","date_gmt":"2025-03-14T18:50:24","guid":{"rendered":"https:\/\/guialimeira.com.br\/?p=26758"},"modified":"2025-03-14T15:50:25","modified_gmt":"2025-03-14T18:50:25","slug":"vereador-waguinho-da-santa-luzia-solicita-informacoes-sobre-o-bem-estar-animal","status":"publish","type":"post","link":"https:\/\/guialimeira.com.br\/news\/vereador-waguinho-da-santa-luzia-solicita-informacoes-sobre-o-bem-estar-animal\/","title":{"rendered":"Vereador Waguinho da Santa Luzia solicita informa\u00e7\u00f5es sobre o Bem-Estar Animal"},"content":{"rendered":"\n<p class=\"wp-block-paragraph\">O vereador <strong>Wagner de Souza Rodrigues Costa, conhecido como Waguinho da Santa Luzia (Progressistas)<\/strong>, protocolou um requerimento solicitando informa\u00e7\u00f5es detalhadas ao Poder Executivo sobre o funcionamento do <strong>Bem-Estar Animal<\/strong> no munic\u00edpio. O objetivo \u00e9 esclarecer quest\u00f5es relacionadas \u00e0 capacidade de acolhimento, atendimento \u00e0 popula\u00e7\u00e3o, resgate de animais errantes, castra\u00e7\u00e3o, microchipagem, banco de ra\u00e7\u00e3o, fiscaliza\u00e7\u00e3o de maus-tratos e outras a\u00e7\u00f5es realizadas pelo \u00f3rg\u00e3o.<\/p>\n\n\n\n<h2 class=\"wp-block-heading\"><strong>Capacidade e Estrutura do Bem-Estar Animal<\/strong><\/h2>\n\n\n\n<p class=\"wp-block-paragraph\">Uma das principais preocupa\u00e7\u00f5es do vereador \u00e9 entender a <strong>capacidade de atendimento do Bem-Estar Animal<\/strong>. Dentre os questionamentos, ele busca saber:<\/p>\n\n\n\n<p class=\"wp-block-paragraph\">\u2705 Quantos animais podem ser abrigados no local?<br>\u2705 Quantos est\u00e3o atualmente sob cuidados?<br>\u2705 Qual o n\u00famero de c\u00e3es da ra\u00e7a Pitbull e como isso afeta o espa\u00e7o dispon\u00edvel para outros animais?<\/p>\n\n\n\n<h2 class=\"wp-block-heading\"><strong>Servi\u00e7os Prestados \u00e0 Popula\u00e7\u00e3o<\/strong><\/h2>\n\n\n\n<p class=\"wp-block-paragraph\">O requerimento tamb\u00e9m solicita informa\u00e7\u00f5es sobre os servi\u00e7os oferecidos \u00e0 popula\u00e7\u00e3o, como:<\/p>\n\n\n\n<p class=\"wp-block-paragraph\">\ud83d\udd39 Quais atendimentos s\u00e3o disponibilizados?<br>\ud83d\udd39 O hor\u00e1rio de funcionamento do Bem-Estar Animal.<br>\ud83d\udd39 A necessidade de agendamento e os canais de contato para informa\u00e7\u00f5es.<\/p>\n\n\n\n<h2 class=\"wp-block-heading\"><strong>Resgate e Atendimento a Animais Errantes<\/strong><\/h2>\n\n\n\n<p class=\"wp-block-paragraph\">O vereador questiona quais procedimentos s\u00e3o adotados ao resgatar <strong>animais errantes ou em situa\u00e7\u00e3o de risco<\/strong>, incluindo a realiza\u00e7\u00e3o de cirurgias e tratamentos espec\u00edficos. Entre os pontos abordados, destacam-se:<\/p>\n\n\n\n<p class=\"wp-block-paragraph\">\ud83d\udc3e Tipos de cirurgias dispon\u00edveis para animais resgatados.<br>\ud83d\udc3e Atendimento para procedimentos ortop\u00e9dicos e g\u00e1stricos.<br>\ud83d\udc3e N\u00famero de cirurgias realizadas em 2024.<br>\ud83d\udc3e Registros sobre eutan\u00e1sias realizadas.<\/p>\n\n\n\n<h2 class=\"wp-block-heading\"><strong>Castra\u00e7\u00e3o e Microchipagem<\/strong><\/h2>\n\n\n\n<p class=\"wp-block-paragraph\">A castra\u00e7\u00e3o e a microchipagem s\u00e3o a\u00e7\u00f5es fundamentais para o <strong>controle populacional e a identifica\u00e7\u00e3o de animais dom\u00e9sticos<\/strong>. O vereador solicita informa\u00e7\u00f5es como:<\/p>\n\n\n\n<p class=\"wp-block-paragraph\">\ud83d\udccc Frequ\u00eancia dos procedimentos de castra\u00e7\u00e3o e n\u00famero de animais atendidos.<br>\ud83d\udccc Exist\u00eancia de um banco de dados para registro dos animais microchipados.<br>\ud83d\udccc Procedimentos para localizar o tutor de um animal identificado fora do hor\u00e1rio de expediente.<\/p>\n\n\n\n<h2 class=\"wp-block-heading\"><strong>Banco de Ra\u00e7\u00e3o e Apoio a Protetores<\/strong><\/h2>\n\n\n\n<p class=\"wp-block-paragraph\">Outro ponto levantado \u00e9 a exist\u00eancia de um <strong>programa municipal de banco de ra\u00e7\u00e3o<\/strong> para auxiliar protetores independentes, ONGs e tutores de baixa renda. O requerimento busca esclarecer:<\/p>\n\n\n\n<p class=\"wp-block-paragraph\">\ud83c\udf7d\ufe0f Crit\u00e9rios para acesso ao benef\u00edcio.<br>\ud83c\udf7d\ufe0f Quantidade de ra\u00e7\u00e3o distribu\u00edda em 2024.<br>\ud83c\udf7d\ufe0f Fontes de financiamento e fiscaliza\u00e7\u00e3o do programa.<\/p>\n\n\n\n<h2 class=\"wp-block-heading\"><strong>Fiscaliza\u00e7\u00e3o de Maus-Tratos e Abandono de Animais<\/strong><\/h2>\n\n\n\n<p class=\"wp-block-paragraph\">A prote\u00e7\u00e3o animal tamb\u00e9m envolve a fiscaliza\u00e7\u00e3o de <strong>maus-tratos e abandono<\/strong>. Por isso, Waguinho da Santa Luzia cobra informa\u00e7\u00f5es sobre:<\/p>\n\n\n\n<p class=\"wp-block-paragraph\">\u2696\ufe0f N\u00famero de fiscais atuantes.<br>\u2696\ufe0f Processo de abordagem em den\u00fancias de maus-tratos.<br>\u2696\ufe0f Prazos m\u00e9dios para atendimento das den\u00fancias.<br>\u2696\ufe0f Penalidades aplicadas aos respons\u00e1veis por abandono e crueldade.<\/p>\n\n\n\n<h2 class=\"wp-block-heading\"><strong>Recursos Humanos e Infraestrutura<\/strong><\/h2>\n\n\n\n<p class=\"wp-block-paragraph\">Para garantir o pleno funcionamento do Bem-Estar Animal, \u00e9 essencial que a equipe seja bem estruturada. O vereador questiona:<\/p>\n\n\n\n<p class=\"wp-block-paragraph\">\ud83d\udc65 Quantidade de funcion\u00e1rios e suas fun\u00e7\u00f5es.<br>\ud83d\udc65 Escala de trabalho, incluindo plant\u00f5es noturnos, finais de semana e feriados.<\/p>\n\n\n\n<p class=\"wp-block-paragraph\">Al\u00e9m disso, o requerimento pede esclarecimentos sobre <strong>equipamentos adquiridos por meio de contratos p\u00fablicos<\/strong>, como aparelhos de raio-X, ultrassonografia e analisadores hematol\u00f3gicos.<\/p>\n\n\n\n<h2 class=\"wp-block-heading\"><strong>Castra\u00e7\u00e3o e Parcerias com Protetores<\/strong><\/h2>\n\n\n\n<p class=\"wp-block-paragraph\">Um dos destaques do documento \u00e9 a cobran\u00e7a de informa\u00e7\u00f5es sobre a execu\u00e7\u00e3o do contrato de <strong>mutir\u00e3o de castra\u00e7\u00e3o<\/strong>, que prev\u00ea quase 5 mil procedimentos. O vereador tamb\u00e9m pergunta sobre:<\/p>\n\n\n\n<p class=\"wp-block-paragraph\">\ud83d\udc36 Parcerias com ONGs e protetores independentes.<br>\ud83d\udc36 A exist\u00eancia e funcionamento do <strong>Castram\u00f3vel<\/strong>, ve\u00edculo destinado a levar o servi\u00e7o de castra\u00e7\u00e3o para diferentes regi\u00f5es do munic\u00edpio.<\/p>\n\n\n\n<h2 class=\"wp-block-heading\"><strong>Ado\u00e7\u00e3o de Animais e Nova Sede<\/strong><\/h2>\n\n\n\n<p class=\"wp-block-paragraph\">A ado\u00e7\u00e3o de animais tamb\u00e9m \u00e9 um ponto de interesse. O requerimento solicita dados sobre:<\/p>\n\n\n\n<p class=\"wp-block-paragraph\">\ud83c\udfe1 N\u00famero de animais adotados em 2024.<br>\ud83c\udfe1 Crit\u00e9rios e campanhas para incentivo \u00e0 ado\u00e7\u00e3o.<\/p>\n\n\n\n<p class=\"wp-block-paragraph\">Por fim, Waguinho da Santa Luzia pergunta se h\u00e1 <strong>projetos para a constru\u00e7\u00e3o de uma nova sede para o Bem-Estar Animal<\/strong>, considerando a crescente demanda por atendimento e acolhimento.<\/p>\n","protected":false},"excerpt":{"rendered":"<p>O vereador Wagner de Souza Rodrigues Costa, conhecido como Waguinho da Santa Luzia (Progressistas), protocolou um requerimento solicitando informa\u00e7\u00f5es detalhadas ao Poder Executivo sobre o funcionamento do Bem-Estar Animal no munic\u00edpio. O objetivo \u00e9 esclarecer quest\u00f5es relacionadas \u00e0 capacidade de acolhimento, atendimento \u00e0 popula\u00e7\u00e3o, resgate de animais errantes, castra\u00e7\u00e3o, microchipagem, banco de ra\u00e7\u00e3o, fiscaliza\u00e7\u00e3o de [&hellip;]<\/p>\n","protected":false},"author":1,"featured_media":26759,"comment_status":"open","ping_status":"open","sticky":false,"template":"","format":"standard","meta":{"_jetpack_newsletter_access":"","_jetpack_dont_email_post_to_subs":false,"_jetpack_newsletter_tier_id":0,"_jetpack_memberships_contains_paywalled_content":false,"_mbp_banners":[],"_jetpack_feature_clip_id":0,"_jetpack_memberships_contains_paid_content":false,"footnotes":"","jetpack_publicize_message":"","jetpack_publicize_feature_enabled":true,"jetpack_social_post_already_shared":true,"jetpack_social_options":{"image_generator_settings":{"template":"highway","default_image_id":0,"font":"","enabled":false},"version":2},"jetpack_post_was_ever_published":false},"categories":[19],"tags":[],"class_list":["post-26758","post","type-post","status-publish","format-standard","has-post-thumbnail","category-politica"],"jetpack_publicize_connections":[],"jetpack-related-posts":[],"jetpack_shortlink":"https:\/\/wp.me\/p7Eq1F-6XA","jetpack_sharing_enabled":true,"jetpack_featured_media_url":"https:\/\/i0.wp.com\/guialimeira.com.br\/news\/wp-content\/uploads\/2025\/03\/bem-estar-animal-limeira.png?fit=923%2C630&ssl=1","_links":{"self":[{"href":"https:\/\/guialimeira.com.br\/news\/wp-json\/wp\/v2\/posts\/26758","targetHints":{"allow":["GET"]}}],"collection":[{"href":"https:\/\/guialimeira.com.br\/news\/wp-json\/wp\/v2\/posts"}],"about":[{"href":"https:\/\/guialimeira.com.br\/news\/wp-json\/wp\/v2\/types\/post"}],"author":[{"embeddable":true,"href":"https:\/\/guialimeira.com.br\/news\/wp-json\/wp\/v2\/users\/1"}],"replies":[{"embeddable":true,"href":"https:\/\/guialimeira.com.br\/news\/wp-json\/wp\/v2\/comments?post=26758"}],"version-history":[{"count":1,"href":"https:\/\/guialimeira.com.br\/news\/wp-json\/wp\/v2\/posts\/26758\/revisions"}],"predecessor-version":[{"id":26760,"href":"https:\/\/guialimeira.com.br\/news\/wp-json\/wp\/v2\/posts\/26758\/revisions\/26760"}],"wp:featuredmedia":[{"embeddable":true,"href":"https:\/\/guialimeira.com.br\/news\/wp-json\/wp\/v2\/media\/26759"}],"wp:attachment":[{"href":"https:\/\/guialimeira.com.br\/news\/wp-json\/wp\/v2\/media?parent=26758"}],"wp:term":[{"taxonomy":"category","embeddable":true,"href":"https:\/\/guialimeira.com.br\/news\/wp-json\/wp\/v2\/categories?post=26758"},{"taxonomy":"post_tag","embeddable":true,"href":"https:\/\/guialimeira.com.br\/news\/wp-json\/wp\/v2\/tags?post=26758"}],"curies":[{"name":"wp","href":"https:\/\/api.w.org\/{rel}","templated":true}]}}