{"id":2675,"date":"2024-04-24T21:03:46","date_gmt":"2024-04-25T00:03:46","guid":{"rendered":"https:\/\/guialimeira.com.br\/2024\/04\/24\/zanin-sera-relator-de-acao-do-governo-contra-desoneracao\/"},"modified":"2024-04-24T21:03:46","modified_gmt":"2024-04-25T00:03:46","slug":"zanin-sera-relator-de-acao-do-governo-contra-desoneracao","status":"publish","type":"post","link":"https:\/\/guialimeira.com.br\/news\/zanin-sera-relator-de-acao-do-governo-contra-desoneracao\/","title":{"rendered":"Zanin ser\u00e1 relator de a\u00e7\u00e3o do governo contra desonera\u00e7\u00e3o"},"content":{"rendered":"<p> <br \/>\n<\/p>\n<div>\n<p>O ministro do Supremo Tribunal Federal (STF) Cristiano Zanin ser\u00e1 o relator da a\u00e7\u00e3o na qual o governo federal pretende derrubar a desonera\u00e7\u00e3o de impostos sobre a folha de pagamento de 17 setores da economia e de determinados munic\u00edpios. Mais cedo, a a\u00e7\u00e3o foi protocolada \u00a0pela Advocacia-Geral da Uni\u00e3o (AGU).<img data-recalc-dims=\"1\" decoding=\"async\" src=\"https:\/\/i0.wp.com\/agenciabrasil.ebc.com.br\/ebc.png?w=696&#038;ssl=1\" style=\"width:1px; height:1px; display:inline;\"\/><img data-recalc-dims=\"1\" decoding=\"async\" src=\"https:\/\/i0.wp.com\/agenciabrasil.ebc.com.br\/ebc.gif?w=696&#038;ssl=1\" style=\"width:1px; height:1px; display:inline;\"\/><\/p>\n<p>A escolha de Zanin para relatar o caso foi feita por preven\u00e7\u00e3o. O ministro j\u00e1 atua como relator em uma outra a\u00e7\u00e3o sobre a quest\u00e3o. N\u00e3o h\u00e1 previs\u00e3o para a decis\u00e3o do ministro.<\/p>\n<p>No entendimento da AGU, a desonera\u00e7\u00e3o foi prorrogada at\u00e9 2027 pelo Congresso Nacional, sem estabelecer o impacto financeiro da ren\u00fancia fiscal. A peti\u00e7\u00e3o foi assinada pelo presidente Luiz In\u00e1cio Lula da Silva e pelo advogado-geral da Uni\u00e3o Jorge Messias.<\/p>\n<p>A a\u00e7\u00e3o tamb\u00e9m contesta a decis\u00e3o do presidente do Senado, Rodrigo Pacheco (PSD-MG), que invalidou trecho da Medida Provis\u00f3ria (MP) 1.202\/2023. A MP derrubou a desonera\u00e7\u00e3o previdenci\u00e1ria para pequenas e m\u00e9dias prefeituras.<\/p>\n<\/p><\/div>\n<p><br \/>\n<br \/><a href=\"https:\/\/agenciabrasil.ebc.com.br\/justica\/noticia\/2024-04\/zanin-sera-relator-de-acao-do-governo-contra-desoneracao\" rel=\"noopener\">Ag\u00eancia Brasil<\/a><\/p>\n","protected":false},"excerpt":{"rendered":"<p>O ministro do Supremo Tribunal Federal (STF) Cristiano Zanin ser\u00e1 o relator da a\u00e7\u00e3o na qual o governo federal pretende derrubar a desonera\u00e7\u00e3o de impostos sobre a folha de pagamento de 17 setores da economia e de determinados munic\u00edpios. Mais cedo, a a\u00e7\u00e3o foi protocolada \u00a0pela Advocacia-Geral da Uni\u00e3o (AGU). A escolha de Zanin para [&hellip;]<\/p>\n","protected":false},"author":1,"featured_media":2676,"comment_status":"open","ping_status":"open","sticky":false,"template":"","format":"standard","meta":{"_jetpack_newsletter_access":"","_jetpack_dont_email_post_to_subs":false,"_jetpack_newsletter_tier_id":0,"_jetpack_memberships_contains_paywalled_content":false,"_mbp_banners":[],"_jetpack_feature_clip_id":0,"_jetpack_memberships_contains_paid_content":false,"footnotes":"","jetpack_publicize_message":"","jetpack_publicize_feature_enabled":true,"jetpack_social_post_already_shared":true,"jetpack_social_options":{"image_generator_settings":{"template":"highway","default_image_id":0,"font":"","enabled":false},"version":2},"jetpack_post_was_ever_published":false},"categories":[22],"tags":[],"class_list":["post-2675","post","type-post","status-publish","format-standard","has-post-thumbnail","category-nacional"],"jetpack_publicize_connections":[],"jetpack-related-posts":[],"jetpack_shortlink":"https:\/\/wp.me\/p7Eq1F-H9","jetpack_sharing_enabled":true,"jetpack_featured_media_url":"https:\/\/i0.wp.com\/guialimeira.com.br\/news\/wp-content\/uploads\/2024\/04\/124a4622.jpg?fit=1600%2C800&ssl=1","_links":{"self":[{"href":"https:\/\/guialimeira.com.br\/news\/wp-json\/wp\/v2\/posts\/2675","targetHints":{"allow":["GET"]}}],"collection":[{"href":"https:\/\/guialimeira.com.br\/news\/wp-json\/wp\/v2\/posts"}],"about":[{"href":"https:\/\/guialimeira.com.br\/news\/wp-json\/wp\/v2\/types\/post"}],"author":[{"embeddable":true,"href":"https:\/\/guialimeira.com.br\/news\/wp-json\/wp\/v2\/users\/1"}],"replies":[{"embeddable":true,"href":"https:\/\/guialimeira.com.br\/news\/wp-json\/wp\/v2\/comments?post=2675"}],"version-history":[{"count":0,"href":"https:\/\/guialimeira.com.br\/news\/wp-json\/wp\/v2\/posts\/2675\/revisions"}],"wp:featuredmedia":[{"embeddable":true,"href":"https:\/\/guialimeira.com.br\/news\/wp-json\/wp\/v2\/media\/2676"}],"wp:attachment":[{"href":"https:\/\/guialimeira.com.br\/news\/wp-json\/wp\/v2\/media?parent=2675"}],"wp:term":[{"taxonomy":"category","embeddable":true,"href":"https:\/\/guialimeira.com.br\/news\/wp-json\/wp\/v2\/categories?post=2675"},{"taxonomy":"post_tag","embeddable":true,"href":"https:\/\/guialimeira.com.br\/news\/wp-json\/wp\/v2\/tags?post=2675"}],"curies":[{"name":"wp","href":"https:\/\/api.w.org\/{rel}","templated":true}]}}