{"id":26743,"date":"2025-03-14T13:54:37","date_gmt":"2025-03-14T16:54:37","guid":{"rendered":"https:\/\/guialimeira.com.br\/?p=26743"},"modified":"2025-03-14T13:54:37","modified_gmt":"2025-03-14T16:54:37","slug":"sessao-ordinaria-vereadores-votam-quatro-projetos-na-segunda-feira-17-3","status":"publish","type":"post","link":"https:\/\/guialimeira.com.br\/news\/sessao-ordinaria-vereadores-votam-quatro-projetos-na-segunda-feira-17-3\/","title":{"rendered":"Sess\u00e3o ordin\u00e1ria: vereadores votam quatro projetos na segunda-feira (17\/3)"},"content":{"rendered":"\n<figure class=\"wp-block-gallery has-nested-images columns-default is-cropped wp-block-gallery-1 is-layout-flex wp-block-gallery-is-layout-flex\"><\/figure>\n \r\n<br><img data-recalc-dims=\"1\" decoding=\"async\" src=\"https:\/\/i0.wp.com\/guialimeira.com.br\/wp-content\/uploads\/2025\/03\/2025-03-14_sessao-ordinaria-vereadores-votam-quatro-projetos-na-segundafeira-173_1.jpg?w=696&#038;ssl=1\" \/><br><div>\n\t\t\t\t\t<p>Quatro projetos est\u00e3o na pauta da pr\u00f3xima sess\u00e3o ordin\u00e1ria da C\u00e2mara Municipal de Limeira que acontece na segunda-feira, 17 de mar\u00e7o. A vota\u00e7\u00e3o segue a <a href=\"https:\/\/consulta.limeira.sp.leg.br\/Sessoes\/Documento\/369604\" rel=\"noopener\">Ordem do Dia<\/a> e os trabalhos podem ser acompanhados\u00a0 ao vivo pelos canais de comunica\u00e7\u00e3o do Legislativo no <a href=\"https:\/\/www.youtube.com\/user\/camaradelimeira\" rel=\"noopener\">Youtube<\/a>,<a href=\"https:\/\/www.facebook.com\/camaradelimeira\/\" rel=\"noopener\"> Facebook<\/a> e<a href=\"http:\/\/www.limeira.sp.leg.br\/sessoes\/aovivo\" rel=\"noopener\"> site<\/a>, e pela R\u00e1dio Limeira FM 106,9, a partir das 17h.\u00a0<\/p><p>Devido \u00e0s obras de reforma e amplia\u00e7\u00e3o da sede, a C\u00e2mara est\u00e1 localizada na rua Clarino Peixoto, 280 &#8211; Jardim Maria Buchi Modeneis; para entrar no pr\u00e9dio e acompanhar as sess\u00f5es presencialmente basta se identificar na portaria e seguir at\u00e9 o \u00faltimo bloco.\u00a0 Para saber como chegar no novo endere\u00e7o, acesse este <a href=\"https:\/\/www.limeira.sp.leg.br\/noticias\/view\/2025-01-30_camara-de-limeira-funciona-em-novo-endereco-devido-obras-de-ampliacao-e-reforma\" rel=\"noopener\">link<\/a>.<\/p><p>Confira as proposituras que v\u00e3o \u00e0 vota\u00e7\u00e3o:<\/p><p><a href=\"https:\/\/consulta.limeira.sp.leg.br\/Documentos\/Documento\/357068\" rel=\"noopener\">Projeto de Lei N\u00ba 149\/2024<\/a>, do vereador Nilton Santos (Republicanos), perpetua o nome de Aur\u00e9lio Izidio Baz\u00edlio na \u00e1rea verde 02 + APP do loteamento Jardim Primavera.<\/p><p><a href=\"https:\/\/consulta.limeira.sp.leg.br\/Documentos\/Documento\/361718\" rel=\"noopener\">Projeto de Lei N\u00ba 161\/2024<\/a>, do vereador Waguinho da Santa Luzia (PP), declara de utilidade p\u00fablica o Centro Social Alessandra Neves.<\/p><p><a href=\"https:\/\/consulta.limeira.sp.leg.br\/Documentos\/Documento\/366639\" rel=\"noopener\">Projeto de Lei Complementar N\u00ba 2\/2025<\/a>, da vereadora Mara Isa Mattos Silveira (PL),\u00a0 altera a reda\u00e7\u00e3o do artigo 202 da <a href=\"https:\/\/legislacao.limeira.sp.leg.br\/Limeira-SP\/LeisOrdinarias\/1890-1983\" rel=\"noopener\">Lei N\u00ba 1.890\/1983<\/a>, que estabelece o C\u00f3digo Tribut\u00e1rio Municipal.<\/p><p><a href=\"https:\/\/consulta.limeira.sp.leg.br\/Documentos\/Documento\/367337\" rel=\"noopener\">Projeto de Resolu\u00e7\u00e3o N\u00ba 8\/2025<\/a>, da mesa Diretora, composta pelos vereadores Everton Ferreira (PSD), Tatiane Lopes (Avante), Mara Isa Mattos Silveira (PL) e Costa J\u00fanior (Podemos), altera dispositivos e os anexos da <a href=\"https:\/\/legislacao.limeira.sp.leg.br\/Limeira-SP\/Resolucoes\/846-2023\" rel=\"noopener\">Resolu\u00e7\u00e3o N\u00ba 846\/2023<\/a>, que trata sobre a estrutura\u00e7\u00e3o administrativa e organizacional e sobre o quadro permanente de cargos, refer\u00eancias, vencimentos, fun\u00e7\u00f5es gratificadas e atribui\u00e7\u00f5es da C\u00e2mara Municipal de Limeira.<\/p>\t\t\t\t<\/div>\r\n<br>\r\n<br><a href=\"https:\/\/www.limeira.sp.leg.br\/noticias\/view\/2025-03-14_sessao-ordinaria-vereadores-votam-quatro-projetos-na-segundafeira-173\" rel=\"noopener\">Informa\u00e7\u00f5es CML <\/a>","protected":false},"excerpt":{"rendered":"<p>Quatro projetos est\u00e3o na pauta da pr\u00f3xima sess\u00e3o ordin\u00e1ria da C\u00e2mara Municipal de Limeira que acontece na segunda-feira, 17 de mar\u00e7o. A vota\u00e7\u00e3o segue a Ordem do Dia e os trabalhos podem ser acompanhados\u00a0 ao vivo pelos canais de comunica\u00e7\u00e3o do Legislativo no Youtube, Facebook e site, e pela R\u00e1dio Limeira FM 106,9, a partir [&hellip;]<\/p>\n","protected":false},"author":1,"featured_media":26744,"comment_status":"open","ping_status":"open","sticky":false,"template":"","format":"standard","meta":{"_jetpack_newsletter_access":"","_jetpack_dont_email_post_to_subs":false,"_jetpack_newsletter_tier_id":0,"_jetpack_memberships_contains_paywalled_content":false,"_mbp_banners":[],"_jetpack_feature_clip_id":0,"_jetpack_memberships_contains_paid_content":false,"footnotes":"","jetpack_publicize_message":"","jetpack_publicize_feature_enabled":true,"jetpack_social_post_already_shared":true,"jetpack_social_options":{"image_generator_settings":{"template":"highway","default_image_id":0,"font":"","enabled":false},"version":2},"jetpack_post_was_ever_published":false},"categories":[19],"tags":[],"class_list":["post-26743","post","type-post","status-publish","format-standard","has-post-thumbnail","category-politica"],"jetpack_publicize_connections":[],"jetpack-related-posts":[],"jetpack_shortlink":"https:\/\/wp.me\/p7Eq1F-6Xl","jetpack_sharing_enabled":true,"jetpack_featured_media_url":"https:\/\/i0.wp.com\/guialimeira.com.br\/news\/wp-content\/uploads\/2025\/03\/Sessao-ordinaria-vereadores-votam-quatro-projetos-na-segunda-feira-173.jpg?fit=1280%2C640&ssl=1","_links":{"self":[{"href":"https:\/\/guialimeira.com.br\/news\/wp-json\/wp\/v2\/posts\/26743","targetHints":{"allow":["GET"]}}],"collection":[{"href":"https:\/\/guialimeira.com.br\/news\/wp-json\/wp\/v2\/posts"}],"about":[{"href":"https:\/\/guialimeira.com.br\/news\/wp-json\/wp\/v2\/types\/post"}],"author":[{"embeddable":true,"href":"https:\/\/guialimeira.com.br\/news\/wp-json\/wp\/v2\/users\/1"}],"replies":[{"embeddable":true,"href":"https:\/\/guialimeira.com.br\/news\/wp-json\/wp\/v2\/comments?post=26743"}],"version-history":[{"count":1,"href":"https:\/\/guialimeira.com.br\/news\/wp-json\/wp\/v2\/posts\/26743\/revisions"}],"predecessor-version":[{"id":26745,"href":"https:\/\/guialimeira.com.br\/news\/wp-json\/wp\/v2\/posts\/26743\/revisions\/26745"}],"wp:featuredmedia":[{"embeddable":true,"href":"https:\/\/guialimeira.com.br\/news\/wp-json\/wp\/v2\/media\/26744"}],"wp:attachment":[{"href":"https:\/\/guialimeira.com.br\/news\/wp-json\/wp\/v2\/media?parent=26743"}],"wp:term":[{"taxonomy":"category","embeddable":true,"href":"https:\/\/guialimeira.com.br\/news\/wp-json\/wp\/v2\/categories?post=26743"},{"taxonomy":"post_tag","embeddable":true,"href":"https:\/\/guialimeira.com.br\/news\/wp-json\/wp\/v2\/tags?post=26743"}],"curies":[{"name":"wp","href":"https:\/\/api.w.org\/{rel}","templated":true}]}}