{"id":26722,"date":"2025-03-14T10:50:13","date_gmt":"2025-03-14T13:50:13","guid":{"rendered":"https:\/\/guialimeira.com.br\/?p=26722"},"modified":"2025-03-14T10:50:13","modified_gmt":"2025-03-14T13:50:13","slug":"sem-acordo-deputados-adiam-decisao-sobre-comissoes-da-camara","status":"publish","type":"post","link":"https:\/\/guialimeira.com.br\/news\/sem-acordo-deputados-adiam-decisao-sobre-comissoes-da-camara\/","title":{"rendered":"Sem acordo, deputados adiam decis\u00e3o sobre Comiss\u00f5es da C\u00e2mara"},"content":{"rendered":"\n<figure class=\"wp-block-gallery has-nested-images columns-default is-cropped wp-block-gallery-1 is-layout-flex wp-block-gallery-is-layout-flex\">\n<figure class=\"wp-block-image size-large\"><\/figure>\n\t\t\t\t\t\n<figure class=\"wp-block-image size-large\"><img loading=\"lazy\" decoding=\"async\" width=\"1\" height=\"1\" data-attachment-id=\"26720\" data-permalink=\"https:\/\/guialimeira.com.br\/news\/sem-acordo-deputados-adiam-decisao-sobre-comissoes-da-camara-2\/\" data-orig-file=\"https:\/\/i0.wp.com\/guialimeira.com.br\/news\/wp-content\/uploads\/2025\/03\/1741960207_735_ebc.gif?fit=1%2C1&amp;ssl=1\" data-orig-size=\"1,1\" data-comments-opened=\"1\" data-image-meta=\"{&quot;aperture&quot;:&quot;0&quot;,&quot;credit&quot;:&quot;&quot;,&quot;camera&quot;:&quot;&quot;,&quot;caption&quot;:&quot;&quot;,&quot;created_timestamp&quot;:&quot;0&quot;,&quot;copyright&quot;:&quot;&quot;,&quot;focal_length&quot;:&quot;0&quot;,&quot;iso&quot;:&quot;0&quot;,&quot;shutter_speed&quot;:&quot;0&quot;,&quot;title&quot;:&quot;&quot;,&quot;orientation&quot;:&quot;0&quot;}\" data-image-title=\"Sem acordo, deputados adiam decis\u00e3o sobre Comiss\u00f5es da C\u00e2mara\" data-image-description=\"\" data-image-caption=\"\" data-large-file=\"https:\/\/i0.wp.com\/guialimeira.com.br\/news\/wp-content\/uploads\/2025\/03\/1741960207_735_ebc.gif?fit=1%2C1&amp;ssl=1\" data-id=\"26720\" src=\"https:\/\/i0.wp.com\/guialimeira.com.br\/wp-content\/uploads\/2025\/03\/1741960207_735_ebc.gif?resize=1%2C1&amp;ssl=1\" alt=\"\" class=\"wp-image-26720\" \/><\/figure>\n\t\t\t\t\t\n<figure class=\"wp-block-image size-large\"><img loading=\"lazy\" decoding=\"async\" width=\"754\" height=\"491\" data-attachment-id=\"26721\" data-permalink=\"https:\/\/guialimeira.com.br\/news\/sem-acordo-deputados-adiam-decisao-sobre-comissoes-da-camara-3\/\" data-orig-file=\"https:\/\/i0.wp.com\/guialimeira.com.br\/news\/wp-content\/uploads\/2025\/03\/lula4147.jpg?fit=754%2C491&amp;ssl=1\" data-orig-size=\"754,491\" data-comments-opened=\"1\" data-image-meta=\"{&quot;aperture&quot;:&quot;0&quot;,&quot;credit&quot;:&quot;&quot;,&quot;camera&quot;:&quot;&quot;,&quot;caption&quot;:&quot;&quot;,&quot;created_timestamp&quot;:&quot;0&quot;,&quot;copyright&quot;:&quot;&quot;,&quot;focal_length&quot;:&quot;0&quot;,&quot;iso&quot;:&quot;0&quot;,&quot;shutter_speed&quot;:&quot;0&quot;,&quot;title&quot;:&quot;&quot;,&quot;orientation&quot;:&quot;0&quot;}\" data-image-title=\"Sem acordo, deputados adiam decis\u00e3o sobre Comiss\u00f5es da C\u00e2mara\" data-image-description=\"\" data-image-caption=\"\" data-large-file=\"https:\/\/i0.wp.com\/guialimeira.com.br\/news\/wp-content\/uploads\/2025\/03\/lula4147.jpg?fit=696%2C453&amp;ssl=1\" data-id=\"26721\" src=\"https:\/\/i0.wp.com\/guialimeira.com.br\/wp-content\/uploads\/2025\/03\/lula4147.jpg?resize=150%2C150&amp;ssl=1\" alt=\"\" class=\"wp-image-26721\" \/><\/figure>\n\t\t\t\t\t<\/figure>\n \r\n<br><div>\n                    <p><strong>A reuni\u00e3o de l\u00edderes partid\u00e1rios da C\u00e2mara dos Deputados desta quinta-feira (13) terminou, novamente, sem defini\u00e7\u00e3o sobre quais legendas\u00a0ficar\u00e3o com as presid\u00eancias das comiss\u00f5es permanentes da Casa.<\/strong> Nova reuni\u00e3o foi marcada para a pr\u00f3xima ter\u00e7a-feira (18), \u00e0s 14h, para\u00a0tentar finalizar um acordo.<img data-recalc-dims=\"1\" decoding=\"async\" src=\"https:\/\/i0.wp.com\/guialimeira.com.br\/wp-content\/uploads\/2025\/03\/1741960207_463_ebc.png?w=696&#038;ssl=1\" style=\"width:1px;height:1px\" \/><img data-recalc-dims=\"1\" decoding=\"async\" src=\"https:\/\/i0.wp.com\/guialimeira.com.br\/wp-content\/uploads\/2025\/03\/1741960207_735_ebc.gif?w=696&#038;ssl=1\" style=\"width:1px;height:1px\" \/><\/p>\n\n<p><strong>Uma das disputas gira em torno da indica\u00e7\u00e3o para a Comiss\u00e3o de Rela\u00e7\u00f5es Exteriores, que o PL quer entregar ao deputado Eduardo Bolsonaro (PL-SP).<\/strong> N\u00e3o h\u00e1 acordo tamb\u00e9m sobre quem vai liderar a Comiss\u00e3o de Constitui\u00e7\u00e3o e Justi\u00e7a (CCJ), a mais importante da C\u00e2mara, e a Comiss\u00e3o Mista de Or\u00e7amento (CMO), que aprova o or\u00e7amento da Uni\u00e3o.<\/p>\n\n<p>O l\u00edder do governo na C\u00e2mara, deputado Jos\u00e9 Guimar\u00e3es (PT-CE), disse que ainda n\u00e3o h\u00e1 acordo entre todos os l\u00edderes.<\/p>\n\n<blockquote>\n<p>\u201cO presidente da C\u00e2mara estabeleceu, a crit\u00e9rio dele, que as conversas n\u00e3o foram conclu\u00eddas bilateralmente com os l\u00edderes. Faltam seis l\u00edderes para ele conversar\u201d, comentou com jornalistas.<\/p>\n<\/blockquote>\n\n<p><strong>Guimar\u00e3es contou ainda que o presidente da C\u00e2mara, deputado Hugo Motta (Republicanos-PB), decidiu que nenhuma legenda deve ficar sem presid\u00eancia de Comiss\u00e3o<\/strong>. J\u00e1 Motta saiu do encontro de l\u00edderes sem falar com a imprensa.<br \/>\u00a0<\/p>\n\n<div class=\"dnd-widget-wrapper context-cheio_8colunas type-image\"><div class=\"dnd-atom-rendered\"><!-- scald=417373:cheio_8colunas -->\n            <img data-recalc-dims=\"1\" decoding=\"async\" src=\"https:\/\/i0.wp.com\/guialimeira.com.br\/wp-content\/uploads\/2025\/03\/lula4147.jpg?w=696&#038;ssl=1\" alt=\"Bras\u00edlia (DF), 13\/03\/2025  - Reuni\u00e3o de l\u00edderes da C\u00e2mara. Foto: Lula Marques\/Ag\u00eancia Brasil\" title=\"Lula Marques\/Ag\u00eancia Brasil\" \/>\n        <img data-recalc-dims=\"1\" decoding=\"async\" src=\"https:\/\/i0.wp.com\/guialimeira.com.br\/wp-content\/uploads\/2025\/03\/lula4147.jpg?w=696&#038;ssl=1\" alt=\"Bras\u00edlia (DF), 13\/03\/2025  - Reuni\u00e3o de l\u00edderes da C\u00e2mara. Foto: Lula Marques\/Ag\u00eancia Brasil\" title=\"Lula Marques\/Ag\u00eancia Brasil\" \/>\n    <!-- END scald=417373 --><\/div><p>\n<h6 class=\"meta\"><!--copyright=417373-->Bras\u00edlia (DF), 13\/03\/2025 &#8211; Reuni\u00e3o de l\u00edderes da C\u00e2mara\u00a0<strong>Lula Marques\/Ag\u00eancia Brasil<\/strong><!--END copyright=417373--><\/h6>\n<\/p><\/div>\n\n<p>Por meio de nota, a assessoria do presidente da C\u00e2mara informou que n\u00e3o haver\u00e1 vota\u00e7\u00e3o no plen\u00e1rio da Casa na quarta-feira (19) para privilegiar a instala\u00e7\u00e3o das comiss\u00f5es permanentes. \u00a0<\/p>\n\n<p><strong>O l\u00edder do PDT, deputado federal Mauro Benevides Filho (PDT-CE), disse que o presidente da C\u00e2mara n\u00e3o dar\u00e1 novo prazo para um acordo.<\/strong> \u201cA determina\u00e7\u00e3o do presidente \u00e9 que todas as presid\u00eancias ser\u00e3o definidas na ter\u00e7a-feira porque, na quarta-feira, a partir das 15h, ele quer que todas as comiss\u00f5es sejam instaladas\u201d, disse.<\/p>\n\n<h2>Impasse<\/h2>\n\n<p><strong>As 30 comiss\u00f5es permanentes da C\u00e2mara costumam ser divididas de acordo com o tamanho de cada bancada no plen\u00e1rio. Os maiores partidos t\u00eam o direito de escolher, em primeiro lugar, as comiss\u00f5es que querem presidir.<\/strong><\/p>\n\n<p>Segundo Jos\u00e9 Guimar\u00e3es, o PL deve escolher as duas primeiras comiss\u00f5es, ficando o PT com a terceira e a quinta comiss\u00f5es a serem escolhidas. \u201cQuem v\u00e3o ser os presidentes? Ai os l\u00edderes ainda est\u00e3o negociando\u201d, completou.<\/p>\n\n<p>\u201c\u00c9 dif\u00edcil voc\u00ea fazer o acordo para contemplar todas as legendas, ent\u00e3o est\u00e3o se fazendo uns ajustes\u201d, justificou o l\u00edder do Solidariedade, Aureu Ribeiro (RJ).<\/p>\n\n<p>As legendas tamb\u00e9m costumam costurar acordos para troca de comiss\u00f5es entre elas. As mais importantes comiss\u00f5es, a CCJ e a CMO, est\u00e3o sendo negociadas entre MDB e Uni\u00e3o Brasil. \u201cA Uni\u00e3o Brasil est\u00e1 querendo a relatoria do or\u00e7amento\u201d, revelou o l\u00edder da legenda, Pedro Lucas Fernandes (Uni\u00e3o-AM).<\/p>\n\n<h2>Rela\u00e7\u00f5es Exteriores<\/h2>\n\n<p><strong>J\u00e1 o PL, partido do ex-presidente Jair Bolsonaro, elegeu como prioridade a Comiss\u00e3o de Rela\u00e7\u00f5es Exteriores e Defesa Nacional. <\/strong>Em seguida, esperam presidir as comiss\u00f5es de Seguran\u00e7a P\u00fablica, Sa\u00fade e Minas e Energia. \u201cDireitos Humanos, se sobrar, a gente pega\u201d, comentou o l\u00edder da oposi\u00e7\u00e3o, deputado federal Zucco (PL-RS).<\/p>\n\n<p><strong>O Partido dos Trabalhadores (PT) tem feito oposi\u00e7\u00e3o \u00e0 inten\u00e7\u00e3o do PL de entregar a Comiss\u00e3o de Rela\u00e7\u00f5es Exteriores ao filho do ex-presidente Bolsonaro. O PT alega que isso coloca em risco a soberania brasileira.<\/strong><\/p>\n\n<p><strong>O partido acusa\u00a0o deputado Eduardo Bolsonaro de articular, nos Estados Unidos (EUA), ataques ao Supremo Tribunal Federal (STF) para proteger o pai contra o julgamento por tentativa de golpe de Estado que Jair Bolsonaro pode enfrentar.<\/strong><\/p>\n\n<p>Para o\u00a0l\u00edder do PT na C\u00e2mara, deputado federal Lindbergh Farias (PT-RJ), Eduardo na Comiss\u00e3o de Rela\u00e7\u00f5es Exteriores criaria\u00a0uma crise institucional com o STF.<\/p>\n\n<blockquote>\n<p>\u201cTem toda uma articula\u00e7\u00e3o contra o Supremo. Dentro de uma semana ou dez dias o Bolsonaro ser\u00e1 r\u00e9u por golpe de Estado. Ent\u00e3o, eles v\u00e3o usar essa comiss\u00e3o contra o Brasil, contra o interesse nacional, se apoiando em uma pot\u00eancia estrangeira, os Estados Unidos, para retaliar o Brasil\u201d, argumentou o petista.<\/p>\n<\/blockquote>\n\n<p>Lindbergh disse ainda que a estrat\u00e9gia do PT tem mudado ao longo das negocia\u00e7\u00f5es a partir das escolhas que o PL tem feito. \u201cN\u00f3s tomamos um susto quando o PL pediu [a comiss\u00e3o] Direitos Humanos e a Comiss\u00e3o de Povos Origin\u00e1rios. Ent\u00e3o, mudamos nossa estrat\u00e9gia para pedir Direitos Humanos primeiro porque uma comiss\u00e3o como essa na m\u00e3o do PL seria um estrago muito grande\u201d, comentou com jornalistas.<\/p>\n\n      <!-- Relacionada -->\n              \n            <!-- Relacionada -->\n    <\/div>\r\n<br>\r\n<br><a href=\"https:\/\/agenciabrasil.ebc.com.br\/politica\/noticia\/2025-03\/sem-acordo-deputados-adiam-decisao-sobre-comissoes-da-camara\" rel=\"noopener\">Ag\u00eancia Brasil<\/a>","protected":false},"excerpt":{"rendered":"<p>A reuni\u00e3o de l\u00edderes partid\u00e1rios da C\u00e2mara dos Deputados desta quinta-feira (13) terminou, novamente, sem defini\u00e7\u00e3o sobre quais legendas\u00a0ficar\u00e3o com as presid\u00eancias das comiss\u00f5es permanentes da Casa. Nova reuni\u00e3o foi marcada para a pr\u00f3xima ter\u00e7a-feira (18), \u00e0s 14h, para\u00a0tentar finalizar um acordo. Uma das disputas gira em torno da indica\u00e7\u00e3o para a Comiss\u00e3o de Rela\u00e7\u00f5es [&hellip;]<\/p>\n","protected":false},"author":1,"featured_media":26723,"comment_status":"open","ping_status":"open","sticky":false,"template":"","format":"standard","meta":{"_jetpack_newsletter_access":"","_jetpack_dont_email_post_to_subs":false,"_jetpack_newsletter_tier_id":0,"_jetpack_memberships_contains_paywalled_content":false,"_mbp_banners":[],"_jetpack_feature_clip_id":0,"_jetpack_memberships_contains_paid_content":false,"footnotes":"","jetpack_publicize_message":"","jetpack_publicize_feature_enabled":true,"jetpack_social_post_already_shared":true,"jetpack_social_options":{"image_generator_settings":{"template":"highway","default_image_id":0,"font":"","enabled":false},"version":2},"jetpack_post_was_ever_published":false},"categories":[19],"tags":[],"class_list":["post-26722","post","type-post","status-publish","format-standard","has-post-thumbnail","category-politica"],"jetpack_publicize_connections":[],"jetpack-related-posts":[],"jetpack_shortlink":"https:\/\/wp.me\/p7Eq1F-6X0","jetpack_sharing_enabled":true,"jetpack_featured_media_url":"https:\/\/i0.wp.com\/guialimeira.com.br\/news\/wp-content\/uploads\/2025\/03\/Sem-acordo-deputados-adiam-decisao-sobre-Comissoes-da-Camara.jpg?fit=1600%2C800&ssl=1","_links":{"self":[{"href":"https:\/\/guialimeira.com.br\/news\/wp-json\/wp\/v2\/posts\/26722","targetHints":{"allow":["GET"]}}],"collection":[{"href":"https:\/\/guialimeira.com.br\/news\/wp-json\/wp\/v2\/posts"}],"about":[{"href":"https:\/\/guialimeira.com.br\/news\/wp-json\/wp\/v2\/types\/post"}],"author":[{"embeddable":true,"href":"https:\/\/guialimeira.com.br\/news\/wp-json\/wp\/v2\/users\/1"}],"replies":[{"embeddable":true,"href":"https:\/\/guialimeira.com.br\/news\/wp-json\/wp\/v2\/comments?post=26722"}],"version-history":[{"count":1,"href":"https:\/\/guialimeira.com.br\/news\/wp-json\/wp\/v2\/posts\/26722\/revisions"}],"predecessor-version":[{"id":26724,"href":"https:\/\/guialimeira.com.br\/news\/wp-json\/wp\/v2\/posts\/26722\/revisions\/26724"}],"wp:featuredmedia":[{"embeddable":true,"href":"https:\/\/guialimeira.com.br\/news\/wp-json\/wp\/v2\/media\/26723"}],"wp:attachment":[{"href":"https:\/\/guialimeira.com.br\/news\/wp-json\/wp\/v2\/media?parent=26722"}],"wp:term":[{"taxonomy":"category","embeddable":true,"href":"https:\/\/guialimeira.com.br\/news\/wp-json\/wp\/v2\/categories?post=26722"},{"taxonomy":"post_tag","embeddable":true,"href":"https:\/\/guialimeira.com.br\/news\/wp-json\/wp\/v2\/tags?post=26722"}],"curies":[{"name":"wp","href":"https:\/\/api.w.org\/{rel}","templated":true}]}}