{"id":26674,"date":"2025-03-13T21:33:51","date_gmt":"2025-03-14T00:33:51","guid":{"rendered":"https:\/\/guialimeira.com.br\/2025\/03\/13\/se-fizer-olho-por-olho-vai-ficar-tudo-mundo-cego-diz-alckmin\/"},"modified":"2025-03-13T21:33:51","modified_gmt":"2025-03-14T00:33:51","slug":"se-fizer-olho-por-olho-vai-ficar-tudo-mundo-cego-diz-alckmin","status":"publish","type":"post","link":"https:\/\/guialimeira.com.br\/news\/se-fizer-olho-por-olho-vai-ficar-tudo-mundo-cego-diz-alckmin\/","title":{"rendered":"\u201cSe fizer olho por olho, vai ficar tudo mundo cego\u201d, diz Alckmin"},"content":{"rendered":"<p> <br \/>\n<\/p>\n<div>\n<p>A sobretaxa\u00e7\u00e3o em 25% do a\u00e7o e do alum\u00ednio pelos Estados Unidos n\u00e3o foi decidida por causa do Brasil, mas<strong> prejudicar\u00e1 o pa\u00eds e o com\u00e9rcio global, disse nesta quinta-feira (13) o vice-presidente e ministro do Desenvolvimento, Ind\u00fastria, Com\u00e9rcio e Servi\u00e7os, Geraldo Alckmin.<\/strong> Ele classificou de \u201cequivocada\u201d a <a href=\"https:\/\/agenciabrasil.ebc.com.br\/internacional\/noticia\/2025-03\/tarifas-de-trump-sobre-aco-e-aluminio-entram-em-vigor-nesta-quarta\" target=\"_blank\" rel=\"noopener\">decis\u00e3o do governo de Donald Trump<\/a>.<img data-recalc-dims=\"1\" decoding=\"async\" src=\"https:\/\/i0.wp.com\/agenciabrasil.ebc.com.br\/ebc.png?w=696&#038;ssl=1\" style=\"width:1px; height:1px; display:inline;\"\/><img data-recalc-dims=\"1\" decoding=\"async\" src=\"https:\/\/i0.wp.com\/agenciabrasil.ebc.com.br\/ebc.gif?w=696&#038;ssl=1\" style=\"width:1px; height:1px; display:inline;\"\/><\/p>\n<blockquote>\n<p>\u201cEntendemos que o caminho n\u00e3o \u00e9 olho por olho. Se fizer olho por olho, vai ficar todo mundo cego. Com\u00e9rcio exterior \u00e9 ganha, ganha. Ganha quem tem mais competitividade para exportar e ganha o conjunto da sociedade. O caminho \u00e9 a reciprocidade e buscar di\u00e1logo\u201d, declarou o vice-presidente ap\u00f3s anunciar a<a href=\"https:\/\/agenciabrasil.ebc.com.br\/economia\/noticia\/2025-03\/camex-aprova-isencao-do-imposto-de-importacao-para-nove-alimentos\" target=\"_blank\" rel=\"noopener\"> confirma\u00e7\u00e3o da tarifa zero para nove tipos de alimentos<\/a>.<\/p>\n<\/blockquote>\n<p>O vice-presidente reiterou que os <strong>Estados Unidos t\u00eam super\u00e1vit comercial com o Brasil, com tarifa zerada para a maioria dos produtos<\/strong>. \u201cA medida tomada de aumentar para 25% a tarifa de a\u00e7o e de alum\u00ednio n\u00e3o foi contra o Brasil, foi uma medida geral. N\u00e3o foi espec\u00edfica. Entendemos que a decis\u00e3o \u00e9 equivocada porque o Brasil n\u00e3o \u00e9 problema comercial para os Estados Unidos. Eles t\u00eam super\u00e1vit comercial com o Brasil\u201d, destacou.<\/p>\n<p><strong>Nos dois primeiros meses de 2025, o Brasil acumulou d\u00e9ficit comercial de US$ 342,9 milh\u00f5es com os Estados Unidos, com a segunda maior economia do planeta exportando para o Brasil mais do que importa<\/strong>. \u201cContando bens e servi\u00e7os, o super\u00e1vit comercial dos Estados Unidos com o Brasil [d\u00e9ficit do Brasil com os Estados Unidos] chega a US$ 25 bilh\u00f5es\u201d, acrescentou Alckmin.<\/p>\n<p>Dos dez produtos que os Estados Unidos mais vendem para o Brasil, ressaltou Alckmin, oito t\u00eam tarifa zero porque est\u00e3o na lista de ex-tarif\u00e1rios, que isenta de Imposto de Importa\u00e7\u00e3o bens de capital (m\u00e1quinas e equipamentos usados na produ\u00e7\u00e3o) e bens de telecomunica\u00e7\u00f5es. A tarifa comercial m\u00e9dia aplicada pelo Brasil aos produtos norte-americanos est\u00e1 em 2,7%, com 72% do que os Estados Unidos exportam entrando no pa\u00eds com al\u00edquota zero.<\/p>\n<p>      <!-- Relacionada --><\/p>\n<p>            <!-- Relacionada -->\n    <\/div>\n<p><br \/>\n<br \/><a href=\"https:\/\/agenciabrasil.ebc.com.br\/economia\/noticia\/2025-03\/se-fizer-olho-por-olho-vai-ficar-todo-mundo-cego-diz-alckmin\" rel=\"noopener\">Ag\u00eancia Brasil<\/a><\/p>\n","protected":false},"excerpt":{"rendered":"<p>A sobretaxa\u00e7\u00e3o em 25% do a\u00e7o e do alum\u00ednio pelos Estados Unidos n\u00e3o foi decidida por causa do Brasil, mas prejudicar\u00e1 o pa\u00eds e o com\u00e9rcio global, disse nesta quinta-feira (13) o vice-presidente e ministro do Desenvolvimento, Ind\u00fastria, Com\u00e9rcio e Servi\u00e7os, Geraldo Alckmin. Ele classificou de \u201cequivocada\u201d a decis\u00e3o do governo de Donald Trump. \u201cEntendemos [&hellip;]<\/p>\n","protected":false},"author":1,"featured_media":16824,"comment_status":"open","ping_status":"open","sticky":false,"template":"","format":"standard","meta":{"_jetpack_newsletter_access":"","_jetpack_dont_email_post_to_subs":false,"_jetpack_newsletter_tier_id":0,"_jetpack_memberships_contains_paywalled_content":false,"_mbp_banners":[],"_jetpack_feature_clip_id":0,"_jetpack_memberships_contains_paid_content":false,"footnotes":"","jetpack_publicize_message":"","jetpack_publicize_feature_enabled":true,"jetpack_social_post_already_shared":true,"jetpack_social_options":{"image_generator_settings":{"template":"highway","default_image_id":0,"font":"","enabled":false},"version":2},"jetpack_post_was_ever_published":false},"categories":[24],"tags":[],"class_list":["post-26674","post","type-post","status-publish","format-standard","has-post-thumbnail","category-economia"],"jetpack_publicize_connections":[],"jetpack-related-posts":[],"jetpack_shortlink":"https:\/\/wp.me\/p7Eq1F-6We","jetpack_sharing_enabled":true,"jetpack_featured_media_url":"https:\/\/i0.wp.com\/guialimeira.com.br\/news\/wp-content\/uploads\/2024\/11\/nisia-geceis_mcamgo_abr_15102024-8.jpg?fit=1600%2C800&ssl=1","_links":{"self":[{"href":"https:\/\/guialimeira.com.br\/news\/wp-json\/wp\/v2\/posts\/26674","targetHints":{"allow":["GET"]}}],"collection":[{"href":"https:\/\/guialimeira.com.br\/news\/wp-json\/wp\/v2\/posts"}],"about":[{"href":"https:\/\/guialimeira.com.br\/news\/wp-json\/wp\/v2\/types\/post"}],"author":[{"embeddable":true,"href":"https:\/\/guialimeira.com.br\/news\/wp-json\/wp\/v2\/users\/1"}],"replies":[{"embeddable":true,"href":"https:\/\/guialimeira.com.br\/news\/wp-json\/wp\/v2\/comments?post=26674"}],"version-history":[{"count":0,"href":"https:\/\/guialimeira.com.br\/news\/wp-json\/wp\/v2\/posts\/26674\/revisions"}],"wp:featuredmedia":[{"embeddable":true,"href":"https:\/\/guialimeira.com.br\/news\/wp-json\/wp\/v2\/media\/16824"}],"wp:attachment":[{"href":"https:\/\/guialimeira.com.br\/news\/wp-json\/wp\/v2\/media?parent=26674"}],"wp:term":[{"taxonomy":"category","embeddable":true,"href":"https:\/\/guialimeira.com.br\/news\/wp-json\/wp\/v2\/categories?post=26674"},{"taxonomy":"post_tag","embeddable":true,"href":"https:\/\/guialimeira.com.br\/news\/wp-json\/wp\/v2\/tags?post=26674"}],"curies":[{"name":"wp","href":"https:\/\/api.w.org\/{rel}","templated":true}]}}