{"id":26666,"date":"2025-03-13T20:36:57","date_gmt":"2025-03-13T23:36:57","guid":{"rendered":"https:\/\/guialimeira.com.br\/?p=26666"},"modified":"2025-03-13T20:36:57","modified_gmt":"2025-03-13T23:36:57","slug":"pautas-ambientais-sao-debatidas-em-reuniao-na-camara-de-limeira","status":"publish","type":"post","link":"https:\/\/guialimeira.com.br\/news\/pautas-ambientais-sao-debatidas-em-reuniao-na-camara-de-limeira\/","title":{"rendered":"Pautas ambientais s\u00e3o debatidas em reuni\u00e3o na C\u00e2mara de Limeira"},"content":{"rendered":"\n<figure class=\"wp-block-gallery has-nested-images columns-default is-cropped wp-block-gallery-1 is-layout-flex wp-block-gallery-is-layout-flex\"><\/figure>\n \r\n<br><img data-recalc-dims=\"1\" decoding=\"async\" src=\"https:\/\/i0.wp.com\/guialimeira.com.br\/wp-content\/uploads\/2025\/03\/2025-03-13_pautas-ambientais-sao-debatidas-em-reuniao-na-camara-de-limeira_1.jpg?w=696&#038;ssl=1\" \/><br><div>\n\t\t\t\t\t<p>O assoreamento da represa Tabajara, o parcelamento irregular de solo, a instala\u00e7\u00e3o de ecopontos na cidade e a microchipagem de animais de grande porte foram pautados na reuni\u00e3o da Comiss\u00e3o de Meio Ambiente da C\u00e2mara com a secret\u00e1ria municipal de Meio Ambiente e Agricultura Antonieta Polatto nesta quinta-feira, 13 de mar\u00e7o. O objetivo foi discutir as poss\u00edveis a\u00e7\u00f5es a serem realizadas no munic\u00edpio para resolver o problema.<\/p><p>Os trabalhos foram transmitidos ao vivo e o debate pode ser conferido na \u00edntegra neste <a href=\"https:\/\/youtu.be\/Usfgek4KhM0?t=570\" rel=\"noopener\">link<\/a>.<\/p><p><strong>Represa Tabajara<\/strong><\/p><p>A secret\u00e1ria explicou que a represa Tabajara est\u00e1 em uma \u00e1rea particular e que o desassoreamento dela \u00e9 importante, pois comp\u00f5em a bacia hidrogr\u00e1fica que abastece o munic\u00edpio. De acordo com ela existe um projeto para o desassoreamento, no entanto \u00e9 muito antigo e precisa ser refeito. Antonieta disse que a Prefeitura busca recursos, principalmente junto \u00e0 ag\u00eancia reguladora Ares-PCJ para a constru\u00e7\u00e3o de um novo projeto.<\/p><p>Parlamentares sugeriram buscar parcerias com as usinas S\u00e3o Jo\u00e3o e Ester para possibilitar o desassoreamento. A secret\u00e1ria disse que j\u00e1 est\u00e1 em tratativas com representantes das empresas em busca de coopera\u00e7\u00e3o.<\/p><p><strong>Parcelamento irregular de solo<\/strong><\/p><p>Antonieta destacou que o parcelamento irregular de solo em algumas \u00e1reas rurais, principalmente no bairro dos Pires, tem causado a contamina\u00e7\u00e3o do len\u00e7ol fre\u00e1tico, e que os condom\u00ednios que buscam a regulariza\u00e7\u00e3o devem fazer as adequa\u00e7\u00f5es necess\u00e1rias, em especial a instala\u00e7\u00e3o de fossas s\u00e9pticas ou biodigestores, para diminuir a polui\u00e7\u00e3o do len\u00e7ol fre\u00e1tico, que em algum ponto da regi\u00e3o do rio acaba indo para o curso d\u2019\u00e1gua.<\/p><p>Os parlamentares falaram sobre a necessidade de intensificar a fiscaliza\u00e7\u00e3o por parte do Pelot\u00e3o Ambiental. Antonieta refor\u00e7ou que \u00e9 de extrema import\u00e2ncia que a popula\u00e7\u00e3o da \u00e1rea rural denuncie as atividades suspeitas que podem resultar no parcelamento irregular do solo, dessa forma o Poder P\u00fablico pode agir ainda no in\u00edcio da instala\u00e7\u00e3o do condom\u00ednio.<\/p><p>A Comiss\u00e3o sugeriu a utiliza\u00e7\u00e3o de ferramentas como drones e imagens de sat\u00e9lite para realizar a fiscaliza\u00e7\u00e3o. A secret\u00e1ria argumentou que a \u00e1rea do munic\u00edpio \u00e9 muito extensa e \u00e9 dif\u00edcil fazer a fiscaliza\u00e7\u00e3o de todas elas, por isso a import\u00e2ncia da den\u00fancia por parte dos grupos de agricultores.<\/p><p><strong>Ecopontos<\/strong><\/p><p>Antonieta informou que a responsabilidade pelos ecopontos e pelo aterro \u00e9 da Secretaria de Obras, mas que a Secretaria de Meio Ambiente tem atuado solicitando a limpeza. Ela destacou que h\u00e1 abuso da popula\u00e7\u00e3o na quest\u00e3o do descarte irregular do lixo e que \u00e9 preciso conscientiza\u00e7\u00e3o.\u00a0<\/p><p>Falou sobre a possibilidade de instala\u00e7\u00e3o de novos ecopontos na \u00e1rea urbana e que para a \u00e1rea rural est\u00e3o sendo analisadas matr\u00edculas de im\u00f3veis que atendam \u00e0s exig\u00eancias necess\u00e1rias para abrigar o equipamento p\u00fablico.\u00a0<\/p><p><strong>Microchipagem<\/strong><\/p><p>Os vereadores falaram sobre o problema da grande quantidade de cavalos soltos nas \u00e1reas p\u00fablicas da cidade e da dificuldade de responsabiliza\u00e7\u00e3o dos propriet\u00e1rios. Como uma poss\u00edvel solu\u00e7\u00e3o, indicaram a possibilidade de usar o Castram\u00f3vel que realiza a microchipagem gratuita, quando estiverem nos bairros nos quais a incid\u00eancia do problema \u00e9 maior, e fazer um trabalho de conscientiza\u00e7\u00e3o e fiscaliza\u00e7\u00e3o na tentativa de identificar os tutores e realizar a microchipagem.\u00a0<\/p><p><strong>Sobre a Comiss\u00e3o<\/strong><\/p><p>S\u00e3o atribui\u00e7\u00f5es dos membros fiscalizar a implementa\u00e7\u00e3o de pol\u00edticas p\u00fablicas com tem\u00e1tica relacionada \u00e0 legisla\u00e7\u00e3o de defesa do meio ambiente, agricultura, recursos h\u00eddricos, saneamento, polui\u00e7\u00e3o ambiental, flora, fauna, controle e prote\u00e7\u00e3o animal, solo e desenvolvimento sustent\u00e1vel. Compete ainda ao colegiado receber den\u00fancias de viola\u00e7\u00e3o dos direitos dos animais, al\u00e9m de estudar e propor altera\u00e7\u00f5es na legisla\u00e7\u00e3o ambiental.\u00a0<\/p><p>Fazem parte do colegiado os vereadores Felipe Penedo (PL), presidente; Tatiane Lopes (Avante), vice-presidente e Helder do Taxi (PSD) secret\u00e1rio. As reuni\u00f5es acontecem regimentalmente \u00e0s quintas-feiras, \u00e0s 15h. Todas as delibera\u00e7\u00f5es foram registradas em <a href=\"https:\/\/consulta.limeira.sp.leg.br\/arquivo?Id=483351\" rel=\"noopener\">ata<\/a>.\u00a0<\/p>\t\t\t\t<\/div>\r\n<br>\r\n<br><a href=\"https:\/\/www.limeira.sp.leg.br\/noticias\/view\/2025-03-13_pautas-ambientais-sao-debatidas-em-reuniao-na-camara-de-limeira\" rel=\"noopener\">Informa\u00e7\u00f5es CML <\/a>","protected":false},"excerpt":{"rendered":"<p>O assoreamento da represa Tabajara, o parcelamento irregular de solo, a instala\u00e7\u00e3o de ecopontos na cidade e a microchipagem de animais de grande porte foram pautados na reuni\u00e3o da Comiss\u00e3o de Meio Ambiente da C\u00e2mara com a secret\u00e1ria municipal de Meio Ambiente e Agricultura Antonieta Polatto nesta quinta-feira, 13 de mar\u00e7o. O objetivo foi discutir [&hellip;]<\/p>\n","protected":false},"author":1,"featured_media":26667,"comment_status":"open","ping_status":"open","sticky":false,"template":"","format":"standard","meta":{"_jetpack_newsletter_access":"","_jetpack_dont_email_post_to_subs":false,"_jetpack_newsletter_tier_id":0,"_jetpack_memberships_contains_paywalled_content":false,"_mbp_banners":[],"_jetpack_feature_clip_id":0,"_jetpack_memberships_contains_paid_content":false,"footnotes":"","jetpack_publicize_message":"","jetpack_publicize_feature_enabled":true,"jetpack_social_post_already_shared":true,"jetpack_social_options":{"image_generator_settings":{"template":"highway","default_image_id":0,"font":"","enabled":false},"version":2},"jetpack_post_was_ever_published":false},"categories":[19],"tags":[],"class_list":["post-26666","post","type-post","status-publish","format-standard","has-post-thumbnail","category-politica"],"jetpack_publicize_connections":[],"jetpack-related-posts":[],"jetpack_shortlink":"https:\/\/wp.me\/p7Eq1F-6W6","jetpack_sharing_enabled":true,"jetpack_featured_media_url":"https:\/\/i0.wp.com\/guialimeira.com.br\/news\/wp-content\/uploads\/2025\/03\/Pautas-ambientais-sao-debatidas-em-reuniao-na-Camara-de-Limeira.jpg?fit=1280%2C640&ssl=1","_links":{"self":[{"href":"https:\/\/guialimeira.com.br\/news\/wp-json\/wp\/v2\/posts\/26666","targetHints":{"allow":["GET"]}}],"collection":[{"href":"https:\/\/guialimeira.com.br\/news\/wp-json\/wp\/v2\/posts"}],"about":[{"href":"https:\/\/guialimeira.com.br\/news\/wp-json\/wp\/v2\/types\/post"}],"author":[{"embeddable":true,"href":"https:\/\/guialimeira.com.br\/news\/wp-json\/wp\/v2\/users\/1"}],"replies":[{"embeddable":true,"href":"https:\/\/guialimeira.com.br\/news\/wp-json\/wp\/v2\/comments?post=26666"}],"version-history":[{"count":1,"href":"https:\/\/guialimeira.com.br\/news\/wp-json\/wp\/v2\/posts\/26666\/revisions"}],"predecessor-version":[{"id":26668,"href":"https:\/\/guialimeira.com.br\/news\/wp-json\/wp\/v2\/posts\/26666\/revisions\/26668"}],"wp:featuredmedia":[{"embeddable":true,"href":"https:\/\/guialimeira.com.br\/news\/wp-json\/wp\/v2\/media\/26667"}],"wp:attachment":[{"href":"https:\/\/guialimeira.com.br\/news\/wp-json\/wp\/v2\/media?parent=26666"}],"wp:term":[{"taxonomy":"category","embeddable":true,"href":"https:\/\/guialimeira.com.br\/news\/wp-json\/wp\/v2\/categories?post=26666"},{"taxonomy":"post_tag","embeddable":true,"href":"https:\/\/guialimeira.com.br\/news\/wp-json\/wp\/v2\/tags?post=26666"}],"curies":[{"name":"wp","href":"https:\/\/api.w.org\/{rel}","templated":true}]}}