{"id":2666,"date":"2024-04-24T20:39:43","date_gmt":"2024-04-24T23:39:43","guid":{"rendered":"https:\/\/guialimeira.com.br\/2024\/04\/24\/encontro-regional-define-diretrizes-para-o-dia-do-desafio-que-acontece-em-maio-portal-do-municipio-de-piracicaba\/"},"modified":"2024-04-24T20:39:43","modified_gmt":"2024-04-24T23:39:43","slug":"encontro-regional-define-diretrizes-para-o-dia-do-desafio-que-acontece-em-maio-portal-do-municipio-de-piracicaba","status":"publish","type":"post","link":"https:\/\/guialimeira.com.br\/news\/encontro-regional-define-diretrizes-para-o-dia-do-desafio-que-acontece-em-maio-portal-do-municipio-de-piracicaba\/","title":{"rendered":"Encontro regional\u00a0define diretrizes para o\u00a0Dia do Desafio,\u00a0que acontece em maio \u2013 Portal do Munic\u00edpio de Piracicaba"},"content":{"rendered":"<p> <br \/>\n<\/p>\n<div>\n<p><em>Um das atividades do encontro\u00a0<\/em><em>que ser\u00e1 realizado amanh\u00e3,\u00a0<\/em><em>quinta, 25\/4, no Sesc de Sorocaba \u00e9 a p<\/em><em>alestra Mobilidade em Transforma\u00e7\u00e3o e Comunidades Saud\u00e1veis<\/em><\/p>\n<figure class=\"wp-block-image size-large\"><img data-recalc-dims=\"1\" fetchpriority=\"high\" decoding=\"async\" width=\"696\" height=\"696\" src=\"https:\/\/i0.wp.com\/piracicaba.sp.gov.br\/wp-content\/uploads\/2024\/04\/DIA-DO-DESAFIO-2024-1024x1024.jpg?resize=696%2C696&#038;ssl=1\" alt=\"\" class=\"wp-image-77786\" srcset=\"https:\/\/piracicaba.sp.gov.br\/wp-content\/uploads\/2024\/04\/DIA-DO-DESAFIO-2024-1024x1024.jpg 1024w, https:\/\/piracicaba.sp.gov.br\/wp-content\/uploads\/2024\/04\/DIA-DO-DESAFIO-2024-300x300.jpg 300w, https:\/\/piracicaba.sp.gov.br\/wp-content\/uploads\/2024\/04\/DIA-DO-DESAFIO-2024-150x150.jpg 150w, https:\/\/piracicaba.sp.gov.br\/wp-content\/uploads\/2024\/04\/DIA-DO-DESAFIO-2024-768x768.jpg 768w, https:\/\/piracicaba.sp.gov.br\/wp-content\/uploads\/2024\/04\/DIA-DO-DESAFIO-2024-1536x1536.jpg 1536w, https:\/\/piracicaba.sp.gov.br\/wp-content\/uploads\/2024\/04\/DIA-DO-DESAFIO-2024-2048x2048.jpg 2048w\" sizes=\"(max-width: 1024px) 100vw, 1024px\"\/><\/figure>\n<p>A Prefeitura de Piracicaba estar\u00e1 representada\u00a0pela\u00a0Selam (Secretaria de Esportes, Lazer e Atividades Motoras) no Encontro Regional do Dia do Desafio, que acontece\u00a0amanh\u00e3,\u00a0quinta-feira, 25\/4, no Sesc de Sorocaba. Os funcion\u00e1rios da Selam Paulo C\u00e9sar Fortunato dos Santos e Ataly Marques participam do evento,\u00a0que marca o\u00a0lan\u00e7amento do Dia do Desafio 2024,\u00a0que acontecer\u00e1 em 29\/5.<\/p>\n<p>O encontro ser\u00e1 aberto com a palestra de abertura o tema: Mobilidade em Transforma\u00e7\u00e3o e Comunidades Saud\u00e1veis. Haver\u00e1 mesa de discuss\u00e3o com abordagem ao assunto: Cidades Saud\u00e1veis e Pr\u00e1ticas de Sucesso e uma apresenta\u00e7\u00e3o com a tem\u00e1tica voltada para os temas: Cidades Saud\u00e1veis \u2013 Atualiza\u00e7\u00f5es em Sustentabilidade e Como as mudan\u00e7as clim\u00e1ticas afetar\u00e3o a realiza\u00e7\u00e3o de atividades f\u00edsicas e esportes no Brasil, entre v\u00e1rios outros assuntos.<\/p>\n<p>Para Paulo Fortunato, professor de Educa\u00e7\u00e3o F\u00edsica, a expectativa \u00e9 a de entender como os temas a serem abordados durante o encontro podem ser trazidos de forma aplic\u00e1vel para as a\u00e7\u00f5es na Selam. \u201cEsse encontro permite que tenhamos contato com profissionais da \u00e1rea esportiva de v\u00e1rias regi\u00f5es e com realidades distintas da nossa, o que amplia a forma de como podemos pensar e realizar nossas a\u00e7\u00f5es em nosso munic\u00edpio\u201d, afirma o professor da Selam.<\/p>\n<p>O evento tem o objetivo de criar um espa\u00e7o para a transfer\u00eancia de conhecimento, estimular e motivar os agentes-chave do projeto e garantir um espa\u00e7o para o relacionamento entre organiza\u00e7\u00f5es p\u00fablicas e privadas.<\/p>\n<p>A 30\u00aa edi\u00e7\u00e3o do Dia do Desafio acontece no dia 29\/5, com a participa\u00e7\u00e3o de mais de 3.500 organiza\u00e7\u00f5es p\u00fablicas e privadas, espalhadas por 14 pa\u00edses, fundamentais para a promo\u00e7\u00e3o de a\u00e7\u00f5es de incentivo \u00e0 pr\u00e1tica de esportes regularmente.<\/p>\n<p>Em Piracicaba, as a\u00e7\u00f5es ser\u00e3o das\u00a014h30 \u00e0s 16h30, com atividades f\u00edsicas direcionadas aos alunos do PDB\u00a0(Projeto Desporto de Base)\u00a0e para as equipes ligadas ao chamamento p\u00fablico e clubes da cidade. A a\u00e7\u00e3o ser\u00e1 coordenada por Janeth Arcain e acontecer\u00e1 no Gin\u00e1sio Municipal de Esportes Waldemar Blatkauskas. \u00c0 noite haver\u00e1 um bate-papo com o p\u00fablico, no Sesc Piracicaba.<\/p>\n<p>Com o tema Se Joga No Desafio, a campanha visa estimular o desenvolvimento de a\u00e7\u00f5es nas quais unidades do Sesc e as organiza\u00e7\u00f5es parceiras p\u00fablicas, privadas e do terceiro setor s\u00e3o convidadas a se engajarem no Dia Do Desafio e promoverem atividades que estimulem a pr\u00e1tica de atividades f\u00edsicas e esportivas em momentos de lazer.<\/p>\n<\/div>\n<p><br \/>\n<br \/><a href=\"https:\/\/piracicaba.sp.gov.br\/noticias\/encontro-regional-define-diretrizes-para-o-dia-do-desafio-que-acontece-em-maio\/\" rel=\"noopener\">Informa\u00e7\u00f5es PMP <\/a><\/p>\n","protected":false},"excerpt":{"rendered":"<p>Um das atividades do encontro\u00a0que ser\u00e1 realizado amanh\u00e3,\u00a0quinta, 25\/4, no Sesc de Sorocaba \u00e9 a palestra Mobilidade em Transforma\u00e7\u00e3o e Comunidades Saud\u00e1veis A Prefeitura de Piracicaba estar\u00e1 representada\u00a0pela\u00a0Selam (Secretaria de Esportes, Lazer e Atividades Motoras) no Encontro Regional do Dia do Desafio, que acontece\u00a0amanh\u00e3,\u00a0quinta-feira, 25\/4, no Sesc de Sorocaba. Os funcion\u00e1rios da Selam Paulo C\u00e9sar [&hellip;]<\/p>\n","protected":false},"author":1,"featured_media":2667,"comment_status":"open","ping_status":"open","sticky":false,"template":"","format":"standard","meta":{"_jetpack_newsletter_access":"","_jetpack_dont_email_post_to_subs":false,"_jetpack_newsletter_tier_id":0,"_jetpack_memberships_contains_paywalled_content":false,"_mbp_banners":[],"_jetpack_feature_clip_id":0,"_jetpack_memberships_contains_paid_content":false,"footnotes":"","jetpack_publicize_message":"","jetpack_publicize_feature_enabled":true,"jetpack_social_post_already_shared":true,"jetpack_social_options":{"image_generator_settings":{"template":"highway","default_image_id":0,"font":"","enabled":false},"version":2},"jetpack_post_was_ever_published":false},"categories":[20],"tags":[],"class_list":["post-2666","post","type-post","status-publish","format-standard","has-post-thumbnail","category-regiao"],"jetpack_publicize_connections":[],"jetpack-related-posts":[],"jetpack_shortlink":"https:\/\/wp.me\/p7Eq1F-H0","jetpack_sharing_enabled":true,"jetpack_featured_media_url":"https:\/\/i0.wp.com\/guialimeira.com.br\/news\/wp-content\/uploads\/2024\/04\/DIA-DO-DESAFIO-2024-1024x1024.jpg?fit=1024%2C1024&ssl=1","_links":{"self":[{"href":"https:\/\/guialimeira.com.br\/news\/wp-json\/wp\/v2\/posts\/2666","targetHints":{"allow":["GET"]}}],"collection":[{"href":"https:\/\/guialimeira.com.br\/news\/wp-json\/wp\/v2\/posts"}],"about":[{"href":"https:\/\/guialimeira.com.br\/news\/wp-json\/wp\/v2\/types\/post"}],"author":[{"embeddable":true,"href":"https:\/\/guialimeira.com.br\/news\/wp-json\/wp\/v2\/users\/1"}],"replies":[{"embeddable":true,"href":"https:\/\/guialimeira.com.br\/news\/wp-json\/wp\/v2\/comments?post=2666"}],"version-history":[{"count":0,"href":"https:\/\/guialimeira.com.br\/news\/wp-json\/wp\/v2\/posts\/2666\/revisions"}],"wp:featuredmedia":[{"embeddable":true,"href":"https:\/\/guialimeira.com.br\/news\/wp-json\/wp\/v2\/media\/2667"}],"wp:attachment":[{"href":"https:\/\/guialimeira.com.br\/news\/wp-json\/wp\/v2\/media?parent=2666"}],"wp:term":[{"taxonomy":"category","embeddable":true,"href":"https:\/\/guialimeira.com.br\/news\/wp-json\/wp\/v2\/categories?post=2666"},{"taxonomy":"post_tag","embeddable":true,"href":"https:\/\/guialimeira.com.br\/news\/wp-json\/wp\/v2\/tags?post=2666"}],"curies":[{"name":"wp","href":"https:\/\/api.w.org\/{rel}","templated":true}]}}