{"id":26655,"date":"2025-03-13T19:35:51","date_gmt":"2025-03-13T22:35:51","guid":{"rendered":"https:\/\/guialimeira.com.br\/?p=26655"},"modified":"2025-03-13T19:35:51","modified_gmt":"2025-03-13T22:35:51","slug":"comissao-convida-secretario-para-falar-sobre-monitoramento-individual-de-centros-comunitarios","status":"publish","type":"post","link":"https:\/\/guialimeira.com.br\/news\/comissao-convida-secretario-para-falar-sobre-monitoramento-individual-de-centros-comunitarios\/","title":{"rendered":"Comiss\u00e3o convida secret\u00e1rio para falar sobre monitoramento individual de centros comunit\u00e1rios"},"content":{"rendered":"\n<figure class=\"wp-block-gallery has-nested-images columns-default is-cropped wp-block-gallery-1 is-layout-flex wp-block-gallery-is-layout-flex\"><\/figure>\n \r\n<br><img data-recalc-dims=\"1\" decoding=\"async\" src=\"https:\/\/i0.wp.com\/guialimeira.com.br\/wp-content\/uploads\/2025\/03\/2025-03-13_comissao-convida-secretario-para-falar-sobre-monitoramento-individual-de-centros-comunita.jpeg?w=696&#038;ssl=1\" \/><br><div>\n\t\t\t\t\t<p>O monitoramento individual de centros comunit\u00e1rios ser\u00e1 a pauta da reuni\u00e3o da Comiss\u00e3o de Seguran\u00e7a P\u00fablica da C\u00e2mara, na quinta-feira, 27 de mar\u00e7o, \u00e0s 16h. Para a ocasi\u00e3o foram convidados o secret\u00e1rio municipal de Seguran\u00e7a P\u00fablica e Defesa Civil, Siddhartha Le\u00e3o, e os membros da Comiss\u00e3o de Esporte, Cultura e Lazer.\u00a0<\/p><p>O agendamento foi deliberado na reuni\u00e3o da Comiss\u00e3o desta quinta-feira, 13 de mar\u00e7o. Um of\u00edcio foi enviado \u00e0 Secretaria de Seguran\u00e7a P\u00fablica para questionar sobre a fiscaliza\u00e7\u00e3o e o monitoramento destes centros.<\/p><p>Os parlamentares tamb\u00e9m encaminharam of\u00edcio \u00e0 Secretaria de Seguran\u00e7a P\u00fablica questionando sobre as a\u00e7\u00f5es realizadas pelo Pelot\u00e3o Ambiental para coibir o parcelamento irregular de solo em 2024.\u00a0<\/p><p>O Executivo dever\u00e1 informar a quantidade de fiscaliza\u00e7\u00f5es realizadas e os locais, quantos crimes foram detectados, quantos boletins de ocorr\u00eancia foram registrados, os tipos de parcelamento identificados e quais provid\u00eancias foram tomadas pelo munic\u00edpio quanto \u00e0s infra\u00e7\u00f5es. Por fim, os parlamentares pediram que a Secretaria de Seguran\u00e7a intensifique a fiscaliza\u00e7\u00e3o das \u00e1reas rurais da cidade para evitar novos parcelamentos irregulares.<\/p><p>Fazem parte do colegiado os vereadores Costa J\u00fanior (Podemos), presidente; Felipe Penedo (PL), vice-presidente e Carlinhos do Grota (PL), secret\u00e1rio. Todas as delibera\u00e7\u00f5es podem ser conferidas em <a href=\"https:\/\/consulta.limeira.sp.leg.br\/arquivo?Id=483343\" rel=\"noopener\">ata<\/a>.<\/p><p>A Comiss\u00e3o de Seguran\u00e7a P\u00fablica \u00e9 respons\u00e1vel por opinar sobre proposituras relativas \u00e0 \u00e1rea, bem como promover estudos e reuni\u00f5es sobre a criminalidade, a viol\u00eancia e a seguran\u00e7a p\u00fablica, propondo medidas necess\u00e1rias \u00e0 melhoria da preven\u00e7\u00e3o e prote\u00e7\u00e3o da comunidade; atuar junto \u00e0s esferas governamentais a fim de implementar pol\u00edticas de seguran\u00e7a p\u00fablica no Munic\u00edpio; e apresentar sugest\u00f5es para o aperfei\u00e7oamento da legisla\u00e7\u00e3o municipal pertinente \u00e0 seguran\u00e7a p\u00fablica.<\/p>\t\t\t\t<\/div>\r\n<br>\r\n<br><a href=\"https:\/\/www.limeira.sp.leg.br\/noticias\/view\/2025-03-13_comissao-convida-secretario-para-falar-sobre-monitoramento-individual-de-centros-comunitarios\" rel=\"noopener\">Informa\u00e7\u00f5es CML <\/a>","protected":false},"excerpt":{"rendered":"<p>O monitoramento individual de centros comunit\u00e1rios ser\u00e1 a pauta da reuni\u00e3o da Comiss\u00e3o de Seguran\u00e7a P\u00fablica da C\u00e2mara, na quinta-feira, 27 de mar\u00e7o, \u00e0s 16h. Para a ocasi\u00e3o foram convidados o secret\u00e1rio municipal de Seguran\u00e7a P\u00fablica e Defesa Civil, Siddhartha Le\u00e3o, e os membros da Comiss\u00e3o de Esporte, Cultura e Lazer.\u00a0 O agendamento foi deliberado [&hellip;]<\/p>\n","protected":false},"author":1,"featured_media":26656,"comment_status":"open","ping_status":"open","sticky":false,"template":"","format":"standard","meta":{"_jetpack_newsletter_access":"","_jetpack_dont_email_post_to_subs":false,"_jetpack_newsletter_tier_id":0,"_jetpack_memberships_contains_paywalled_content":false,"_mbp_banners":[],"_jetpack_feature_clip_id":0,"_jetpack_memberships_contains_paid_content":false,"footnotes":"","jetpack_publicize_message":"","jetpack_publicize_feature_enabled":true,"jetpack_social_post_already_shared":true,"jetpack_social_options":{"image_generator_settings":{"template":"highway","default_image_id":0,"font":"","enabled":false},"version":2},"jetpack_post_was_ever_published":false},"categories":[19],"tags":[],"class_list":["post-26655","post","type-post","status-publish","format-standard","has-post-thumbnail","category-politica"],"jetpack_publicize_connections":[],"jetpack-related-posts":[],"jetpack_shortlink":"https:\/\/wp.me\/p7Eq1F-6VV","jetpack_sharing_enabled":true,"jetpack_featured_media_url":"https:\/\/i0.wp.com\/guialimeira.com.br\/news\/wp-content\/uploads\/2025\/03\/Comissao-convida-secretario-para-falar-sobre-monitoramento-individual-de-centros.jpeg?fit=1280%2C640&ssl=1","_links":{"self":[{"href":"https:\/\/guialimeira.com.br\/news\/wp-json\/wp\/v2\/posts\/26655","targetHints":{"allow":["GET"]}}],"collection":[{"href":"https:\/\/guialimeira.com.br\/news\/wp-json\/wp\/v2\/posts"}],"about":[{"href":"https:\/\/guialimeira.com.br\/news\/wp-json\/wp\/v2\/types\/post"}],"author":[{"embeddable":true,"href":"https:\/\/guialimeira.com.br\/news\/wp-json\/wp\/v2\/users\/1"}],"replies":[{"embeddable":true,"href":"https:\/\/guialimeira.com.br\/news\/wp-json\/wp\/v2\/comments?post=26655"}],"version-history":[{"count":1,"href":"https:\/\/guialimeira.com.br\/news\/wp-json\/wp\/v2\/posts\/26655\/revisions"}],"predecessor-version":[{"id":26657,"href":"https:\/\/guialimeira.com.br\/news\/wp-json\/wp\/v2\/posts\/26655\/revisions\/26657"}],"wp:featuredmedia":[{"embeddable":true,"href":"https:\/\/guialimeira.com.br\/news\/wp-json\/wp\/v2\/media\/26656"}],"wp:attachment":[{"href":"https:\/\/guialimeira.com.br\/news\/wp-json\/wp\/v2\/media?parent=26655"}],"wp:term":[{"taxonomy":"category","embeddable":true,"href":"https:\/\/guialimeira.com.br\/news\/wp-json\/wp\/v2\/categories?post=26655"},{"taxonomy":"post_tag","embeddable":true,"href":"https:\/\/guialimeira.com.br\/news\/wp-json\/wp\/v2\/tags?post=26655"}],"curies":[{"name":"wp","href":"https:\/\/api.w.org\/{rel}","templated":true}]}}