{"id":26652,"date":"2025-03-13T19:32:06","date_gmt":"2025-03-13T22:32:06","guid":{"rendered":"https:\/\/guialimeira.com.br\/2025\/03\/13\/camex-aprova-isencao-de-imposto-de-importacao-para-nove-alimentos\/"},"modified":"2025-03-13T19:32:06","modified_gmt":"2025-03-13T22:32:06","slug":"camex-aprova-isencao-de-imposto-de-importacao-para-nove-alimentos","status":"publish","type":"post","link":"https:\/\/guialimeira.com.br\/news\/camex-aprova-isencao-de-imposto-de-importacao-para-nove-alimentos\/","title":{"rendered":"Camex aprova isen\u00e7\u00e3o de Imposto de Importa\u00e7\u00e3o para nove alimentos"},"content":{"rendered":"<p> <br \/>\n<\/p>\n<div>\n<p><strong>A <a href=\"https:\/\/agenciabrasil.ebc.com.br\/economia\/noticia\/2025-03\/saiba-quais-alimentos-terao-tarifa-zero-de-importacao\" rel=\"noopener\">redu\u00e7\u00e3o a zero do Imposto de Importa\u00e7\u00e3o para alimentos<\/a> s\u00f3 valer\u00e1 para carnes desossadas bovinas e n\u00e3o beneficiar\u00e1 outros tipos de carne como de porco e de aves<\/strong>, decidiu nesta quinta-feira (13) o Comit\u00ea Executivo de Gest\u00e3o (Gecex) da C\u00e2mara de Com\u00e9rcio Exterior (Camex).<img data-recalc-dims=\"1\" decoding=\"async\" src=\"https:\/\/i0.wp.com\/agenciabrasil.ebc.com.br\/ebc.png?w=696&#038;ssl=1\" style=\"width:1px; height:1px; display:inline;\"\/><img data-recalc-dims=\"1\" decoding=\"async\" src=\"https:\/\/i0.wp.com\/agenciabrasil.ebc.com.br\/ebc.gif?w=696&#038;ssl=1\" style=\"width:1px; height:1px; display:inline;\"\/><\/p>\n<p>O \u00f3rg\u00e3o oficializou a <a href=\"https:\/\/agenciabrasil.ebc.com.br\/economia\/noticia\/2025-03\/governo-zera-tarifa-de-importacao-de-9-alimentos-para-reduzir-precos\" rel=\"noopener\">medida anunciada na semana passada para segurar o pre\u00e7o de alimentos<\/a>, detalhando os itens com tarifa zerada. A lista com os c\u00f3digos de Nomenclatura Comum do Mercosul (NCM) tem nove tipos de alimentos divididos em dez NCM, porque a redu\u00e7\u00e3o para o caf\u00e9 beneficia a vers\u00e3o torrada e a vers\u00e3o em gr\u00e3o n\u00e3o-torrada.<\/p>\n<p>O vice-presidente e ministro do Desenvolvimento, Ind\u00fastria, Com\u00e9rcio e Servi\u00e7os, Geraldo Alckmin, anunciou que <strong>a redu\u00e7\u00e3o entrar\u00e1 em vigor nesta sexta-feira (14), quando a resolu\u00e7\u00e3o da Camex ser\u00e1 publicada no Di\u00e1rio Oficial da Uni\u00e3o<\/strong>.<\/p>\n<p><strong>Confira a lista final dos alimentos que ter\u00e3o o Imposto de Importa\u00e7\u00e3o zerado:<\/strong><\/p>\n<ul>\n<li>carnes desossadas de bovinos, congeladas: de 10,8% para 0%<\/li>\n<li>caf\u00e9 torrado, n\u00e3o descafeinado (exceto caf\u00e9 acondicionado em capsulas): de 9% para 0%<\/li>\n<li>caf\u00e9 n\u00e3o torrado, n\u00e3o descafeinado, em gr\u00e3o: passou de 9% para 0%<\/li>\n<li>milho em gr\u00e3o, exceto para semeadura: passou de 7,2% para 0%<\/li>\n<li>outras massas aliment\u00edcias, n\u00e3o cozidas, nem recheadas, nem preparadas de outro modo: passou de 14,4% para 0%<\/li>\n<li>bolachas e biscoitos: passou de 16,2% para 0%<\/li>\n<li>azeite de oliva extravirgem: passou de 9% para 0%<\/li>\n<li>\u00f3leo de girassol, em bruto: passou de 9% para 0%<\/li>\n<li>outros a\u00e7\u00facares de cana: passou de 14,4% para 0%<\/li>\n<li>prepara\u00e7\u00f5es e conservas de sardinhas, inteiros ou em peda\u00e7os, exceto peixes picados: de 32% para 0%<\/li>\n<\/ul>\n<p>No caso da sardinha, a al\u00edquota zero valer\u00e1 apenas para uma quota de importa\u00e7\u00e3o de 7,5 mil toneladas. Conforme anunciado na semana passada, a cota de importa\u00e7\u00e3o do \u00f3leo de palma aumentou de 60 mil para 150 mil toneladas, por 12 meses, com a manuten\u00e7\u00e3o da al\u00edquota do Imposto de Importa\u00e7\u00e3o em 0%.<\/p>\n<h2>Impacto<\/h2>\n<p>Alckmin tamb\u00e9m anunciou o quanto o governo dever\u00e1 deixar de arrecadar com a medida. <strong>Segundo o vice-presidente e ministro, a tarifa zero ter\u00e1 impacto de US$ 110 milh\u00f5es (cerca de R$ 650 milh\u00f5es) por ano.<\/strong> Alckmin, no entanto, disse que o impacto ser\u00e1 menor, porque a medida durar\u00e1 menos.<\/p>\n<blockquote>\n<p>\u201cComo espero que [o Imposto de Importa\u00e7\u00e3o zerado] seja mais transit\u00f3rio, o impacto deve ser menor\u201d, declarou.<\/p>\n<\/blockquote>\n<p>      <!-- Relacionada --><\/p>\n<p>            <!-- Relacionada -->\n    <\/div>\n<p><br \/>\n<br \/><a href=\"https:\/\/agenciabrasil.ebc.com.br\/economia\/noticia\/2025-03\/camex-aprova-isencao-do-imposto-de-importacao-para-nove-alimentos\" rel=\"noopener\">Ag\u00eancia Brasil<\/a><\/p>\n","protected":false},"excerpt":{"rendered":"<p>A redu\u00e7\u00e3o a zero do Imposto de Importa\u00e7\u00e3o para alimentos s\u00f3 valer\u00e1 para carnes desossadas bovinas e n\u00e3o beneficiar\u00e1 outros tipos de carne como de porco e de aves, decidiu nesta quinta-feira (13) o Comit\u00ea Executivo de Gest\u00e3o (Gecex) da C\u00e2mara de Com\u00e9rcio Exterior (Camex). O \u00f3rg\u00e3o oficializou a medida anunciada na semana passada para [&hellip;]<\/p>\n","protected":false},"author":1,"featured_media":26653,"comment_status":"open","ping_status":"open","sticky":false,"template":"","format":"standard","meta":{"_jetpack_newsletter_access":"","_jetpack_dont_email_post_to_subs":false,"_jetpack_newsletter_tier_id":0,"_jetpack_memberships_contains_paywalled_content":false,"_mbp_banners":[],"_jetpack_feature_clip_id":0,"_jetpack_memberships_contains_paid_content":false,"footnotes":"","jetpack_publicize_message":"","jetpack_publicize_feature_enabled":true,"jetpack_social_post_already_shared":true,"jetpack_social_options":{"image_generator_settings":{"template":"highway","default_image_id":0,"font":"","enabled":false},"version":2},"jetpack_post_was_ever_published":false},"categories":[24],"tags":[],"class_list":["post-26652","post","type-post","status-publish","format-standard","has-post-thumbnail","category-economia"],"jetpack_publicize_connections":[],"jetpack-related-posts":[],"jetpack_shortlink":"https:\/\/wp.me\/p7Eq1F-6VS","jetpack_sharing_enabled":true,"jetpack_featured_media_url":"https:\/\/i0.wp.com\/guialimeira.com.br\/news\/wp-content\/uploads\/2025\/03\/supermercado_economia_20220729_0887.jpg?fit=1600%2C800&ssl=1","_links":{"self":[{"href":"https:\/\/guialimeira.com.br\/news\/wp-json\/wp\/v2\/posts\/26652","targetHints":{"allow":["GET"]}}],"collection":[{"href":"https:\/\/guialimeira.com.br\/news\/wp-json\/wp\/v2\/posts"}],"about":[{"href":"https:\/\/guialimeira.com.br\/news\/wp-json\/wp\/v2\/types\/post"}],"author":[{"embeddable":true,"href":"https:\/\/guialimeira.com.br\/news\/wp-json\/wp\/v2\/users\/1"}],"replies":[{"embeddable":true,"href":"https:\/\/guialimeira.com.br\/news\/wp-json\/wp\/v2\/comments?post=26652"}],"version-history":[{"count":0,"href":"https:\/\/guialimeira.com.br\/news\/wp-json\/wp\/v2\/posts\/26652\/revisions"}],"wp:featuredmedia":[{"embeddable":true,"href":"https:\/\/guialimeira.com.br\/news\/wp-json\/wp\/v2\/media\/26653"}],"wp:attachment":[{"href":"https:\/\/guialimeira.com.br\/news\/wp-json\/wp\/v2\/media?parent=26652"}],"wp:term":[{"taxonomy":"category","embeddable":true,"href":"https:\/\/guialimeira.com.br\/news\/wp-json\/wp\/v2\/categories?post=26652"},{"taxonomy":"post_tag","embeddable":true,"href":"https:\/\/guialimeira.com.br\/news\/wp-json\/wp\/v2\/tags?post=26652"}],"curies":[{"name":"wp","href":"https:\/\/api.w.org\/{rel}","templated":true}]}}