{"id":26645,"date":"2025-03-13T18:31:07","date_gmt":"2025-03-13T21:31:07","guid":{"rendered":"https:\/\/guialimeira.com.br\/2025\/03\/13\/producao-de-motocicletas-em-2025-deve-ser-a-maior-desde-2011\/"},"modified":"2025-03-13T18:31:07","modified_gmt":"2025-03-13T21:31:07","slug":"producao-de-motocicletas-em-2025-deve-ser-a-maior-desde-2011","status":"publish","type":"post","link":"https:\/\/guialimeira.com.br\/news\/producao-de-motocicletas-em-2025-deve-ser-a-maior-desde-2011\/","title":{"rendered":"Produ\u00e7\u00e3o de motocicletas em 2025 deve ser a maior desde 2011"},"content":{"rendered":"<p> <br \/>\n<\/p>\n<div>\n<p>A produ\u00e7\u00e3o de motocicletas em fevereiro de 2025 foi de 176 mil unidades, o que representa um aumento de 25,8% em rela\u00e7\u00e3o a fevereiro de 2024 e de 6,4% perante janeiro de 2025. Os dados s\u00e3o da Abraciclo e incluem apenas o\u00a0P\u00f3lo Industrial de Manaus, que concentra a maior parte da produ\u00e7\u00e3o do Brasil.<img data-recalc-dims=\"1\" decoding=\"async\" src=\"https:\/\/i0.wp.com\/agenciabrasil.ebc.com.br\/ebc.png?w=696&#038;ssl=1\" style=\"width:1px; height:1px; display:inline;\"\/><img data-recalc-dims=\"1\" decoding=\"async\" src=\"https:\/\/i0.wp.com\/agenciabrasil.ebc.com.br\/ebc.gif?w=696&#038;ssl=1\" style=\"width:1px; height:1px; display:inline;\"\/><\/p>\n<p>O setor apresenta crescimento desde que se recuperou\u00a0da crise do meio da d\u00e9cada passada, com <strong>um salto de 883 mil unidades em 2018 para uma previs\u00e3o de 1,8 milh\u00e3o\u00a0de unidades neste ano, o terceiro maior n\u00famero\u00a0desde 1975<\/strong>.\u00a0<\/p>\n<p>Os anos de maior produ\u00e7\u00e3o no setor foram 2011, com 2.136.891 de motociclietas;\u00a0e 2008, com 2.140.907.<\/p>\n<p>As importa\u00e7\u00f5es t\u00eam se mantido est\u00e1veis nos \u00faltimos 10 anos, no patamar de 250 mil unidades\/ano, com amplo dom\u00ednio chin\u00eas, acima de 90%.<\/p>\n<p>As tr\u00eas categorias mais produzidas no primeiro bimestre e em fevereiro foram <em>street<\/em> [baixa ou m\u00e9dia cilindrada para uso urbano], <em>trail<\/em> [utilizada tanto em vias pavimentadas e estradas de ch\u00e3o]\u00a0e motoneta [<em>scooters<\/em> e similares]. Nos dois primeiros meses, sa\u00edram das linhas de montagem 179.677 unidades da <em>street<\/em>, o que corresponde a 52,4% do total fabricado. A produ\u00e7\u00e3o da categoria <em>trail<\/em> atingiu 69.057 motocicletas (20,1% da produ\u00e7\u00e3o), e a da Motoneta somou 46.000 unidades (13,4%).<\/p>\n<p>Os emplacamentos tamb\u00e9m seguem em alta, com previs\u00e3o de vendas na casa de 2 milh\u00f5es de unidades em 2025. <strong>O setor vendeu 308 mil unidades no bimestre, 10% a mais do que no mesmo per\u00edodo em 2024<\/strong>. Foi o melhor primeiro bimestre j\u00e1 registrado pela entidade, com o adendo de que houve retra\u00e7\u00e3o em vendas (-1,3%) no Sudeste, maior mercado, mas expans\u00e3o no Nordeste (23,8%) e no Sul (21,4%).<\/p>\n<p>      <!-- Relacionada --><\/p>\n<p>            <!-- Relacionada -->\n    <\/div>\n<p><br \/>\n<br \/><a href=\"https:\/\/agenciabrasil.ebc.com.br\/economia\/noticia\/2025-03\/producao-de-motocicletas-em-2025-deve-ser-maior-desde-2011\" rel=\"noopener\">Ag\u00eancia Brasil<\/a><\/p>\n","protected":false},"excerpt":{"rendered":"<p>A produ\u00e7\u00e3o de motocicletas em fevereiro de 2025 foi de 176 mil unidades, o que representa um aumento de 25,8% em rela\u00e7\u00e3o a fevereiro de 2024 e de 6,4% perante janeiro de 2025. Os dados s\u00e3o da Abraciclo e incluem apenas o\u00a0P\u00f3lo Industrial de Manaus, que concentra a maior parte da produ\u00e7\u00e3o do Brasil. O [&hellip;]<\/p>\n","protected":false},"author":1,"featured_media":26646,"comment_status":"open","ping_status":"open","sticky":false,"template":"","format":"standard","meta":{"_jetpack_newsletter_access":"","_jetpack_dont_email_post_to_subs":false,"_jetpack_newsletter_tier_id":0,"_jetpack_memberships_contains_paywalled_content":false,"_mbp_banners":[],"_jetpack_feature_clip_id":0,"_jetpack_memberships_contains_paid_content":false,"footnotes":"","jetpack_publicize_message":"","jetpack_publicize_feature_enabled":true,"jetpack_social_post_already_shared":true,"jetpack_social_options":{"image_generator_settings":{"template":"highway","default_image_id":0,"font":"","enabled":false},"version":2},"jetpack_post_was_ever_published":false},"categories":[24],"tags":[],"class_list":["post-26645","post","type-post","status-publish","format-standard","has-post-thumbnail","category-economia"],"jetpack_publicize_connections":[],"jetpack-related-posts":[],"jetpack_shortlink":"https:\/\/wp.me\/p7Eq1F-6VL","jetpack_sharing_enabled":true,"jetpack_featured_media_url":"https:\/\/i0.wp.com\/guialimeira.com.br\/news\/wp-content\/uploads\/2025\/03\/rvrsa_abr_0507181062.jpg?fit=1600%2C800&ssl=1","_links":{"self":[{"href":"https:\/\/guialimeira.com.br\/news\/wp-json\/wp\/v2\/posts\/26645","targetHints":{"allow":["GET"]}}],"collection":[{"href":"https:\/\/guialimeira.com.br\/news\/wp-json\/wp\/v2\/posts"}],"about":[{"href":"https:\/\/guialimeira.com.br\/news\/wp-json\/wp\/v2\/types\/post"}],"author":[{"embeddable":true,"href":"https:\/\/guialimeira.com.br\/news\/wp-json\/wp\/v2\/users\/1"}],"replies":[{"embeddable":true,"href":"https:\/\/guialimeira.com.br\/news\/wp-json\/wp\/v2\/comments?post=26645"}],"version-history":[{"count":0,"href":"https:\/\/guialimeira.com.br\/news\/wp-json\/wp\/v2\/posts\/26645\/revisions"}],"wp:featuredmedia":[{"embeddable":true,"href":"https:\/\/guialimeira.com.br\/news\/wp-json\/wp\/v2\/media\/26646"}],"wp:attachment":[{"href":"https:\/\/guialimeira.com.br\/news\/wp-json\/wp\/v2\/media?parent=26645"}],"wp:term":[{"taxonomy":"category","embeddable":true,"href":"https:\/\/guialimeira.com.br\/news\/wp-json\/wp\/v2\/categories?post=26645"},{"taxonomy":"post_tag","embeddable":true,"href":"https:\/\/guialimeira.com.br\/news\/wp-json\/wp\/v2\/tags?post=26645"}],"curies":[{"name":"wp","href":"https:\/\/api.w.org\/{rel}","templated":true}]}}