{"id":2663,"date":"2024-04-24T20:02:46","date_gmt":"2024-04-24T23:02:46","guid":{"rendered":"https:\/\/guialimeira.com.br\/2024\/04\/24\/brasil-registra-deficit-habitacional-de-6-milhoes-de-domicilios\/"},"modified":"2024-04-24T20:02:46","modified_gmt":"2024-04-24T23:02:46","slug":"brasil-registra-deficit-habitacional-de-6-milhoes-de-domicilios","status":"publish","type":"post","link":"https:\/\/guialimeira.com.br\/news\/brasil-registra-deficit-habitacional-de-6-milhoes-de-domicilios\/","title":{"rendered":"Brasil registra d\u00e9ficit habitacional de 6 milh\u00f5es de domic\u00edlios"},"content":{"rendered":"<p> <br \/>\n<\/p>\n<div>\n<p>O d\u00e9ficit habitacional do Brasil totalizou 6 milh\u00f5es de domic\u00edlios em 2022, o que representa 8,3% do total de habita\u00e7\u00f5es ocupadas no pa\u00eds. Em termos absolutos, na compara\u00e7\u00e3o com 2019 (5.964.993), houve um aumento de cerca de 4,2% no total de d\u00e9ficit de domic\u00edlios.<img data-recalc-dims=\"1\" decoding=\"async\" src=\"https:\/\/i0.wp.com\/agenciabrasil.ebc.com.br\/ebc.png?w=696&#038;ssl=1\" style=\"width:1px; height:1px; display:inline;\"\/><img data-recalc-dims=\"1\" decoding=\"async\" src=\"https:\/\/i0.wp.com\/agenciabrasil.ebc.com.br\/ebc.gif?w=696&#038;ssl=1\" style=\"width:1px; height:1px; display:inline;\"\/><\/p>\n<p>Os dados foram divulgados nesta quarta-feira (24) pela Funda\u00e7\u00e3o Jo\u00e3o Pinheiro (FJP), institui\u00e7\u00e3o respons\u00e1vel pelo c\u00e1lculo do d\u00e9ficit habitacional do Brasil em parceria com a Secretaria Nacional de Habita\u00e7\u00e3o do Minist\u00e9rio das Cidades.\u00a0<\/p>\n<p>A predomin\u00e2ncia do d\u00e9ficit habitacional no pa\u00eds \u00e9 em fam\u00edlias com at\u00e9 dois sal\u00e1rios m\u00ednimos de renda domiciliar (R$ 2.640), prioritariamente aqueles da Faixa 1 do Programa Minha Casa, Minha Vida, do governo federal (74,5%). No resultado geral do indicador, o componente \u00f4nus excessivo com o aluguel urbano (fam\u00edlias com renda domiciliar de at\u00e9 tr\u00eas sal\u00e1rios-m\u00ednimos que gastam mais de 30% de sua renda com aluguel) se destaca, com 3.242.780 de domic\u00edlios, o que representa 52,2% do d\u00e9ficit habitacional.<\/p>\n<p>\u201cA gente teve um per\u00edodo recente sem pol\u00edtica p\u00fablica de moradia, houve a crise sanit\u00e1ria e econ\u00f4mica, muitas fam\u00edlias ficaram sem renda. O principal componente do d\u00e9ficit habitacional \u00e9 o \u00f4nus excessivo por aluguel, as fam\u00edlias que gastam mais de 30% da sua renda com aluguel. Essas fam\u00edlias s\u00e3o a maioria das que integram esse d\u00e9ficit, t\u00eam necessidade de uma nova moradia\u201d, disse a diretora executiva da ONG Habitat para a Humanidade Brasil, Socorro Leite. \u201cPrecisamos de pol\u00edtica p\u00fablica continuada com aumento de renda, al\u00e9m de ter investimento em infraestrutura das casas\u201d.<\/p>\n<p>Segundo o estudo, as mulheres aparecem como 62,6% do total de\u00a0 respons\u00e1veis pelos domicilios (3.892.995) e as pessoas negras (exceto na regi\u00e3o Sul do Brasil) s\u00e3o maioria em praticamente todos os componentes, consequentemente, no pr\u00f3prio d\u00e9ficit habitacional.<\/p>\n<p>O d\u00e9ficit habitacional absoluto por regi\u00e3o \u00e9 de 773.329 no Norte do Brasil; 1.761.032 no Nordeste; 499.685 no Centro-Oeste; 2.433.642 no Sudeste e 737.626 na regi\u00e3o Sul.\u00a0<\/p>\n<p>Regionalmente, as habita\u00e7\u00f5es prec\u00e1rias (domic\u00edlios improvisados ou r\u00fasticos) s\u00e3o o principal componente respons\u00e1vel pelo d\u00e9ficit habitacional no Norte (42,8%) e Nordeste (39,9%), onde h\u00e1 maior relev\u00e2ncia do d\u00e9ficit habitacional rural. No Sudeste, Sul e Centro-Oeste do pa\u00eds, o predom\u00ednio \u00e9 do \u00f4nus excessivo com o aluguel urbano.<\/p>\n<p>A atualiza\u00e7\u00e3o dos dados para o ano de 2022 teve como base a Pesquisa Nacional por Amostra de Domic\u00edlios Cont\u00ednua, do Instituto Brasileiro de Geografia e Estat\u00edstica (IBGE) e o Cadastro \u00danico para Programas Sociais (Cad\u00danico).<\/p>\n<\/p><\/div>\n<p><br \/>\n<br \/><a href=\"https:\/\/agenciabrasil.ebc.com.br\/geral\/noticia\/2024-04\/brasil-registra-deficit-habitacional-de-6-milhoes-de-domicilios\" rel=\"noopener\">Ag\u00eancia Brasil<\/a><\/p>\n","protected":false},"excerpt":{"rendered":"<p>O d\u00e9ficit habitacional do Brasil totalizou 6 milh\u00f5es de domic\u00edlios em 2022, o que representa 8,3% do total de habita\u00e7\u00f5es ocupadas no pa\u00eds. Em termos absolutos, na compara\u00e7\u00e3o com 2019 (5.964.993), houve um aumento de cerca de 4,2% no total de d\u00e9ficit de domic\u00edlios. Os dados foram divulgados nesta quarta-feira (24) pela Funda\u00e7\u00e3o Jo\u00e3o Pinheiro [&hellip;]<\/p>\n","protected":false},"author":1,"featured_media":2664,"comment_status":"open","ping_status":"open","sticky":false,"template":"","format":"standard","meta":{"_jetpack_newsletter_access":"","_jetpack_dont_email_post_to_subs":false,"_jetpack_newsletter_tier_id":0,"_jetpack_memberships_contains_paywalled_content":false,"_mbp_banners":[],"_jetpack_feature_clip_id":0,"_jetpack_memberships_contains_paid_content":false,"footnotes":"","jetpack_publicize_message":"","jetpack_publicize_feature_enabled":true,"jetpack_social_post_already_shared":true,"jetpack_social_options":{"image_generator_settings":{"template":"highway","default_image_id":0,"font":"","enabled":false},"version":2},"jetpack_post_was_ever_published":false},"categories":[22],"tags":[],"class_list":["post-2663","post","type-post","status-publish","format-standard","has-post-thumbnail","category-nacional"],"jetpack_publicize_connections":[],"jetpack-related-posts":[],"jetpack_shortlink":"https:\/\/wp.me\/p7Eq1F-GX","jetpack_sharing_enabled":true,"jetpack_featured_media_url":"https:\/\/i0.wp.com\/guialimeira.com.br\/news\/wp-content\/uploads\/2024\/04\/ja_2606_0.jpg?fit=1600%2C800&ssl=1","_links":{"self":[{"href":"https:\/\/guialimeira.com.br\/news\/wp-json\/wp\/v2\/posts\/2663","targetHints":{"allow":["GET"]}}],"collection":[{"href":"https:\/\/guialimeira.com.br\/news\/wp-json\/wp\/v2\/posts"}],"about":[{"href":"https:\/\/guialimeira.com.br\/news\/wp-json\/wp\/v2\/types\/post"}],"author":[{"embeddable":true,"href":"https:\/\/guialimeira.com.br\/news\/wp-json\/wp\/v2\/users\/1"}],"replies":[{"embeddable":true,"href":"https:\/\/guialimeira.com.br\/news\/wp-json\/wp\/v2\/comments?post=2663"}],"version-history":[{"count":0,"href":"https:\/\/guialimeira.com.br\/news\/wp-json\/wp\/v2\/posts\/2663\/revisions"}],"wp:featuredmedia":[{"embeddable":true,"href":"https:\/\/guialimeira.com.br\/news\/wp-json\/wp\/v2\/media\/2664"}],"wp:attachment":[{"href":"https:\/\/guialimeira.com.br\/news\/wp-json\/wp\/v2\/media?parent=2663"}],"wp:term":[{"taxonomy":"category","embeddable":true,"href":"https:\/\/guialimeira.com.br\/news\/wp-json\/wp\/v2\/categories?post=2663"},{"taxonomy":"post_tag","embeddable":true,"href":"https:\/\/guialimeira.com.br\/news\/wp-json\/wp\/v2\/tags?post=2663"}],"curies":[{"name":"wp","href":"https:\/\/api.w.org\/{rel}","templated":true}]}}