{"id":26624,"date":"2025-03-13T16:32:53","date_gmt":"2025-03-13T19:32:53","guid":{"rendered":"https:\/\/guialimeira.com.br\/?p=26624"},"modified":"2025-03-13T16:32:53","modified_gmt":"2025-03-13T19:32:53","slug":"comissao-pede-a-prefeitura-que-realize-servicos-de-zeladoria-no-centro-comunitario-do-cecap","status":"publish","type":"post","link":"https:\/\/guialimeira.com.br\/news\/comissao-pede-a-prefeitura-que-realize-servicos-de-zeladoria-no-centro-comunitario-do-cecap\/","title":{"rendered":"Comiss\u00e3o pede \u00e0 Prefeitura que realize servi\u00e7os de zeladoria no Centro Comunit\u00e1rio do Cecap"},"content":{"rendered":"\n<figure class=\"wp-block-gallery has-nested-images columns-default is-cropped wp-block-gallery-1 is-layout-flex wp-block-gallery-is-layout-flex\"><\/figure>\n \r\n<br><img data-recalc-dims=\"1\" decoding=\"async\" src=\"https:\/\/i0.wp.com\/guialimeira.com.br\/wp-content\/uploads\/2025\/03\/2025-03-13_comissao-pede-a-prefeitura-que-realize-servicos-de-zeladoria-no-centro-comunitario-do-cec.jpeg?w=696&#038;ssl=1\" \/><br><div>\n\t\t\t\t\t<p>Nesta quinta-feira, 13 de mar\u00e7o, a Comiss\u00e3o de Obras e Planejamento Urbano recebeu os representantes da Secretaria de Seguran\u00e7a P\u00fablica, os guardas civis municipais (GCMs) Henrique Cassiano Paes, comandante, e Emanuele Costa Silva, subcomandante. O objetivo foi discutir a possibilidade de melhorar a seguran\u00e7a do Centro Comunit\u00e1rio Victor D\u2019Andr\u00e9a, no Cecap. O colegiado tamb\u00e9m deliberou pelo encaminhamento de of\u00edcio \u00e0 Prefeitura solicitando que sejam realizados servi\u00e7os de zeladoria com urg\u00eancia no local.<\/p><p><a href=\"https:\/\/www.limeira.sp.leg.br\/noticias\/view\/2025-03-07_comissao-de-obras-se-reune-com-usuarios-do-centro-comunitario-do-cecap\" rel=\"noopener\">Na \u00faltima sexta-feira<\/a>, 7 de mar\u00e7o, o colegiado visitou o local para vistoriar as instala\u00e7\u00f5es. Os parlamentares conversaram com os usu\u00e1rios e foram informados que o principal problema no espa\u00e7o, al\u00e9m da falta de manuten\u00e7\u00e3o, \u00e9 a falta de seguran\u00e7a.<\/p><p>Paes explicou aos vereadores que para deixar um guarda fixo no Centro Comunit\u00e1rio, \u00e9 necess\u00e1rio que o espa\u00e7o conte com ambiente adequado, para que ele tenha acesso a banheiro e cozinha, por exemplo, do contr\u00e1rio poderia sofrer um processo pela falta de condi\u00e7\u00f5es de trabalho.<\/p><p>Ele tamb\u00e9m explicou que para deixar um guarda em cada centro comunit\u00e1rio (aproximadamente 15 na cidade) durante 24h, seria necess\u00e1rio contar com um efetivo de 60 guardas dispon\u00edveis. No entanto, h\u00e1 falta de funcion\u00e1rios e n\u00e3o \u00e9 poss\u00edvel dispor desses servidores, sem desguarnecer os demais setores do munic\u00edpio.<\/p><p>Paes falou sobre os projetos que a Guarda pretende colocar em pr\u00e1tica, dentre eles a instala\u00e7\u00e3o de cinco bases comunit\u00e1rias, divididas por regi\u00f5es na cidade, por meio de conv\u00eanio com o Governo Federal. Atualmente j\u00e1 foram instaladas duas, as outras tr\u00eas n\u00e3o foram conclu\u00eddas pela falta de espa\u00e7o adequado. Dentro desta perspectiva, o comandante disse que seria poss\u00edvel que os respons\u00e1veis pelas bases fa\u00e7am a coleta das demandas e deem andamento nas ocorr\u00eancias.<\/p><p>O GCM tamb\u00e9m destacou que a falta de efetivo e de viaturas \u00e9 um problema grave, pois impede que todas as demandas sejam atendidas. \u201cDentro do que \u00e9 poss\u00edvel buscamos atender todas as demandas, mas enfrentamos dificuldades com falta de efetivo e de viaturas\u201d, disse Paes. Ele refor\u00e7ou que a popula\u00e7\u00e3o tamb\u00e9m precisa ser conscientizada para entrar em contato com os canais corretos para fazer a den\u00fancia de invas\u00f5es ou vandalismo, que \u00e9 pelos telefones 153 ou 190, pois isso agiliza o atendimento da ocorr\u00eancia.<\/p><p><strong>Delibera\u00e7\u00f5es<\/strong><\/p><p>Para solucionar os problemas identificados na vistoria do Centro Comunit\u00e1rio do Cecap, a Comiss\u00e3o deliberou pelo encaminhamento de of\u00edcio \u00e0 Prefeitura questionando sobre o projeto de reforma do local, c\u00f3pia de estudo t\u00e9cnico de seguran\u00e7a e cronograma de a\u00e7\u00f5es.\u00a0<\/p><p>Os parlamentares tamb\u00e9m pediram que o Executivo providencie com urg\u00eancia servi\u00e7os de zeladoria, como capina\u00e7\u00e3o, poda e limpeza, reconstitui\u00e7\u00e3o adequada do alambrado, instala\u00e7\u00e3o de bacias sanit\u00e1rias e limpeza da piscina. Eles tamb\u00e9m solicitaram que seja feita a troca das l\u00e2mpadas queimadas e que a prefeitura providencie a limpeza com hidrojato at\u00e9 o dia 10 de abril.<\/p><p>Uma nova dilig\u00eancia ao Centro Comunit\u00e1rio foi agendada para o dia 11 de abril, \u00e0s 14h, para verificar se os servi\u00e7os foram executados conforme solicitado.<\/p><p><strong>A Comiss\u00e3o<\/strong><\/p><p>A Comiss\u00e3o de Obras e Planejamento Urbano \u00e9 respons\u00e1vel por temas como servi\u00e7os p\u00fablicos, uso, ocupa\u00e7\u00e3o e parcelamento do solo, e \u00e9 formada pelos vereadores Helder do T\u00e1xi (PSD), presidente; M\u00e1rcio do Estacionamento (DC), vice-presidente; e\u00a0 Jo\u00e3o Antunes Bano (SD), secret\u00e1rio. As reuni\u00f5es ordin\u00e1rias do colegiado acontecem \u00e0s quintas-feiras, a partir das 13h30.<\/p><p>Fazem parte do colegiado os vereadores Helder do T\u00e1xi (PSD), presidente; M\u00e1rcio do Estacionamento (DC), vice-presidente; e\u00a0 Jo\u00e3o Antunes Bano (SD), secret\u00e1rio.<\/p>\t\t\t\t<\/div>\r\n<br>\r\n<br><a href=\"https:\/\/www.limeira.sp.leg.br\/noticias\/view\/2025-03-13_comissao-pede-a-prefeitura-que-realize-servicos-de-zeladoria-no-centro-comunitario-do-cecap\" rel=\"noopener\">Informa\u00e7\u00f5es CML <\/a>","protected":false},"excerpt":{"rendered":"<p>Nesta quinta-feira, 13 de mar\u00e7o, a Comiss\u00e3o de Obras e Planejamento Urbano recebeu os representantes da Secretaria de Seguran\u00e7a P\u00fablica, os guardas civis municipais (GCMs) Henrique Cassiano Paes, comandante, e Emanuele Costa Silva, subcomandante. O objetivo foi discutir a possibilidade de melhorar a seguran\u00e7a do Centro Comunit\u00e1rio Victor D\u2019Andr\u00e9a, no Cecap. O colegiado tamb\u00e9m deliberou [&hellip;]<\/p>\n","protected":false},"author":1,"featured_media":26625,"comment_status":"open","ping_status":"open","sticky":false,"template":"","format":"standard","meta":{"_jetpack_newsletter_access":"","_jetpack_dont_email_post_to_subs":false,"_jetpack_newsletter_tier_id":0,"_jetpack_memberships_contains_paywalled_content":false,"_mbp_banners":[],"_jetpack_feature_clip_id":0,"_jetpack_memberships_contains_paid_content":false,"footnotes":"","jetpack_publicize_message":"","jetpack_publicize_feature_enabled":true,"jetpack_social_post_already_shared":true,"jetpack_social_options":{"image_generator_settings":{"template":"highway","default_image_id":0,"font":"","enabled":false},"version":2},"jetpack_post_was_ever_published":false},"categories":[19],"tags":[],"class_list":["post-26624","post","type-post","status-publish","format-standard","has-post-thumbnail","category-politica"],"jetpack_publicize_connections":[],"jetpack-related-posts":[],"jetpack_shortlink":"https:\/\/wp.me\/p7Eq1F-6Vq","jetpack_sharing_enabled":true,"jetpack_featured_media_url":"https:\/\/i0.wp.com\/guialimeira.com.br\/news\/wp-content\/uploads\/2025\/03\/Comissao-pede-a-Prefeitura-que-realize-servicos-de-zeladoria-no.jpeg?fit=1280%2C640&ssl=1","_links":{"self":[{"href":"https:\/\/guialimeira.com.br\/news\/wp-json\/wp\/v2\/posts\/26624","targetHints":{"allow":["GET"]}}],"collection":[{"href":"https:\/\/guialimeira.com.br\/news\/wp-json\/wp\/v2\/posts"}],"about":[{"href":"https:\/\/guialimeira.com.br\/news\/wp-json\/wp\/v2\/types\/post"}],"author":[{"embeddable":true,"href":"https:\/\/guialimeira.com.br\/news\/wp-json\/wp\/v2\/users\/1"}],"replies":[{"embeddable":true,"href":"https:\/\/guialimeira.com.br\/news\/wp-json\/wp\/v2\/comments?post=26624"}],"version-history":[{"count":1,"href":"https:\/\/guialimeira.com.br\/news\/wp-json\/wp\/v2\/posts\/26624\/revisions"}],"predecessor-version":[{"id":26626,"href":"https:\/\/guialimeira.com.br\/news\/wp-json\/wp\/v2\/posts\/26624\/revisions\/26626"}],"wp:featuredmedia":[{"embeddable":true,"href":"https:\/\/guialimeira.com.br\/news\/wp-json\/wp\/v2\/media\/26625"}],"wp:attachment":[{"href":"https:\/\/guialimeira.com.br\/news\/wp-json\/wp\/v2\/media?parent=26624"}],"wp:term":[{"taxonomy":"category","embeddable":true,"href":"https:\/\/guialimeira.com.br\/news\/wp-json\/wp\/v2\/categories?post=26624"},{"taxonomy":"post_tag","embeddable":true,"href":"https:\/\/guialimeira.com.br\/news\/wp-json\/wp\/v2\/tags?post=26624"}],"curies":[{"name":"wp","href":"https:\/\/api.w.org\/{rel}","templated":true}]}}