{"id":26619,"date":"2025-03-13T16:24:16","date_gmt":"2025-03-13T19:24:16","guid":{"rendered":"https:\/\/guialimeira.com.br\/?p=26619"},"modified":"2025-03-13T16:24:18","modified_gmt":"2025-03-13T19:24:18","slug":"vereador-costa-junior-propoe-obrigatoriedade-de-profissional-de-educacao-fisica-em-academias-de-condominios","status":"publish","type":"post","link":"https:\/\/guialimeira.com.br\/news\/vereador-costa-junior-propoe-obrigatoriedade-de-profissional-de-educacao-fisica-em-academias-de-condominios\/","title":{"rendered":"Vereador Costa J\u00fanior prop\u00f5e obrigatoriedade de profissional de educa\u00e7\u00e3o f\u00edsica em academias de condom\u00ednios"},"content":{"rendered":"\n<p class=\"wp-block-paragraph\">O vereador <strong>Costa J\u00fanior (Podemos)<\/strong> apresentou um projeto de lei que estabelece a <strong>obrigatoriedade da presen\u00e7a de um profissional de educa\u00e7\u00e3o f\u00edsica<\/strong> em condom\u00ednios que possuem espa\u00e7os destinados \u00e0 pr\u00e1tica de atividades f\u00edsicas, sempre que houver atividades dirigidas e orientadas. A proposta visa garantir <strong>seguran\u00e7a, qualidade e preven\u00e7\u00e3o de les\u00f5es<\/strong>, assegurando que os moradores possam se exercitar com o devido acompanhamento profissional.<\/p>\n\n\n\n<h2 class=\"wp-block-heading\"><strong>Principais pontos do projeto de lei<\/strong><\/h2>\n\n\n\n<p class=\"wp-block-paragraph\">\ud83d\udccc <strong>Profissional qualificado<\/strong>: Todo condom\u00ednio que oferecer atividades f\u00edsicas dirigidas e orientadas deve contar com um profissional de educa\u00e7\u00e3o f\u00edsica registrado no Conselho de Classe.<\/p>\n\n\n\n<p class=\"wp-block-paragraph\">\ud83d\udccc <strong>Uso livre permitido<\/strong>: Caso os cond\u00f4minos pratiquem atividades f\u00edsicas sem supervis\u00e3o profissional, o uso do espa\u00e7o continuar\u00e1 sendo permitido sem a necessidade da presen\u00e7a de um especialista.<\/p>\n\n\n\n<p class=\"wp-block-paragraph\">\ud83d\udccc <strong>Terceiriza\u00e7\u00e3o e acesso de terceiros<\/strong>: Se o condom\u00ednio terceirizar o espa\u00e7o ou permitir o uso por pessoas de fora, a presen\u00e7a de um profissional habilitado ser\u00e1 obrigat\u00f3ria.<\/p>\n\n\n\n<p class=\"wp-block-paragraph\">\ud83d\udccc <strong>Manuten\u00e7\u00e3o dos equipamentos<\/strong>: Os equipamentos das academias e espa\u00e7os fitness dever\u00e3o passar por manuten\u00e7\u00e3o peri\u00f3dica para garantir a seguran\u00e7a dos usu\u00e1rios.<\/p>\n\n\n\n<p class=\"wp-block-paragraph\">\ud83d\udccc <strong>Autonomia dos moradores<\/strong>: Cada cond\u00f4mino poder\u00e1 contratar, por conta pr\u00f3pria, um profissional para acompanh\u00e1-lo nos treinos, desde que respeite as diretrizes da lei.<\/p>\n\n\n\n<h2 class=\"wp-block-heading\"><strong>Justificativa para a regulamenta\u00e7\u00e3o<\/strong><\/h2>\n\n\n\n<p class=\"wp-block-paragraph\">A pr\u00e1tica de exerc\u00edcios f\u00edsicos \u00e9 essencial para a sa\u00fade e o bem-estar, mas, sem a devida orienta\u00e7\u00e3o, <strong>pode trazer riscos como les\u00f5es e sobrecarga muscular<\/strong>. Muitos condom\u00ednios j\u00e1 possuem academias e espa\u00e7os destinados a atividades f\u00edsicas, mas nem sempre h\u00e1 um profissional para garantir que os treinos sejam realizados de forma correta e segura.<\/p>\n\n\n\n<p class=\"wp-block-paragraph\">O vereador <strong>Costa J\u00fanior<\/strong> destaca que essa regulamenta\u00e7\u00e3o visa:<\/p>\n\n\n\n<p class=\"wp-block-paragraph\">\u2714\ufe0f <strong>Prevenir les\u00f5es e problemas de sa\u00fade<\/strong> causados por pr\u00e1ticas inadequadas.<br>\u2714\ufe0f <strong>Promover um ambiente seguro e acess\u00edvel<\/strong> para os moradores.<br>\u2714\ufe0f <strong>Garantir que espa\u00e7os terceirizados sigam normas de seguran\u00e7a e qualidade<\/strong>.<br>\u2714\ufe0f <strong>Fortalecer a regulamenta\u00e7\u00e3o da pr\u00e1tica esportiva em condom\u00ednios<\/strong>, alinhando-se \u00e0s melhores pr\u00e1ticas de sa\u00fade p\u00fablica.<\/p>\n\n\n\n<p class=\"wp-block-paragraph\">Al\u00e9m disso, a fiscaliza\u00e7\u00e3o da lei ficar\u00e1 a cargo do <strong>Poder Executivo Municipal<\/strong>, garantindo que as normas sejam cumpridas de maneira eficiente e sem onerar os condom\u00ednios com obriga\u00e7\u00f5es excessivas.<\/p>\n\n\n\n<h2 class=\"wp-block-heading\"><strong>Impacto na sa\u00fade e na qualidade de vida<\/strong><\/h2>\n\n\n\n<p class=\"wp-block-paragraph\">Com essa proposta, espera-se que os moradores dos condom\u00ednios <strong>tenham acesso a treinos mais seguros, eficientes e personalizados<\/strong>, contribuindo para uma melhor qualidade de vida e bem-estar.<\/p>\n\n\n\n<p class=\"wp-block-paragraph\">\ud83d\udcac <strong>O que voc\u00ea acha dessa iniciativa? Voc\u00ea concorda que os condom\u00ednios devem contar com profissionais de educa\u00e7\u00e3o f\u00edsica? Deixe sua opini\u00e3o nos coment\u00e1rios!<\/strong> \ud83c\udfcb\ufe0f\u200d\u2642\ufe0f\ud83d\udcac<\/p>\n","protected":false},"excerpt":{"rendered":"<p>O vereador Costa J\u00fanior (Podemos) apresentou um projeto de lei que estabelece a obrigatoriedade da presen\u00e7a de um profissional de educa\u00e7\u00e3o f\u00edsica em condom\u00ednios que possuem espa\u00e7os destinados \u00e0 pr\u00e1tica de atividades f\u00edsicas, sempre que houver atividades dirigidas e orientadas. A proposta visa garantir seguran\u00e7a, qualidade e preven\u00e7\u00e3o de les\u00f5es, assegurando que os moradores possam [&hellip;]<\/p>\n","protected":false},"author":1,"featured_media":26620,"comment_status":"open","ping_status":"open","sticky":false,"template":"","format":"standard","meta":{"_jetpack_newsletter_access":"","_jetpack_dont_email_post_to_subs":false,"_jetpack_newsletter_tier_id":0,"_jetpack_memberships_contains_paywalled_content":false,"_mbp_banners":[],"_jetpack_feature_clip_id":0,"_jetpack_memberships_contains_paid_content":false,"footnotes":"","jetpack_publicize_message":"","jetpack_publicize_feature_enabled":true,"jetpack_social_post_already_shared":true,"jetpack_social_options":{"image_generator_settings":{"template":"highway","default_image_id":0,"font":"","enabled":false},"version":2},"jetpack_post_was_ever_published":false},"categories":[19],"tags":[],"class_list":["post-26619","post","type-post","status-publish","format-standard","has-post-thumbnail","category-politica"],"jetpack_publicize_connections":[],"jetpack-related-posts":[],"jetpack_shortlink":"https:\/\/wp.me\/p7Eq1F-6Vl","jetpack_sharing_enabled":true,"jetpack_featured_media_url":"https:\/\/i0.wp.com\/guialimeira.com.br\/news\/wp-content\/uploads\/2025\/03\/Profissional-de-Educacao-Fisica-no-condominio.png?fit=1632%2C1088&ssl=1","_links":{"self":[{"href":"https:\/\/guialimeira.com.br\/news\/wp-json\/wp\/v2\/posts\/26619","targetHints":{"allow":["GET"]}}],"collection":[{"href":"https:\/\/guialimeira.com.br\/news\/wp-json\/wp\/v2\/posts"}],"about":[{"href":"https:\/\/guialimeira.com.br\/news\/wp-json\/wp\/v2\/types\/post"}],"author":[{"embeddable":true,"href":"https:\/\/guialimeira.com.br\/news\/wp-json\/wp\/v2\/users\/1"}],"replies":[{"embeddable":true,"href":"https:\/\/guialimeira.com.br\/news\/wp-json\/wp\/v2\/comments?post=26619"}],"version-history":[{"count":1,"href":"https:\/\/guialimeira.com.br\/news\/wp-json\/wp\/v2\/posts\/26619\/revisions"}],"predecessor-version":[{"id":26621,"href":"https:\/\/guialimeira.com.br\/news\/wp-json\/wp\/v2\/posts\/26619\/revisions\/26621"}],"wp:featuredmedia":[{"embeddable":true,"href":"https:\/\/guialimeira.com.br\/news\/wp-json\/wp\/v2\/media\/26620"}],"wp:attachment":[{"href":"https:\/\/guialimeira.com.br\/news\/wp-json\/wp\/v2\/media?parent=26619"}],"wp:term":[{"taxonomy":"category","embeddable":true,"href":"https:\/\/guialimeira.com.br\/news\/wp-json\/wp\/v2\/categories?post=26619"},{"taxonomy":"post_tag","embeddable":true,"href":"https:\/\/guialimeira.com.br\/news\/wp-json\/wp\/v2\/tags?post=26619"}],"curies":[{"name":"wp","href":"https:\/\/api.w.org\/{rel}","templated":true}]}}