{"id":26609,"date":"2025-03-13T15:28:23","date_gmt":"2025-03-13T18:28:23","guid":{"rendered":"https:\/\/guialimeira.com.br\/2025\/03\/13\/conab-estima-safra-de-graos-acima-de-328-milhoes-de-toneladas\/"},"modified":"2025-03-13T15:28:23","modified_gmt":"2025-03-13T18:28:23","slug":"conab-estima-safra-de-graos-acima-de-328-milhoes-de-toneladas","status":"publish","type":"post","link":"https:\/\/guialimeira.com.br\/news\/conab-estima-safra-de-graos-acima-de-328-milhoes-de-toneladas\/","title":{"rendered":"Conab estima safra de gr\u00e3os acima de 328 milh\u00f5es de toneladas"},"content":{"rendered":"<p> <br \/>\n<\/p>\n<div>\n<p>A Companhia Nacional de Abastecimento (Conab) divulgou, nesta quinta-feira (13), o sexto levantamento da safra de gr\u00e3os 2024\/25, que atualiza a produ\u00e7\u00e3o nacional para 328,3 milh\u00f5es de toneladas.<img data-recalc-dims=\"1\" decoding=\"async\" src=\"https:\/\/i0.wp.com\/agenciabrasil.ebc.com.br\/ebc.png?w=696&#038;ssl=1\" style=\"width:1px; height:1px; display:inline;\"\/><img data-recalc-dims=\"1\" decoding=\"async\" src=\"https:\/\/i0.wp.com\/agenciabrasil.ebc.com.br\/ebc.gif?w=696&#038;ssl=1\" style=\"width:1px; height:1px; display:inline;\"\/><\/p>\n<p><strong>A atual estimativa representa uma alta de 10,3%, se comparada ao volume colhido no ciclo anterior (2023\/24),<\/strong> <strong>com acr\u00e9scimo de 30,6 milh\u00f5es de toneladas de 16 gr\u00e3os a serem colhidos.<\/strong>\u00a0\u00a0Se as proje\u00e7\u00f5es se confirmarem, ser\u00e1 <strong>um novo recorde para a produ\u00e7\u00e3o de gr\u00e3os no Brasil<\/strong>.<\/p>\n<p>Segundo a Conab, o resultado reflete o aumento na \u00e1rea plantada, estimada em 81,6 milh\u00f5es de hectares, e a recupera\u00e7\u00e3o na produtividade m\u00e9dia das lavouras, projetada em 4,02 toneladas por hectare.<\/p>\n<p>Ao compartilhar os n\u00fameros, o presidente da companhia, Edegar Pretto, disse que ser\u00e1 uma <strong>safra hist\u00f3rica<\/strong>.<\/p>\n<blockquote>\n<p>\u201cAs previs\u00f5es deste sexto levantamento s\u00e3o mais positivas ainda do que as do quinto levantamento\u201d, afirmou Edegar Pretto.<\/p>\n<\/blockquote>\n<h2>Soja<\/h2>\n<p>A soja continua a ser o principal produto cultivado na primeira safra. Na safra de 2024\/25, a produ\u00e7\u00e3o deve atingir 167,4 milh\u00f5es de toneladas, com aumento de 13,3% em rela\u00e7\u00e3o \u00e0 safra passada.\u00a0 A \u00e1rea plantada de soja \u00e9 de 47,45 milh\u00f5es de hectares, com crescimento de 2,8%, na compara\u00e7\u00e3o com a \u00faltima safra. Os n\u00fameros consolidam o Brasil na posi\u00e7\u00e3o de lideran\u00e7a da produ\u00e7\u00e3o de soja no mercado global.<\/p>\n<p>O presidente da Conab lembrou o excesso de chuvas em janeiro, que provocou atrasos no plantio e tornou o in\u00edcio de colheita mais lento em alguns estados, mas ressaltou que a estiagem de fevereiro j\u00e1 possibilitou o avan\u00e7o da colheita de 60,9% da \u00e1rea total.<\/p>\n<p>&#8220;A diminui\u00e7\u00e3o das chuvas no Sul, especialmente no Rio Grande do Sul, que trouxe uma quebra na produ\u00e7\u00e3o da soja [local], teve uma extraordin\u00e1ria recupera\u00e7\u00e3o nas demais regi\u00f5es, como o Centro-oeste&#8221;, avaliou Edegar Pretto.\u00a0<\/p>\n<h2>Milho<\/h2>\n<p>A produ\u00e7\u00e3o de milho estimada pela Conab para a safra 2024\/2025 \u00e9 de 122,76 milh\u00f5es de toneladas, crescimento de 6,1% na compara\u00e7\u00e3o com a \u00faltima safra. A<br \/>\u00e1rea plantada deve alcan\u00e7ar 21,14 milh\u00f5es hectares, o que representa aumento de 0,4% em rela\u00e7\u00e3o \u00e0 \u00faltima safra do cereal.<\/p>\n<p>A segunda safra de milho registra 83,1% da \u00e1rea prevista j\u00e1 plantada. O \u00edndice est\u00e1 abaixo do registrado no \u00faltimo ciclo.\u00a0<\/p>\n<p>Pretto disse que a diminui\u00e7\u00e3o das chuvas &#8220;traz certa preocupa\u00e7\u00e3o para o fim do plantio do milho&#8221; e que a Conab acompanha com aten\u00e7\u00e3o a situa\u00e7\u00e3o, porque o milho \u00e9 o principal componente da ra\u00e7\u00e3o animal, fornecendo prote\u00edna para aves, su\u00ednos e bovinos.\u00a0<\/p>\n<blockquote>\n<p>&#8220;Ter mais milho em oferta, tanto para o nosso Brasil quanto para o exterior, \u00e9 importante para a economia. O governo tem uma aten\u00e7\u00e3o especial para a ra\u00e7\u00e3o animal e tamb\u00e9m sobre o pre\u00e7o da carne para os consumidores.&#8221;<\/p>\n<\/blockquote>\n<h2>Feij\u00e3o e arroz\u00a0<\/h2>\n<p>Tamb\u00e9m para o arroz os t\u00e9cnicos da Conab verificaram aumento de 6,5% na \u00e1rea plantada, chegando a 1,7 milh\u00e3o de hectares, maior \u00e1rea nos \u00faltimos sete anos. As condi\u00e7\u00f5es clim\u00e1ticas t\u00eam favorecido as lavouras, permitindo a recupera\u00e7\u00e3o de 7,3% na produtividade m\u00e9dia, estimada em 7.063 quilos por hectare.<\/p>\n<p>Mantendo-se o cen\u00e1rio atual, a estimativa para a produ\u00e7\u00e3o neste levantamento passa para 12,1 milh\u00f5es de toneladas. &#8220;O que \u00e9 muito positivo porque [o arroz] \u00e9 uma das culturas importante para o nosso consumo interno&#8221;, disse Pretto, ao explicar que a\u00a0colheita deve ser superior \u00e0 do mesmo per\u00edodo da safra passada em quase todos os principais estados produtores.<\/p>\n<p>Outro item t\u00edpico da culin\u00e1ria brasileira, o feij\u00e3o, deve registrar ligeiro aumento\u00a0(1,5%) na produ\u00e7\u00e3o total na safra 2024\/25, estimada em 3,29 milh\u00f5es de toneladas. De acordo com a Conab, o resultado \u00e9 influenciado principalmente pela expectativa de melhora na produtividade m\u00e9dia das lavouras, uma vez que a \u00e1rea destinada ao feij\u00e3o se mant\u00e9m praticamente est\u00e1vel.<\/p>\n<p>O presidente da Conab, que \u00e9 vinculada ao Minist\u00e9rio do Desenvolvimento Agr\u00e1rio e Agricultura Familiar, enfatizou que a <a href=\"https:\/\/agenciabrasil.ebc.com.br\/economia\/noticia\/2023-06\/agricultura-familiar-tera-juros-mais-baixos-para-producao-de-alimentos\" target=\"_blank\" rel=\"noopener\">pol\u00edtica de apoio aos produtores\u00a0da agricultura familiar tem juros mais baixos<\/a> para produ\u00e7\u00e3o de alimentos como\u00a0arroz e feij\u00e3o, al\u00e9m de outras culturas destinadas ao consumo interno.\u00a0&#8220;Neste ano, estamos fazendo a colheita das boas pol\u00edticas plantadas, no ano passado&#8221;, comemorou\u00a0o gestor.<\/p>\n<blockquote>\n<p>&#8220;A Conab acompanha, com assessoramento t\u00e9cnico, a montagem do pr\u00f3ximo plano safra. Nossa recomenda\u00e7\u00e3o \u00e9 que o governo federal continue com as boas pol\u00edticas de incentivos para alcan\u00e7ar com a m\u00e3o amiga o produtor, de modo a aumentar a oferta de alimentos no pa\u00eds e equilibrar os pre\u00e7os, que sejam justos aos consumidores&#8221;, disse Edegar Pretto<\/p>\n<\/blockquote>\n<h2>Outras lavouras<\/h2>\n<p>No caso do algod\u00e3o, a <strong>expectativa \u00e9 que o aumento na \u00e1rea semeada, estimada em cerca de 2 milh\u00f5es de hectares, resulte na produ\u00e7\u00e3o de 3,82 milh\u00f5es de toneladas de algod\u00e3o em pluma, um novo recorde, se confirmado o crescimento de 3,3%, em compara\u00e7\u00e3o com a \u00faltima safra.<\/strong><\/p>\n<p>J\u00e1 o trigo tem expectativa de produ\u00e7\u00e3o de 9,11 milh\u00f5es de toneladas, com incremento de 15,6% em compara\u00e7\u00e3o com a \u00faltima safra, apesar da redu\u00e7\u00e3o de 2,1% da \u00e1rea plantada deste gr\u00e3o. Com isso, a lavoura deve alcan\u00e7ar a \u00e1rea plantada de 2,99 milh\u00f5es de hectares.\u00a0A Conab projeta que as condi\u00e7\u00f5es clim\u00e1ticas at\u00e9 o fim do inverno ser\u00e3o favor\u00e1veis para a produ\u00e7\u00e3o de trigo.<\/p>\n<p>As informa\u00e7\u00f5es completas do sexto boletim sobre a safra de gr\u00e3os 2024\/25 est\u00e3o no <a href=\"https:\/\/agenciabrasil.ebc.com.br\/economia\/noticia\/2023-06\/agricultura-familiar-tera-juros-mais-baixos-para-producao-de-alimentos\" target=\"_blank\" rel=\"noopener\"><em>site<\/em> da Conab<\/a>.<\/p>\n<p>      <!-- Relacionada --><\/p>\n<p>            <!-- Relacionada -->\n    <\/div>\n<p><br \/>\n<br \/><a href=\"https:\/\/agenciabrasil.ebc.com.br\/economia\/noticia\/2025-03\/conab-estima-safra-de-graos-acima-de-328-milhoes-de-toneladas\" rel=\"noopener\">Ag\u00eancia Brasil<\/a><\/p>\n","protected":false},"excerpt":{"rendered":"<p>A Companhia Nacional de Abastecimento (Conab) divulgou, nesta quinta-feira (13), o sexto levantamento da safra de gr\u00e3os 2024\/25, que atualiza a produ\u00e7\u00e3o nacional para 328,3 milh\u00f5es de toneladas. A atual estimativa representa uma alta de 10,3%, se comparada ao volume colhido no ciclo anterior (2023\/24), com acr\u00e9scimo de 30,6 milh\u00f5es de toneladas de 16 gr\u00e3os [&hellip;]<\/p>\n","protected":false},"author":1,"featured_media":26610,"comment_status":"open","ping_status":"open","sticky":false,"template":"","format":"standard","meta":{"_jetpack_newsletter_access":"","_jetpack_dont_email_post_to_subs":false,"_jetpack_newsletter_tier_id":0,"_jetpack_memberships_contains_paywalled_content":false,"_mbp_banners":[],"_jetpack_feature_clip_id":0,"_jetpack_memberships_contains_paid_content":false,"footnotes":"","jetpack_publicize_message":"","jetpack_publicize_feature_enabled":true,"jetpack_social_post_already_shared":true,"jetpack_social_options":{"image_generator_settings":{"template":"highway","default_image_id":0,"font":"","enabled":false},"version":2},"jetpack_post_was_ever_published":false},"categories":[24],"tags":[],"class_list":["post-26609","post","type-post","status-publish","format-standard","has-post-thumbnail","category-economia"],"jetpack_publicize_connections":[],"jetpack-related-posts":[],"jetpack_shortlink":"https:\/\/wp.me\/p7Eq1F-6Vb","jetpack_sharing_enabled":true,"jetpack_featured_media_url":"https:\/\/i0.wp.com\/guialimeira.com.br\/news\/wp-content\/uploads\/2025\/03\/50898237852_895547bca6_k.jpg?fit=1600%2C800&ssl=1","_links":{"self":[{"href":"https:\/\/guialimeira.com.br\/news\/wp-json\/wp\/v2\/posts\/26609","targetHints":{"allow":["GET"]}}],"collection":[{"href":"https:\/\/guialimeira.com.br\/news\/wp-json\/wp\/v2\/posts"}],"about":[{"href":"https:\/\/guialimeira.com.br\/news\/wp-json\/wp\/v2\/types\/post"}],"author":[{"embeddable":true,"href":"https:\/\/guialimeira.com.br\/news\/wp-json\/wp\/v2\/users\/1"}],"replies":[{"embeddable":true,"href":"https:\/\/guialimeira.com.br\/news\/wp-json\/wp\/v2\/comments?post=26609"}],"version-history":[{"count":0,"href":"https:\/\/guialimeira.com.br\/news\/wp-json\/wp\/v2\/posts\/26609\/revisions"}],"wp:featuredmedia":[{"embeddable":true,"href":"https:\/\/guialimeira.com.br\/news\/wp-json\/wp\/v2\/media\/26610"}],"wp:attachment":[{"href":"https:\/\/guialimeira.com.br\/news\/wp-json\/wp\/v2\/media?parent=26609"}],"wp:term":[{"taxonomy":"category","embeddable":true,"href":"https:\/\/guialimeira.com.br\/news\/wp-json\/wp\/v2\/categories?post=26609"},{"taxonomy":"post_tag","embeddable":true,"href":"https:\/\/guialimeira.com.br\/news\/wp-json\/wp\/v2\/tags?post=26609"}],"curies":[{"name":"wp","href":"https:\/\/api.w.org\/{rel}","templated":true}]}}