{"id":26608,"date":"2025-03-13T15:27:11","date_gmt":"2025-03-13T18:27:11","guid":{"rendered":"https:\/\/guialimeira.com.br\/2025\/03\/13\/citando-pressao-hoteleira-governo-antecipa-reuniao-de-cupula-da-cop\/"},"modified":"2025-03-13T15:27:11","modified_gmt":"2025-03-13T18:27:11","slug":"citando-pressao-hoteleira-governo-antecipa-reuniao-de-cupula-da-cop","status":"publish","type":"post","link":"https:\/\/guialimeira.com.br\/news\/citando-pressao-hoteleira-governo-antecipa-reuniao-de-cupula-da-cop\/","title":{"rendered":"Citando &#8220;press\u00e3o hoteleira&#8221;, governo antecipa reuni\u00e3o de c\u00fapula da COP"},"content":{"rendered":"<p> <br \/>\n<\/p>\n<div>\n<p>O secret\u00e1rio extraordin\u00e1rio para a Confer\u00eancia das Na\u00e7\u00f5es Unidas sobre a Mudan\u00e7a do Clima (COP30), Valter Correia, anunciou nesta quinta-feira (13), que a <strong>c\u00fapula de chefes de Estado em Bel\u00e9m foi antecipada para os dias 6 e 7 de novembro<\/strong>.\u00a0<img data-recalc-dims=\"1\" decoding=\"async\" src=\"https:\/\/i0.wp.com\/agenciabrasil.ebc.com.br\/ebc.png?w=696&#038;ssl=1\" style=\"width:1px; height:1px; display:inline;\"\/><img data-recalc-dims=\"1\" decoding=\"async\" src=\"https:\/\/i0.wp.com\/agenciabrasil.ebc.com.br\/ebc.gif?w=696&#038;ssl=1\" style=\"width:1px; height:1px; display:inline;\"\/><\/p>\n<p>Inicialmente, esta etapa, tamb\u00e9m chamada de segmento de alto n\u00edvel, ocorreria dentro da programa\u00e7\u00e3o oficial \u2013 de 10 a 21 do mesmo m\u00eas.<\/p>\n<blockquote>\n<p>\u201cN\u00f3s estamos tornando oficial isso, \u00e9 uma decis\u00e3o do Brasil. Fazer antes, d\u00e1 tempo da gente fazer uma reflex\u00e3o com um pouco mais de tranquilidade, sem press\u00e3o da rede hoteleira, sem a press\u00e3o da cidade, e isso ajuda tamb\u00e9m a gente a organizar melhor a abertura da COP sem grandes problemas&#8221;, justificou o secret\u00e1rio.<\/p>\n<\/blockquote>\n<p><strong>Esta ser\u00e1 a primeira vez que o segmento de alto n\u00edvel ocorrer\u00e1 de forma separada da programa\u00e7\u00e3o oficial da COP.<\/strong> Nos anos anteriores, a c\u00fapula de chefes de Estado ocorria ap\u00f3s a abertura oficial, nos primeiros dias de programa\u00e7\u00e3o.<\/p>\n<p>A c\u00fapula \u00e9 o momento em que os l\u00edderes de Estado apresentam as posi\u00e7\u00f5es nacionais em seus discursos. <strong>As declara\u00e7\u00f5es orientam e impulsionam a etapa de negocia\u00e7\u00f5es que ocorre em seguida.<\/strong><\/p>\n<h2>Infraestrutura<\/h2>\n<p>Segundo o secret\u00e1rio, <strong>a organiza\u00e7\u00e3o da COP trabalha junto aos governos estadual e municipal no aprimoramento da infraestrutura para garantir as acomoda\u00e7\u00f5es para cerca de 50 mil participantes<\/strong>.\u00a0<\/p>\n<p>Ser\u00e3o criados 26 mil novos leitos em hot\u00e9is, embarca\u00e7\u00f5es, moradias de temporada e alojamentos.<\/p>\n<p><strong>Mais de 30 obras est\u00e3o em andamento na capital paraense para desenvolver a infraestrutura urbana e de saneamento e melhorar a mobilidade.<\/strong><\/p>\n<p>\u00a0<\/p>\n<p>      <!-- Relacionada --><br \/>\n            <!-- Relacionada -->\n    <\/div>\n<p><br \/>\n<br \/><a href=\"https:\/\/agenciabrasil.ebc.com.br\/internacional\/noticia\/2025-03\/citando-pressao-hoteleira-governo-antecipa-reuniao-de-cupula-da-cop\" rel=\"noopener\">Ag\u00eancia Brasil <\/a><\/p>\n","protected":false},"excerpt":{"rendered":"<p>O secret\u00e1rio extraordin\u00e1rio para a Confer\u00eancia das Na\u00e7\u00f5es Unidas sobre a Mudan\u00e7a do Clima (COP30), Valter Correia, anunciou nesta quinta-feira (13), que a c\u00fapula de chefes de Estado em Bel\u00e9m foi antecipada para os dias 6 e 7 de novembro.\u00a0 Inicialmente, esta etapa, tamb\u00e9m chamada de segmento de alto n\u00edvel, ocorreria dentro da programa\u00e7\u00e3o oficial [&hellip;]<\/p>\n","protected":false},"author":1,"featured_media":269,"comment_status":"open","ping_status":"open","sticky":false,"template":"","format":"standard","meta":{"_jetpack_newsletter_access":"","_jetpack_dont_email_post_to_subs":false,"_jetpack_newsletter_tier_id":0,"_jetpack_memberships_contains_paywalled_content":false,"_mbp_banners":[],"_jetpack_feature_clip_id":0,"_jetpack_memberships_contains_paid_content":false,"footnotes":"","jetpack_publicize_message":"","jetpack_publicize_feature_enabled":true,"jetpack_social_post_already_shared":true,"jetpack_social_options":{"image_generator_settings":{"template":"highway","default_image_id":0,"font":"","enabled":false},"version":2},"jetpack_post_was_ever_published":false},"categories":[25],"tags":[],"class_list":["post-26608","post","type-post","status-publish","format-standard","has-post-thumbnail","category-internacional"],"jetpack_publicize_connections":[],"jetpack-related-posts":[],"jetpack_shortlink":"https:\/\/wp.me\/p7Eq1F-6Va","jetpack_sharing_enabled":true,"jetpack_featured_media_url":"https:\/\/i0.wp.com\/guialimeira.com.br\/news\/wp-content\/uploads\/2024\/03\/thumb_1200x600_agbrasil.png?fit=1200%2C600&ssl=1","_links":{"self":[{"href":"https:\/\/guialimeira.com.br\/news\/wp-json\/wp\/v2\/posts\/26608","targetHints":{"allow":["GET"]}}],"collection":[{"href":"https:\/\/guialimeira.com.br\/news\/wp-json\/wp\/v2\/posts"}],"about":[{"href":"https:\/\/guialimeira.com.br\/news\/wp-json\/wp\/v2\/types\/post"}],"author":[{"embeddable":true,"href":"https:\/\/guialimeira.com.br\/news\/wp-json\/wp\/v2\/users\/1"}],"replies":[{"embeddable":true,"href":"https:\/\/guialimeira.com.br\/news\/wp-json\/wp\/v2\/comments?post=26608"}],"version-history":[{"count":0,"href":"https:\/\/guialimeira.com.br\/news\/wp-json\/wp\/v2\/posts\/26608\/revisions"}],"wp:featuredmedia":[{"embeddable":true,"href":"https:\/\/guialimeira.com.br\/news\/wp-json\/wp\/v2\/media\/269"}],"wp:attachment":[{"href":"https:\/\/guialimeira.com.br\/news\/wp-json\/wp\/v2\/media?parent=26608"}],"wp:term":[{"taxonomy":"category","embeddable":true,"href":"https:\/\/guialimeira.com.br\/news\/wp-json\/wp\/v2\/categories?post=26608"},{"taxonomy":"post_tag","embeddable":true,"href":"https:\/\/guialimeira.com.br\/news\/wp-json\/wp\/v2\/tags?post=26608"}],"curies":[{"name":"wp","href":"https:\/\/api.w.org\/{rel}","templated":true}]}}