{"id":26601,"date":"2025-03-13T14:31:08","date_gmt":"2025-03-13T17:31:08","guid":{"rendered":"https:\/\/guialimeira.com.br\/?p=26601"},"modified":"2025-03-13T14:31:08","modified_gmt":"2025-03-13T17:31:08","slug":"comissao-saude-agenda-reunioes-para-tratar-sobre-tea-e-sobre-dengue","status":"publish","type":"post","link":"https:\/\/guialimeira.com.br\/news\/comissao-saude-agenda-reunioes-para-tratar-sobre-tea-e-sobre-dengue\/","title":{"rendered":"Comiss\u00e3o Sa\u00fade agenda reuni\u00f5es para tratar sobre TEA e sobre dengue"},"content":{"rendered":"\n<figure class=\"wp-block-gallery has-nested-images columns-default is-cropped wp-block-gallery-1 is-layout-flex wp-block-gallery-is-layout-flex\"><\/figure>\n \r\n<br><img data-recalc-dims=\"1\" decoding=\"async\" src=\"https:\/\/i0.wp.com\/guialimeira.com.br\/wp-content\/uploads\/2025\/03\/2025-03-13_comissao-saude-agenda-reunioes-para-tratar-sobre-tea-e-sobre-dengue_1.jpg?w=696&#038;ssl=1\" \/><br><div>\n\t\t\t\t\t<p>Nesta quinta-feira, 13 de mar\u00e7o, a Comiss\u00e3o de Sa\u00fade da C\u00e2mara Municipal de Limeira agendou oitivas para as pr\u00f3ximas reuni\u00f5es do colegiado. Uma tratar\u00e1 sobre os assuntos abordados na Tribuna Livre relativos ao atendimento do munic\u00edpio para pessoas com o Transtorno do Espectro Altista (TEA), a outra vai discutir novas tecnologias no combate \u00e0 dengue. Os parlamentares tamb\u00e9m deliberaram a expedi\u00e7\u00e3o de of\u00edcios questionando a Prefeitura sobre as a\u00e7\u00f5es realizadas para a conscientiza\u00e7\u00e3o sobre as doen\u00e7as raras no munic\u00edpio e sobre a regulamenta\u00e7\u00e3o da lei que trata das diretrizes gerais para o agendamento e cancelamento de consultas, exames e procedimentos m\u00e9dicos.<\/p><p><strong>Oitivas<\/strong><\/p><p>Para buscar explica\u00e7\u00f5es sobre os assuntos abordados na <a href=\"https:\/\/www.limeira.sp.leg.br\/noticias\/view\/2025-03-06_sessao-ordinaria-camara-de-limeira-aprova-dois-projetos-nesta-quintafeira-63\" rel=\"noopener\">Tribuna Livre da sess\u00e3o ordin\u00e1ria de 6 de mar\u00e7o<\/a>, relativos \u00e0s dificuldades enfrentadas por alunos com TEA e familiares de pessoas com TEA, a Comiss\u00e3o deliberou pelo convite ao secret\u00e1rio de Sa\u00fade, Alexandre Ferrari, para participar da pr\u00f3xima reuni\u00e3o do colegiado no dia 20 de mar\u00e7o, a partir das 10h15. O Centro do Idoso e o Centro de Aten\u00e7\u00e3o e Preven\u00e7\u00e3o do Alzheimer tamb\u00e9m ser\u00e3o abordados.<\/p><p>As novas tecnologias para o combate \u00e0 dengue ser\u00e3o tema da reuni\u00e3o do colegiado no dia 27 de mar\u00e7o, \u00e0s 10h15. Para esta data foi convidado Jorge Pina.\u00a0<\/p><p><strong>Doen\u00e7as raras<\/strong><\/p><p>A reuni\u00e3o tamb\u00e9m teve como pauta as doen\u00e7as raras. O colegiado deliberou o encaminhamento de of\u00edcio ao Executivo questionando sobre as a\u00e7\u00f5es realizadas para a conscientiza\u00e7\u00e3o. Em Limeira, duas leis foram criadas sobre o tema: uma institui o Dia Municipal de Apoio ao Paciente de Doen\u00e7as Raras (<a href=\"https:\/\/legislacao.limeira.sp.leg.br\/limeira-sp?Pagina=1&amp;Pesquisa=Avancada&amp;TipoId=0&amp;Numero=5743&amp;Ano=2016&amp;Data=&amp;NumeroFinal=&amp;AnoFinal=&amp;DataFinal=&amp;SituacaoId=0&amp;ClassificacaoId=0&amp;IniciativaTipoId=0&amp;IniciativaEntidadeId=0&amp;EmentaAssunto=&amp;NoTexto=false\" rel=\"noopener\">N\u00ba 5.743\/2016<\/a>) e a outra institui a Semana de Apoio aos Pacientes de Doen\u00e7as Raras (<a href=\"https:\/\/legislacao.limeira.sp.leg.br\/limeira-sp?Pagina=1&amp;Pesquisa=Avancada&amp;TipoId=0&amp;Numero=6626&amp;Ano=2021&amp;Data=&amp;NumeroFinal=&amp;AnoFinal=&amp;DataFinal=&amp;SituacaoId=0&amp;ClassificacaoId=0&amp;IniciativaTipoId=0&amp;IniciativaEntidadeId=0&amp;EmentaAssunto=&amp;NoTexto=false\" rel=\"noopener\">N\u00ba 6.626\/2021<\/a>).<\/p><p>Al\u00e9m das a\u00e7\u00f5es planejadas e realizadas sobre as doen\u00e7as raras, o colegiado pediu \u00e0 Prefeitura que informe todas as leis que institu\u00edram campanhas, datas e semanas no Calend\u00e1rio Oficial do Munic\u00edpio na \u00e1rea da sa\u00fade e quais foram as a\u00e7\u00f5es realizadas para cada uma delas. O Executivo dever\u00e1 informar ainda o calend\u00e1rio de atividades da Secretaria de Sa\u00fade.\u00a0<\/p><p><strong>Cancelamento de consultas e exames<\/strong><\/p><p>Outro assunto abordado foi a\u00a0 <a href=\"https:\/\/legislacao.limeira.sp.leg.br\/Limeira-SP\/LeisOrdinarias\/6530-2021\" rel=\"noopener\">Lei Municipal N\u00b0 6.530\/2021<\/a>, de autoria da vereadora Lu Bogo (PL), que disp\u00f5e sobre diretrizes gerais para o agendamento e cancelamento de consultas m\u00e9dicas, exames e procedimentos m\u00e9dicos para os usu\u00e1rios da rede de sa\u00fade da cidade. Os parlamentares querem saber se foi regulamentada e, caso n\u00e3o tenha sido, qual o prazo para que seja feita a regulamenta\u00e7\u00e3o.<\/p><p><strong>Hipertens\u00e3o pulmonar<\/strong><\/p><p>Por fim, a Comiss\u00e3o vai protocolar dois projetos de lei, desenvolvidos pelos membros do colegiado, para a conscientiza\u00e7\u00e3o sobre a Hipertens\u00e3o Pulmonar. Um vai incluir no Calend\u00e1rio Oficial do Munic\u00edpio de Limeira o Dia de Conscientiza\u00e7\u00e3o da Hipertens\u00e3o Pulmonar e o outro vai instituir, no \u00e2mbito da C\u00e2mara Municipal de Limeira, a Semana Municipal da Preven\u00e7\u00e3o e Combate \u00e0 Hipertens\u00e3o Pulmonar.<\/p><p>A Comiss\u00e3o de Sa\u00fade \u00e9 respons\u00e1vel por tratar e fiscalizar todos os assuntos relacionados a hospitais p\u00fablicos e privados que atendem pacientes do SUS, bem como manifestar-se sobre assuntos ligados \u00e0 vigil\u00e2ncia sanit\u00e1ria, epidemiol\u00f3gica e nutricional, al\u00e9m de elaborar campanhas e a\u00e7\u00f5es preventivas sobre sa\u00fade e controle de epidemias.\u00a0<\/p><p>Fazem parte do colegiado os vereadores Dr. Marcelo Rossi (MDB), presidente; Z\u00e9 da Farm\u00e1cia (SD), vice-presidente e Elias Barbosa (PRTB), secret\u00e1rio. Todas as delibera\u00e7\u00f5es foram registradas em <a href=\"https:\/\/consulta.limeira.sp.leg.br\/arquivo?Id=483090\" rel=\"noopener\">ata.<\/a><\/p>\t\t\t\t<\/div>\r\n<br>\r\n<br><a href=\"https:\/\/www.limeira.sp.leg.br\/noticias\/view\/2025-03-13_comissao-saude-agenda-reunioes-para-tratar-sobre-tea-e-sobre-dengue\" rel=\"noopener\">Informa\u00e7\u00f5es CML <\/a>","protected":false},"excerpt":{"rendered":"<p>Nesta quinta-feira, 13 de mar\u00e7o, a Comiss\u00e3o de Sa\u00fade da C\u00e2mara Municipal de Limeira agendou oitivas para as pr\u00f3ximas reuni\u00f5es do colegiado. Uma tratar\u00e1 sobre os assuntos abordados na Tribuna Livre relativos ao atendimento do munic\u00edpio para pessoas com o Transtorno do Espectro Altista (TEA), a outra vai discutir novas tecnologias no combate \u00e0 dengue. [&hellip;]<\/p>\n","protected":false},"author":1,"featured_media":26602,"comment_status":"open","ping_status":"open","sticky":false,"template":"","format":"standard","meta":{"_jetpack_newsletter_access":"","_jetpack_dont_email_post_to_subs":false,"_jetpack_newsletter_tier_id":0,"_jetpack_memberships_contains_paywalled_content":false,"_mbp_banners":[],"_jetpack_feature_clip_id":0,"_jetpack_memberships_contains_paid_content":false,"footnotes":"","jetpack_publicize_message":"","jetpack_publicize_feature_enabled":true,"jetpack_social_post_already_shared":true,"jetpack_social_options":{"image_generator_settings":{"template":"highway","default_image_id":0,"font":"","enabled":false},"version":2},"jetpack_post_was_ever_published":false},"categories":[19],"tags":[],"class_list":["post-26601","post","type-post","status-publish","format-standard","has-post-thumbnail","category-politica"],"jetpack_publicize_connections":[],"jetpack-related-posts":[],"jetpack_shortlink":"https:\/\/wp.me\/p7Eq1F-6V3","jetpack_sharing_enabled":true,"jetpack_featured_media_url":"https:\/\/i0.wp.com\/guialimeira.com.br\/news\/wp-content\/uploads\/2025\/03\/Comissao-Saude-agenda-reunioes-para-tratar-sobre-TEA-e-sobre.jpg?fit=1280%2C640&ssl=1","_links":{"self":[{"href":"https:\/\/guialimeira.com.br\/news\/wp-json\/wp\/v2\/posts\/26601","targetHints":{"allow":["GET"]}}],"collection":[{"href":"https:\/\/guialimeira.com.br\/news\/wp-json\/wp\/v2\/posts"}],"about":[{"href":"https:\/\/guialimeira.com.br\/news\/wp-json\/wp\/v2\/types\/post"}],"author":[{"embeddable":true,"href":"https:\/\/guialimeira.com.br\/news\/wp-json\/wp\/v2\/users\/1"}],"replies":[{"embeddable":true,"href":"https:\/\/guialimeira.com.br\/news\/wp-json\/wp\/v2\/comments?post=26601"}],"version-history":[{"count":1,"href":"https:\/\/guialimeira.com.br\/news\/wp-json\/wp\/v2\/posts\/26601\/revisions"}],"predecessor-version":[{"id":26603,"href":"https:\/\/guialimeira.com.br\/news\/wp-json\/wp\/v2\/posts\/26601\/revisions\/26603"}],"wp:featuredmedia":[{"embeddable":true,"href":"https:\/\/guialimeira.com.br\/news\/wp-json\/wp\/v2\/media\/26602"}],"wp:attachment":[{"href":"https:\/\/guialimeira.com.br\/news\/wp-json\/wp\/v2\/media?parent=26601"}],"wp:term":[{"taxonomy":"category","embeddable":true,"href":"https:\/\/guialimeira.com.br\/news\/wp-json\/wp\/v2\/categories?post=26601"},{"taxonomy":"post_tag","embeddable":true,"href":"https:\/\/guialimeira.com.br\/news\/wp-json\/wp\/v2\/tags?post=26601"}],"curies":[{"name":"wp","href":"https:\/\/api.w.org\/{rel}","templated":true}]}}