{"id":266,"date":"2024-03-29T14:29:54","date_gmt":"2024-03-29T17:29:54","guid":{"rendered":"https:\/\/guialimeira.com.br\/2024\/03\/29\/mulher-de-31-anos-morre-por-bala-perdida-em-santos\/"},"modified":"2024-03-29T14:29:54","modified_gmt":"2024-03-29T17:29:54","slug":"mulher-de-31-anos-morre-por-bala-perdida-em-santos","status":"publish","type":"post","link":"https:\/\/guialimeira.com.br\/news\/mulher-de-31-anos-morre-por-bala-perdida-em-santos\/","title":{"rendered":"Mulher de 31 anos morre por bala perdida em Santos"},"content":{"rendered":"<p> <br \/>\n<\/p>\n<div>\n<p>Uma mulher de 31 anos foi atingida na cabe\u00e7a durante\u00a0troca de tiros em a\u00e7\u00e3o policial em Santos, no litoral paulista. Segundo a Secretaria de Estado da Seguran\u00e7a P\u00fablica de S\u00e3o Paulo (SSP), na \u00faltima quarta-feira (27), pr\u00f3ximo Pra\u00e7a Jos\u00e9 Lamacchia, dois homens em uma moto desobedeceram \u00e0\u00a0ordem de parada e dispararam contra policiais militares, que revidaram.<img data-recalc-dims=\"1\" decoding=\"async\" src=\"https:\/\/i0.wp.com\/agenciabrasil.ebc.com.br\/ebc.png?w=696&#038;ssl=1\" style=\"width:1px; height:1px; display:inline;\"\/><img data-recalc-dims=\"1\" decoding=\"async\" src=\"https:\/\/i0.wp.com\/agenciabrasil.ebc.com.br\/ebc.gif?w=696&#038;ssl=1\" style=\"width:1px; height:1px; display:inline;\"\/><\/p>\n<p>A v\u00edtima foi levada\u00a0pela popula\u00e7\u00e3o \u00e0 unidade de pronto atendimento e mais tarde foi transferida para a Santa Casa da cidade. Edneia Fernandes Silva n\u00e3o resistiu aos ferimentos e morreu na noite de\u00a0quinta-feira (28).<\/p>\n<p>\u201cTodas as circunst\u00e2ncias relativas aos fatos s\u00e3o rigorosamente investigadas pelo 5\u00ba DP [Distrito Policial] de Santos e pela Pol\u00edcia Militar, que instaurou um Inqu\u00e9rito Policial Militar (IPM). Exames periciais foram solicitados e, t\u00e3o logo os laudos sejam conclu\u00eddos, ser\u00e3o remetidos \u00e0 autoridade policial para an\u00e1lise e esclarecimento do caso\u201d, afirmou a SSP por nota. O \u00f3rg\u00e3o informa ainda que a ocorr\u00eancia n\u00e3o est\u00e1 ligada \u00e0 Opera\u00e7\u00e3o Ver\u00e3o.<\/p>\n<p>Lan\u00e7ada na Baixada Santista no final de janeiro, ap\u00f3s o assassinato de policiais na regi\u00e3o, a Opera\u00e7\u00e3o Ver\u00e3o contabiliza 55 mortes, de acordo com a secretaria, e mais de mil pessoas foram presas, sendo que 429 eram procuradas pela Justi\u00e7a.<\/p>\n<h2>Den\u00fancia de execu\u00e7\u00e3o<\/h2>\n<p>Moradores de Guaruj\u00e1 divulgaram nas redes sociais v\u00eddeos em que denunciam que dois homens mortos pela Pol\u00edcia Militar na Comunidade da Barreira teriam sido executados na segunda-feira (25). De acordo com o relato, os dois homens, um de 22 anos e o outro de 35 estavam lavando um telhado quando foram abordados pelos policiais. Eles teriam sido levados a uma casa abandonada e assassinados.<\/p>\n<p>A SSP afirma que \u201ccaso mencionado \u00e9 rigorosamente investigado pelas pol\u00edcias Civil e Militar, com acompanhamento das respectivas corregedorias, Minist\u00e9rio P\u00fablico e Poder Judici\u00e1rio\u201d. De acordo com a pasta, os policiais militares foram recebidos a tiros pela dupla que estava escondida em uma resid\u00eancia. \u201cHouve interven\u00e7\u00e3o e eles foram atingidos, morrendo no local. Na a\u00e7\u00e3o, a pol\u00edcia apreendeu duas pistolas 9 mil\u00edmetros que estavam com os suspeitos, al\u00e9m de maconha e balan\u00e7as de precis\u00e3o\u201d, acrescenta a nota da secretaria.<\/p>\n<h2>70 mortes<\/h2>\n<p>De janeiro at\u00e9 o \u00faltimo dia 25 de mar\u00e7o, policiais militares em servi\u00e7o j\u00e1 mataram 70 pessoas nos munic\u00edpios da Baixada Santista, segundo levantamento do Grupo de Atua\u00e7\u00e3o Especial da Seguran\u00e7a P\u00fablica e Controle Externo da Atividade Policial do Minist\u00e9rio P\u00fablico de S\u00e3o Paulo. Dessas, 62 mortes aconteceram depois do in\u00edcio da Opera\u00e7\u00e3o Ver\u00e3o, chamada inicialmente de Opera\u00e7\u00e3o Escudo.<\/p>\n<p>A SSP afirma que a opera\u00e7\u00e3o tem \u201co objetivo de asfixiar o crime organizado na Baixada Santista\u201d. Ainda de acordo com a secretaria, \u201ctodos os casos s\u00e3o rigorosamente investigados pela Pol\u00edcia Civil e Militar, com acompanhamento das respectivas corregedorias, Minist\u00e9rio P\u00fablico e Poder Judici\u00e1rio\u201d.<\/p>\n<\/p><\/div>\n<p><br \/>\n<br \/><a href=\"https:\/\/agenciabrasil.ebc.com.br\/geral\/noticia\/2024-03\/mulher-de-31-anos-morre-por-bala-perdida-em-santos\" rel=\"noopener\">Ag\u00eancia Brasil<\/a><\/p>\n","protected":false},"excerpt":{"rendered":"<p>Uma mulher de 31 anos foi atingida na cabe\u00e7a durante\u00a0troca de tiros em a\u00e7\u00e3o policial em Santos, no litoral paulista. Segundo a Secretaria de Estado da Seguran\u00e7a P\u00fablica de S\u00e3o Paulo (SSP), na \u00faltima quarta-feira (27), pr\u00f3ximo Pra\u00e7a Jos\u00e9 Lamacchia, dois homens em uma moto desobedeceram \u00e0\u00a0ordem de parada e dispararam contra policiais militares, que [&hellip;]<\/p>\n","protected":false},"author":1,"featured_media":267,"comment_status":"open","ping_status":"open","sticky":false,"template":"","format":"standard","meta":{"_jetpack_newsletter_access":"","_jetpack_dont_email_post_to_subs":false,"_jetpack_newsletter_tier_id":0,"_jetpack_memberships_contains_paywalled_content":false,"_mbp_banners":[],"_jetpack_feature_clip_id":0,"_jetpack_memberships_contains_paid_content":false,"footnotes":"","jetpack_publicize_message":"","jetpack_publicize_feature_enabled":true,"jetpack_social_post_already_shared":false,"jetpack_social_options":{"image_generator_settings":{"template":"highway","default_image_id":0,"font":"","enabled":false},"version":2},"jetpack_post_was_ever_published":false},"categories":[1],"tags":[],"class_list":["post-266","post","type-post","status-publish","format-standard","has-post-thumbnail","category-geral"],"jetpack_publicize_connections":[],"jetpack-related-posts":[],"jetpack_shortlink":"https:\/\/wp.me\/p7Eq1F-4i","jetpack_sharing_enabled":true,"jetpack_featured_media_url":"https:\/\/i0.wp.com\/guialimeira.com.br\/news\/wp-content\/uploads\/2024\/03\/mo_copy.jpg?fit=1600%2C800&ssl=1","_links":{"self":[{"href":"https:\/\/guialimeira.com.br\/news\/wp-json\/wp\/v2\/posts\/266","targetHints":{"allow":["GET"]}}],"collection":[{"href":"https:\/\/guialimeira.com.br\/news\/wp-json\/wp\/v2\/posts"}],"about":[{"href":"https:\/\/guialimeira.com.br\/news\/wp-json\/wp\/v2\/types\/post"}],"author":[{"embeddable":true,"href":"https:\/\/guialimeira.com.br\/news\/wp-json\/wp\/v2\/users\/1"}],"replies":[{"embeddable":true,"href":"https:\/\/guialimeira.com.br\/news\/wp-json\/wp\/v2\/comments?post=266"}],"version-history":[{"count":0,"href":"https:\/\/guialimeira.com.br\/news\/wp-json\/wp\/v2\/posts\/266\/revisions"}],"wp:featuredmedia":[{"embeddable":true,"href":"https:\/\/guialimeira.com.br\/news\/wp-json\/wp\/v2\/media\/267"}],"wp:attachment":[{"href":"https:\/\/guialimeira.com.br\/news\/wp-json\/wp\/v2\/media?parent=266"}],"wp:term":[{"taxonomy":"category","embeddable":true,"href":"https:\/\/guialimeira.com.br\/news\/wp-json\/wp\/v2\/categories?post=266"},{"taxonomy":"post_tag","embeddable":true,"href":"https:\/\/guialimeira.com.br\/news\/wp-json\/wp\/v2\/tags?post=266"}],"curies":[{"name":"wp","href":"https:\/\/api.w.org\/{rel}","templated":true}]}}