{"id":26594,"date":"2025-03-13T13:29:56","date_gmt":"2025-03-13T16:29:56","guid":{"rendered":"https:\/\/guialimeira.com.br\/?p=26594"},"modified":"2025-03-13T13:29:56","modified_gmt":"2025-03-13T16:29:56","slug":"centros-comunitarios-comissao-de-esportes-debate-funcionamento-em-reuniao-intersetorial","status":"publish","type":"post","link":"https:\/\/guialimeira.com.br\/news\/centros-comunitarios-comissao-de-esportes-debate-funcionamento-em-reuniao-intersetorial\/","title":{"rendered":"Centros comunit\u00e1rios: Comiss\u00e3o de Esportes debate funcionamento em reuni\u00e3o intersetorial"},"content":{"rendered":"\n<figure class=\"wp-block-gallery has-nested-images columns-default is-cropped wp-block-gallery-1 is-layout-flex wp-block-gallery-is-layout-flex\"><\/figure>\n \r\n<br><img data-recalc-dims=\"1\" decoding=\"async\" src=\"https:\/\/i0.wp.com\/guialimeira.com.br\/wp-content\/uploads\/2025\/03\/2025-03-13_centros-comunitarios-comissao-de-esportes-debate-funcionamento-em-reuniao-intersetorial_1.jpeg?w=696&#038;ssl=1\" \/><br><div>\n\t\t\t\t\t<p>A Comiss\u00e3o de Esporte, Cultura e Lazer realizou, na manh\u00e3 desta quinta-feira, 13 de mar\u00e7o, uma reuni\u00e3o intersetorial para debater o funcionamento dos centros comunit\u00e1rios da cidade. A seguran\u00e7a e a manuten\u00e7\u00e3o dos espa\u00e7os foram os principais problemas encontrados pelo colegiado nas visitas realizadas aos locais.\u00a0<\/p><p>Participaram da reuni\u00e3o os membros do colegiado, vereadores Guilherme Guido (PL), presidente; Costa Junior (Podemos), vice-presidente; e Waguinho da Santa Luzia (PP), secret\u00e1rio; os representantes do Centro de Promo\u00e7\u00e3o Social Municipal (Ceprosom), Dimas Francisco Peruzza, presidente, e Renata Chiari, assessora executiva; o comandante da Guarda Civil Municipal, Henrique Cassiano Paes; e os representantes da Secretaria Municipal de Esportes, Jo\u00e3o Gomes J\u00fanior, secret\u00e1rio, e J\u00falio C\u00e9sar Florindo, diretor administrativo.<\/p><p>Abrindo a reuni\u00e3o, os vereadores relataram que fizeram visitas a alguns centros comunit\u00e1rios da cidade, dentre os principais problemas relatados aos parlamentares por usu\u00e1rios, a falta de seguran\u00e7a foi um dos principais, devido aos constantes furtos. A sujeira nas piscinas que s\u00e3o abertas aos finais de semana para uso livre da popula\u00e7\u00e3o e durante a semana para aulas tamb\u00e9m foi relatada pelos mun\u00edcipes.<\/p><p><strong>Seguran\u00e7a<\/strong><\/p><p>Sobre a seguran\u00e7a, o comandante Paes explicou que no momento n\u00e3o h\u00e1 como colocar um GCM em cada um dos 15 centros comunit\u00e1rio da cidade, pois seriam necess\u00e1rios 60 guardas s\u00f3 para essa fun\u00e7\u00e3o e como n\u00e3o h\u00e1 efetivo suficiente, atualmente s\u00e3o 280 guardas, o deslocamento de 60 para os centros comunit\u00e1rios poderia desguarnecer o restante da cidade. Como alternativa, o comandante fez algumas sugest\u00f5es: implantar um sistema de monitoramento, colocar um vigilante em cada centro ou terceirizar o servi\u00e7o.<\/p><p><strong>Manuten\u00e7\u00e3o<\/strong><\/p><p>A assessora executiva do Ceprosom informou que o \u00f3rg\u00e3o tem realizado pequenos reparos nos centros comunit\u00e1rios da cidade, como forma paliativa, mas a responsabilidade por manuten\u00e7\u00f5es \u00e9 da Secretaria de Obras.<\/p><p>Em rela\u00e7\u00e3o \u00e0 limpeza das piscinas, o secret\u00e1rio de Esportes disse que o principal problema \u00e9 n\u00e3o haver tempo h\u00e1bil para que os produtos qu\u00edmicos funcionem, pois s\u00e3o necess\u00e1rias 24h para que eles ajam na \u00e1gua e a piscina possa ser limpa por um profissional depois. Mas entre o encerramento das atividades no domingo e o hor\u00e1rio das primeiras aulas nas segundas em alguns centros impedem a conclus\u00e3o do trabalho.\u00a0<\/p><p>J\u00falio citou que tamb\u00e9m h\u00e1 falta de servidores para realizar o servi\u00e7o, pois ele \u00e9 executado por auxiliares gerais, a Secretaria de Esportes conta apenas com tr\u00eas funcion\u00e1rios e n\u00e3o h\u00e1 cadastro reserva para chamar mais profissionais.<\/p><p><strong>Coordena\u00e7\u00e3o<\/strong><\/p><p>A Comiss\u00e3o tamb\u00e9m questionou de quem \u00e9 a responsabilidade pelos centros comunit\u00e1rios. Dimas explicou que o espa\u00e7o em si \u00e9 de responsabilidade da Prefeitura, mas que cada servi\u00e7o do local compete a uma secretaria espec\u00edfica, como as a\u00e7\u00f5es de esporte, sob incumb\u00eancia da Secretaria de Esportes, e a assist\u00eancia social, realizada pelo Ceprosom. Ele destacou que n\u00e3o h\u00e1, no munic\u00edpio, um cargo de coordenador de centro comunit\u00e1rio.<\/p><p>Renata pontuou que no passado, cada centro contava com um coordenador do servi\u00e7o social, mas que a fun\u00e7\u00e3o foi considerada irregular pelo Minist\u00e9rio P\u00fablico e o cargo foi extinto. Tanto os representantes da Secretaria de Esporte, do Ceprosom e da GCM, como os vereadores destacaram que \u00e9 de extrema import\u00e2ncia que cada centro comunit\u00e1rio tenha um coordenador para integrar todos os servi\u00e7os, ouvir as demandas dos usu\u00e1rios e encaminh\u00e1-las \u00e0 Prefeitura.<\/p><p><strong>Fundo para o esporte<\/strong><\/p><p>O presidente da Comiss\u00e3o, vereador Guilherme Guido, disse aos participantes que a Comiss\u00e3o est\u00e1 desenhando um fundo para fazer capta\u00e7\u00e3o de recursos a serem destinados ao esporte. Para administrar esse fundo \u00e9 necess\u00e1ria a cria\u00e7\u00e3o de um conselho.<\/p><p>J\u00falio informou que a cidade teve um Conselho Municipal do Esporte no passado, mas por ser um \u00f3rg\u00e3o consultivo e n\u00e3o deliberativo, os participantes perderam o interesse e os trabalhos foram encerrados.\u00a0<\/p><p><strong>A Comiss\u00e3o<\/strong><\/p><p>Guido destacou que o objetivo da reuni\u00e3o foi buscar solu\u00e7\u00f5es para os problemas demandados pelos usu\u00e1rios e que a Comiss\u00e3o est\u00e1 empenhada para fazer com que os centros comunit\u00e1rios voltem a funcionar em sua plenitude.<\/p><p>Fazem parte da Comiss\u00e3o de Esporte, Cultura e Turismo: Guilherme Guido (PL), presidente; Costa Junior (Podemos), vice-presidente; e Waguinho da Santa Luzia (PP), secret\u00e1rio.<\/p><p>\u00c9 de compet\u00eancia deste colegiado opinar sobre proposi\u00e7\u00f5es, promover debates, semin\u00e1rios e a\u00e7\u00f5es educativas que visem a identificar problemas e propor solu\u00e7\u00f5es para o fortalecimento e a melhoria das pol\u00edticas p\u00fablicas locais nas \u00e1reas de esporte, lazer, cultura e turismo, al\u00e9m de fiscalizar, acompanhar e avaliar a efetividade de programas governamentais, estudar e propor pol\u00edticas p\u00fablicas aptas a proporcionar melhoria de qualidade de vida aos mun\u00edcipes e bem-estar nessas \u00e1reas.<\/p><p>Todas delibera\u00e7\u00f5es foram registradas em <a href=\"https:\/\/consulta.limeira.sp.leg.br\/arquivo?Id=483057\" rel=\"noopener\">ata<\/a>.<\/p>\t\t\t\t<\/div>\r\n<br>\r\n<br><a href=\"https:\/\/www.limeira.sp.leg.br\/noticias\/view\/2025-03-13_centros-comunitarios-comissao-de-esportes-debate-funcionamento-em-reuniao-intersetorial\" rel=\"noopener\">Informa\u00e7\u00f5es CML <\/a>","protected":false},"excerpt":{"rendered":"<p>A Comiss\u00e3o de Esporte, Cultura e Lazer realizou, na manh\u00e3 desta quinta-feira, 13 de mar\u00e7o, uma reuni\u00e3o intersetorial para debater o funcionamento dos centros comunit\u00e1rios da cidade. A seguran\u00e7a e a manuten\u00e7\u00e3o dos espa\u00e7os foram os principais problemas encontrados pelo colegiado nas visitas realizadas aos locais.\u00a0 Participaram da reuni\u00e3o os membros do colegiado, vereadores Guilherme [&hellip;]<\/p>\n","protected":false},"author":1,"featured_media":26595,"comment_status":"open","ping_status":"open","sticky":false,"template":"","format":"standard","meta":{"_jetpack_newsletter_access":"","_jetpack_dont_email_post_to_subs":false,"_jetpack_newsletter_tier_id":0,"_jetpack_memberships_contains_paywalled_content":false,"_mbp_banners":[],"_jetpack_feature_clip_id":0,"_jetpack_memberships_contains_paid_content":false,"footnotes":"","jetpack_publicize_message":"","jetpack_publicize_feature_enabled":true,"jetpack_social_post_already_shared":true,"jetpack_social_options":{"image_generator_settings":{"template":"highway","default_image_id":0,"font":"","enabled":false},"version":2},"jetpack_post_was_ever_published":false},"categories":[19],"tags":[],"class_list":["post-26594","post","type-post","status-publish","format-standard","has-post-thumbnail","category-politica"],"jetpack_publicize_connections":[],"jetpack-related-posts":[],"jetpack_shortlink":"https:\/\/wp.me\/p7Eq1F-6UW","jetpack_sharing_enabled":true,"jetpack_featured_media_url":"https:\/\/i0.wp.com\/guialimeira.com.br\/news\/wp-content\/uploads\/2025\/03\/Centros-comunitarios-Comissao-de-Esportes-debate-funcionamento-em-reuniao-intersetorial.jpeg?fit=1280%2C640&ssl=1","_links":{"self":[{"href":"https:\/\/guialimeira.com.br\/news\/wp-json\/wp\/v2\/posts\/26594","targetHints":{"allow":["GET"]}}],"collection":[{"href":"https:\/\/guialimeira.com.br\/news\/wp-json\/wp\/v2\/posts"}],"about":[{"href":"https:\/\/guialimeira.com.br\/news\/wp-json\/wp\/v2\/types\/post"}],"author":[{"embeddable":true,"href":"https:\/\/guialimeira.com.br\/news\/wp-json\/wp\/v2\/users\/1"}],"replies":[{"embeddable":true,"href":"https:\/\/guialimeira.com.br\/news\/wp-json\/wp\/v2\/comments?post=26594"}],"version-history":[{"count":1,"href":"https:\/\/guialimeira.com.br\/news\/wp-json\/wp\/v2\/posts\/26594\/revisions"}],"predecessor-version":[{"id":26596,"href":"https:\/\/guialimeira.com.br\/news\/wp-json\/wp\/v2\/posts\/26594\/revisions\/26596"}],"wp:featuredmedia":[{"embeddable":true,"href":"https:\/\/guialimeira.com.br\/news\/wp-json\/wp\/v2\/media\/26595"}],"wp:attachment":[{"href":"https:\/\/guialimeira.com.br\/news\/wp-json\/wp\/v2\/media?parent=26594"}],"wp:term":[{"taxonomy":"category","embeddable":true,"href":"https:\/\/guialimeira.com.br\/news\/wp-json\/wp\/v2\/categories?post=26594"},{"taxonomy":"post_tag","embeddable":true,"href":"https:\/\/guialimeira.com.br\/news\/wp-json\/wp\/v2\/tags?post=26594"}],"curies":[{"name":"wp","href":"https:\/\/api.w.org\/{rel}","templated":true}]}}