{"id":2659,"date":"2024-04-24T19:56:41","date_gmt":"2024-04-24T22:56:41","guid":{"rendered":"https:\/\/guialimeira.com.br\/2024\/04\/24\/ebc-passara-a-ter-comite-editorial-e-de-programacao\/"},"modified":"2024-04-24T19:56:41","modified_gmt":"2024-04-24T22:56:41","slug":"ebc-passara-a-ter-comite-editorial-e-de-programacao","status":"publish","type":"post","link":"https:\/\/guialimeira.com.br\/news\/ebc-passara-a-ter-comite-editorial-e-de-programacao\/","title":{"rendered":"EBC passar\u00e1 a ter Comit\u00ea Editorial e de Programa\u00e7\u00e3o"},"content":{"rendered":"<p> <br \/>\n<\/p>\n<div>\n<p>A <strong>Empresa Brasil de Comunica\u00e7\u00e3o (EBC) <\/strong>ter\u00e1 um \u00f3rg\u00e3o t\u00e9cnico de participa\u00e7\u00e3o institucionalizada da sociedade. De natureza consultiva e deliberativa, o Comit\u00ea Editorial e de Programa\u00e7\u00e3o ser\u00e1 formado por 11 membros, segundo <a href=\"https:\/\/www.in.gov.br\/web\/dou\/-\/decreto-n-12.005-de-23-de-abril-de-2024-555712506\" target=\"_blank\" rel=\"noopener\">decreto publicado<\/a> nesta quarta-feira (24) no Di\u00e1rio Oficial da Uni\u00e3o.<img data-recalc-dims=\"1\" decoding=\"async\" src=\"https:\/\/i0.wp.com\/agenciabrasil.ebc.com.br\/ebc.png?w=696&#038;ssl=1\" style=\"width:1px; height:1px; display:inline;\"\/><img data-recalc-dims=\"1\" decoding=\"async\" src=\"https:\/\/i0.wp.com\/agenciabrasil.ebc.com.br\/ebc.gif?w=696&#038;ssl=1\" style=\"width:1px; height:1px; display:inline;\"\/><\/p>\n<p>O comit\u00ea foi criado para aumentar a participa\u00e7\u00e3o da sociedade civil no acompanhamento da aplica\u00e7\u00e3o dos princ\u00edpios do sistema p\u00fablico de radiodifus\u00e3o, observada a pluralidade da sociedade brasileira. Entre as atribui\u00e7\u00f5es est\u00e1 a de \u201cpropor a amplia\u00e7\u00e3o de espa\u00e7o, no \u00e2mbito da programa\u00e7\u00e3o da <strong>EBC<\/strong>, para pautas sobre o papel e a import\u00e2ncia da m\u00eddia p\u00fablica no contexto brasileiro\u201d.<\/p>\n<p>Entre os integrantes do comit\u00ea devem estar representantes de emissoras p\u00fablicas, do meio acad\u00eamico, do audiovisual independente e de entidades representativas sociais como direitos humanos, cultura, educa\u00e7\u00e3o, ci\u00eancia e tecnologia. O colegiado tamb\u00e9m ter\u00e1 um empregado da <strong>EBC<\/strong>.\u00a0<\/p>\n<p>Desde dezembro do ano passado, um <a href=\"https:\/\/agenciabrasil.ebc.com.br\/geral\/noticia\/2023-12\/secom-e-ebc-instalam-gt-para-debater-comunicacao-publica\" target=\"_blank\" rel=\"noopener\">grupo de trabalho<\/a>\u00a0(GT) com participantes da Secretaria de Comunica\u00e7\u00e3o Social da Presid\u00eancia da Rep\u00fablica (Secom), da <strong>EBC<\/strong>, do antigo Conselho Curador e de entidades representativas dos trabalhadores debate a participa\u00e7\u00e3o social na empresa e foi respons\u00e1vel por propor medidas para o aprimoramento da comunica\u00e7\u00e3o p\u00fablica no Brasil. O decreto \u00e9 fruto desse grupo de trabalho.\u00a0<\/p>\n<p>Para Octavio Pieranti, assessor da Secretaria de Pol\u00edticas Digitais da Secom e relator adjunto do GT de Participa\u00e7\u00e3o Social na EBC, o Comit\u00ea Editorial e de Programa\u00e7\u00e3o \u00e9 mais um passo para reconstruir a participa\u00e7\u00e3o social na <strong>EBC <\/strong>e na comunica\u00e7\u00e3o p\u00fablica.<\/p>\n<p>\u201cA regulamenta\u00e7\u00e3o do comit\u00ea, feita hoje, encaixa-se nas propostas feitas por este grupo [de trabalho] e que constar\u00e3o do relat\u00f3rio de conclus\u00e3o dos trabalhos. Ainda mais importante, foram debatidas a cria\u00e7\u00e3o e o fortalecimento de diversas inst\u00e2ncias de di\u00e1logo e participa\u00e7\u00e3o social e o decreto de hoje prev\u00ea que o Comit\u00ea Editorial e de Programa\u00e7\u00e3o dever\u00e1 se articular com essas inst\u00e2ncias constitu\u00eddas no \u00e2mbito da<strong> EBC <\/strong>e da Rede Nacional de Comunica\u00e7\u00e3o P\u00fablica.&#8221;<\/p>\n<p>Representante do Sindicato de Jornalistas do Distrito Federal no GT, Pedro Rafael Vilela\u00a0afirmou que o Comit\u00ea Editorial e de Programa\u00e7\u00e3o da<strong> EBC <\/strong>est\u00e1 previsto em lei h\u00e1 cerca de 8 anos e nunca havia sido regulamentado. \u201cEle foi, na verdade, o pouco que sobrou de participa\u00e7\u00e3o social desde a extin\u00e7\u00e3o do Conselho Curador, em 2016, durante o governo de Michel Temer.\u201d\u00a0<\/p>\n<p>Para ele, apesar de a regulamenta\u00e7\u00e3o ser esperada pela sociedade civil como parte de um processo de restaura\u00e7\u00e3o da participa\u00e7\u00e3o social na comunica\u00e7\u00e3o p\u00fablica, o Comit\u00ea Editorial foi constitu\u00eddo de forma limitada em termos de atribui\u00e7\u00f5es e \u00e9 insuficiente. \u201cEsperamos que se avance agora na composi\u00e7\u00e3o de um colegiado mais amplo e com capacidade de deliberar e acompanhar a aplica\u00e7\u00e3o dos princ\u00edpios da lei da <strong>EBC<\/strong> na programa\u00e7\u00e3o dos ve\u00edculos p\u00fablicos, incluindo aspectos de diversidade e pluralidade, al\u00e9m da garantia de autonomia editorial.\u201c<\/p>\n<p>A secret\u00e1ria-geral do F\u00f3rum Nacional pela Democratiza\u00e7\u00e3o da Comunica\u00e7\u00e3o, Maria Jos\u00e9 Braga, destacou a import\u00e2ncia do decreto para que o car\u00e1ter p\u00fablico da empresa seja efetivo.\u00a0<\/p>\n<p>\u201cGarantir esse car\u00e1ter p\u00fablico \u00e9 fundamental para o fortalecimento da nossa democracia. N\u00f3s esperamos que a partir da publica\u00e7\u00e3o desse decreto seja feito de imediato o chamamento para a constitui\u00e7\u00e3o do conselho.&#8221;<\/p>\n<p>Para o Intervozes, que atua pelo direito \u00e0 comunica\u00e7\u00e3o e sua democratiza\u00e7\u00e3o, a participa\u00e7\u00e3o social nos \u00f3rg\u00e3os de comunica\u00e7\u00e3o p\u00fablica \u00e9 de fundamental import\u00e2ncia e algo que os servidores da <strong>EBC<\/strong> t\u00eam defendido com afinco desde a extin\u00e7\u00e3o do Conselho Curador. \u201cA reafirma\u00e7\u00e3o da import\u00e2ncia da participa\u00e7\u00e3o social \u00e9 importante para a democracia, para a diversidade e para o combate \u00e0 desinforma\u00e7\u00e3o.\u201d<\/p>\n<p>Os 11 membros titulares e seus suplentes ser\u00e3o escolhidos a partir de listas tr\u00edplices criadas pelas entidades representativas de cada um dos segmentos que dever\u00e3o compor o comit\u00ea.\u00a0<\/p>\n<p>O decreto assinado pelo presidente Luiz In\u00e1cio Lula da Silva e publicado nesta quarta-feira (24) estabelece ainda que a composi\u00e7\u00e3o do colegiado dever\u00e1 garantir equidade de g\u00eanero e ra\u00e7a e a participa\u00e7\u00e3o de todas as regi\u00f5es do pa\u00eds.<\/p>\n<\/p><\/div>\n<p><br \/>\n<br \/><a href=\"https:\/\/agenciabrasil.ebc.com.br\/geral\/noticia\/2024-04\/ebc-passara-ter-comite-editorial-e-de-programacao\" rel=\"noopener\">Ag\u00eancia Brasil<\/a><\/p>\n","protected":false},"excerpt":{"rendered":"<p>A Empresa Brasil de Comunica\u00e7\u00e3o (EBC) ter\u00e1 um \u00f3rg\u00e3o t\u00e9cnico de participa\u00e7\u00e3o institucionalizada da sociedade. De natureza consultiva e deliberativa, o Comit\u00ea Editorial e de Programa\u00e7\u00e3o ser\u00e1 formado por 11 membros, segundo decreto publicado nesta quarta-feira (24) no Di\u00e1rio Oficial da Uni\u00e3o. O comit\u00ea foi criado para aumentar a participa\u00e7\u00e3o da sociedade civil no acompanhamento [&hellip;]<\/p>\n","protected":false},"author":1,"featured_media":2660,"comment_status":"open","ping_status":"open","sticky":false,"template":"","format":"standard","meta":{"_jetpack_newsletter_access":"","_jetpack_dont_email_post_to_subs":false,"_jetpack_newsletter_tier_id":0,"_jetpack_memberships_contains_paywalled_content":false,"_mbp_banners":[],"_jetpack_feature_clip_id":0,"_jetpack_memberships_contains_paid_content":false,"footnotes":"","jetpack_publicize_message":"","jetpack_publicize_feature_enabled":true,"jetpack_social_post_already_shared":true,"jetpack_social_options":{"image_generator_settings":{"template":"highway","default_image_id":0,"font":"","enabled":false},"version":2},"jetpack_post_was_ever_published":false},"categories":[1],"tags":[],"class_list":["post-2659","post","type-post","status-publish","format-standard","has-post-thumbnail","category-geral"],"jetpack_publicize_connections":[],"jetpack-related-posts":[],"jetpack_shortlink":"https:\/\/wp.me\/p7Eq1F-GT","jetpack_sharing_enabled":true,"jetpack_featured_media_url":"https:\/\/i0.wp.com\/guialimeira.com.br\/news\/wp-content\/uploads\/2024\/04\/20230816_182332.jpg?fit=1600%2C800&ssl=1","_links":{"self":[{"href":"https:\/\/guialimeira.com.br\/news\/wp-json\/wp\/v2\/posts\/2659","targetHints":{"allow":["GET"]}}],"collection":[{"href":"https:\/\/guialimeira.com.br\/news\/wp-json\/wp\/v2\/posts"}],"about":[{"href":"https:\/\/guialimeira.com.br\/news\/wp-json\/wp\/v2\/types\/post"}],"author":[{"embeddable":true,"href":"https:\/\/guialimeira.com.br\/news\/wp-json\/wp\/v2\/users\/1"}],"replies":[{"embeddable":true,"href":"https:\/\/guialimeira.com.br\/news\/wp-json\/wp\/v2\/comments?post=2659"}],"version-history":[{"count":0,"href":"https:\/\/guialimeira.com.br\/news\/wp-json\/wp\/v2\/posts\/2659\/revisions"}],"wp:featuredmedia":[{"embeddable":true,"href":"https:\/\/guialimeira.com.br\/news\/wp-json\/wp\/v2\/media\/2660"}],"wp:attachment":[{"href":"https:\/\/guialimeira.com.br\/news\/wp-json\/wp\/v2\/media?parent=2659"}],"wp:term":[{"taxonomy":"category","embeddable":true,"href":"https:\/\/guialimeira.com.br\/news\/wp-json\/wp\/v2\/categories?post=2659"},{"taxonomy":"post_tag","embeddable":true,"href":"https:\/\/guialimeira.com.br\/news\/wp-json\/wp\/v2\/tags?post=2659"}],"curies":[{"name":"wp","href":"https:\/\/api.w.org\/{rel}","templated":true}]}}