{"id":26588,"date":"2025-03-13T12:28:56","date_gmt":"2025-03-13T15:28:56","guid":{"rendered":"https:\/\/guialimeira.com.br\/?p=26588"},"modified":"2025-03-13T12:28:56","modified_gmt":"2025-03-13T15:28:56","slug":"em-forum-regional-presidente-da-camara-anuncia-projeto-para-conselho-tutelar","status":"publish","type":"post","link":"https:\/\/guialimeira.com.br\/news\/em-forum-regional-presidente-da-camara-anuncia-projeto-para-conselho-tutelar\/","title":{"rendered":"Em F\u00f3rum regional, presidente da C\u00e2mara anuncia projeto para Conselho Tutelar"},"content":{"rendered":"\n<figure class=\"wp-block-gallery has-nested-images columns-default is-cropped wp-block-gallery-1 is-layout-flex wp-block-gallery-is-layout-flex\"><\/figure>\n \r\n<br><img data-recalc-dims=\"1\" decoding=\"async\" src=\"https:\/\/i0.wp.com\/guialimeira.com.br\/wp-content\/uploads\/2025\/03\/2025-03-13_em-forum-regional-presidente-da-camara-anuncia-projeto-para-conselho-tutelar_1.jpg?w=696&#038;ssl=1\" \/><br><div>\n\t\t\t\t\t<p>O vereador Everton Ferreira (PSD), participou nesta quarta-feira, 12 de mar\u00e7o, da abertura do 82\u00ba F\u00f3rum Regional de Conselheiros e Ex-Conselheiros Tutelares da Regi\u00e3o Metropolitana e Macrorregi\u00e3o de Campinas e anunciou a elabora\u00e7\u00e3o de um projeto de lei que prev\u00ea a realiza\u00e7\u00e3o de audi\u00eancias para fomentar pol\u00edticas p\u00fablicas voltadas \u00e0 \u00e1rea da inf\u00e2ncia e juventude.<\/p><p>Realizado no Teatro Nair Bello, Parque Cidade, o F\u00f3rum discutiu a necessidade de pol\u00edticas p\u00fablicas para o fortalecimento dos Conselhos Tutelares, bem como de capacita\u00e7\u00e3o continuada aos conselheiros. Por esta raz\u00e3o, o vereador, que tamb\u00e9m \u00e9 presidente da C\u00e2mara, prop\u00f4s a realiza\u00e7\u00e3o de audi\u00eancias p\u00fablicas n\u00e3o apenas como ferramenta de presta\u00e7\u00e3o de contas do trabalho desenvolvido pelo Conselho Tutelar, mas tamb\u00e9m para o planejamento de pol\u00edticas p\u00fablicas para preven\u00e7\u00e3o, prote\u00e7\u00e3o e garantia dos direitos da crian\u00e7a e do adolescente.<\/p><p>\u201cSeria importante, por for\u00e7a de lei, o Conselho Tutelar apresentar audi\u00eancias p\u00fablicas na C\u00e2mara Municipal duas vezes ao ano. Com base nos dados apresentados, o Poder Executivo e os legisladores poder\u00e3o basear as pol\u00edticas p\u00fablicas em estat\u00edsticas, em dados concretos, na realidade do conselho local\u201d, afirmou Everton.<\/p><p>Segundo o parlamentar, a realiza\u00e7\u00e3o do f\u00f3rum regional \u00e9 de grande import\u00e2ncia para aperfei\u00e7oar o conhecimento dos conselheiros e trocar experi\u00eancias das melhores pr\u00e1ticas, bem como enfatizar o papel que o Conselho Tutelar tem na sociedade. \u201cO Conselho Tutelar resgata a dignidade e a expectativa de vida das pessoas. Estes ingredientes mudam a realidade das fam\u00edlias e de uma crian\u00e7a\u201d, disse. Everton ainda parabenizou todos os conselheiros pelo trabalho realizado e deixou uma minuta do projeto de lei para sugest\u00f5es e aperfei\u00e7oamento.<\/p><p>\u201cO intuito \u00e9 que a C\u00e2mara saiba com clareza as \u2018dores\u2019 dos conselheiros tutelares do seu munic\u00edpio. Se o vereador tem conhecimento das demandas e da estrutura dispon\u00edvel, pode atuar at\u00e9 mesmo para fazer um direcionamento or\u00e7ament\u00e1rio. O principal \u00e9 ter acesso ao que est\u00e1 acontecendo para ajudar a melhorar\u201d, declarou o parlamentar.<\/p><p>O f\u00f3rum regional teve como tema \u201cO Papel do Conselho Tutelar na Rede de Prote\u00e7\u00e3o: Estrat\u00e9gias para Garantir Direitos de Crian\u00e7as e Adolescentes V\u00edtimas de Viol\u00eancia\u201d e contou com a organiza\u00e7\u00e3o do Conselho Tutelar de Limeira, do Centro de Promo\u00e7\u00e3o Social Municipal (Ceprosom) e do Conselho Municipal dos Direitos da Crian\u00e7a e do Adolescente (CMDCA).\u00a0<\/p><p>Estiveram presentes, al\u00e9m do presidente da C\u00e2mara, o promotor de Justi\u00e7a Jo\u00e3o Guilherme Salve, o presidente do Ceprosom, Dimas Peruzza, a presidente do CMDCA, Ana Maria Sampaio, e os representantes do f\u00f3rum, Reinaldo Balbino e S\u00f4nia Bonfanti.<\/p><p><i>Do Gabinete Parlamentar \u2013 Vereador Everton Ferreira (PSD)<\/i><\/p><p><i>*Fotos do Gabinete parlamentar<\/i><\/p><p><strong>As mat\u00e9rias de origem dos Gabinetes Parlamentares s\u00e3o de inteira\u00a0 responsabilidade dos parlamentares e de suas assessorias. S\u00e3o devidamente assinadas e n\u00e3o refletem, necessariamente, a opini\u00e3o institucional da C\u00e2mara Municipal de Limeira.<\/strong><\/p>\t\t\t\t<\/div>\r\n<br>\r\n<br><a href=\"https:\/\/www.limeira.sp.leg.br\/noticias\/view\/2025-03-13_em-forum-regional-presidente-da-camara-anuncia-projeto-para-conselho-tutelar\" rel=\"noopener\">Informa\u00e7\u00f5es CML <\/a>","protected":false},"excerpt":{"rendered":"<p>O vereador Everton Ferreira (PSD), participou nesta quarta-feira, 12 de mar\u00e7o, da abertura do 82\u00ba F\u00f3rum Regional de Conselheiros e Ex-Conselheiros Tutelares da Regi\u00e3o Metropolitana e Macrorregi\u00e3o de Campinas e anunciou a elabora\u00e7\u00e3o de um projeto de lei que prev\u00ea a realiza\u00e7\u00e3o de audi\u00eancias para fomentar pol\u00edticas p\u00fablicas voltadas \u00e0 \u00e1rea da inf\u00e2ncia e juventude. [&hellip;]<\/p>\n","protected":false},"author":1,"featured_media":26589,"comment_status":"open","ping_status":"open","sticky":false,"template":"","format":"standard","meta":{"_jetpack_newsletter_access":"","_jetpack_dont_email_post_to_subs":false,"_jetpack_newsletter_tier_id":0,"_jetpack_memberships_contains_paywalled_content":false,"_mbp_banners":[],"_jetpack_feature_clip_id":0,"_jetpack_memberships_contains_paid_content":false,"footnotes":"","jetpack_publicize_message":"","jetpack_publicize_feature_enabled":true,"jetpack_social_post_already_shared":true,"jetpack_social_options":{"image_generator_settings":{"template":"highway","default_image_id":0,"font":"","enabled":false},"version":2},"jetpack_post_was_ever_published":false},"categories":[19],"tags":[],"class_list":["post-26588","post","type-post","status-publish","format-standard","has-post-thumbnail","category-politica"],"jetpack_publicize_connections":[],"jetpack-related-posts":[],"jetpack_shortlink":"https:\/\/wp.me\/p7Eq1F-6UQ","jetpack_sharing_enabled":true,"jetpack_featured_media_url":"https:\/\/i0.wp.com\/guialimeira.com.br\/news\/wp-content\/uploads\/2025\/03\/Em-Forum-regional-presidente-da-Camara-anuncia-projeto-para-Conselho.jpg?fit=1280%2C640&ssl=1","_links":{"self":[{"href":"https:\/\/guialimeira.com.br\/news\/wp-json\/wp\/v2\/posts\/26588","targetHints":{"allow":["GET"]}}],"collection":[{"href":"https:\/\/guialimeira.com.br\/news\/wp-json\/wp\/v2\/posts"}],"about":[{"href":"https:\/\/guialimeira.com.br\/news\/wp-json\/wp\/v2\/types\/post"}],"author":[{"embeddable":true,"href":"https:\/\/guialimeira.com.br\/news\/wp-json\/wp\/v2\/users\/1"}],"replies":[{"embeddable":true,"href":"https:\/\/guialimeira.com.br\/news\/wp-json\/wp\/v2\/comments?post=26588"}],"version-history":[{"count":1,"href":"https:\/\/guialimeira.com.br\/news\/wp-json\/wp\/v2\/posts\/26588\/revisions"}],"predecessor-version":[{"id":26590,"href":"https:\/\/guialimeira.com.br\/news\/wp-json\/wp\/v2\/posts\/26588\/revisions\/26590"}],"wp:featuredmedia":[{"embeddable":true,"href":"https:\/\/guialimeira.com.br\/news\/wp-json\/wp\/v2\/media\/26589"}],"wp:attachment":[{"href":"https:\/\/guialimeira.com.br\/news\/wp-json\/wp\/v2\/media?parent=26588"}],"wp:term":[{"taxonomy":"category","embeddable":true,"href":"https:\/\/guialimeira.com.br\/news\/wp-json\/wp\/v2\/categories?post=26588"},{"taxonomy":"post_tag","embeddable":true,"href":"https:\/\/guialimeira.com.br\/news\/wp-json\/wp\/v2\/tags?post=26588"}],"curies":[{"name":"wp","href":"https:\/\/api.w.org\/{rel}","templated":true}]}}