{"id":26576,"date":"2025-03-13T10:23:04","date_gmt":"2025-03-13T13:23:04","guid":{"rendered":"https:\/\/guialimeira.com.br\/2025\/03\/13\/irpf-2025-confira-calendario-de-pagamento-de-restituicoes\/"},"modified":"2025-03-13T10:23:04","modified_gmt":"2025-03-13T13:23:04","slug":"irpf-2025-confira-calendario-de-pagamento-de-restituicoes","status":"publish","type":"post","link":"https:\/\/guialimeira.com.br\/news\/irpf-2025-confira-calendario-de-pagamento-de-restituicoes\/","title":{"rendered":"IRPF 2025: confira calend\u00e1rio de pagamento de restitui\u00e7\u00f5es"},"content":{"rendered":"<p> <br \/>\n<\/p>\n<div>\n<p>O Minist\u00e9rio da Fazenda publicou,\u00a0nesta quinta-feira (13), no <em><a href=\"https:\/\/www.in.gov.br\/en\/web\/dou\/-\/ato-declaratorio-executivo-rfb-n-1-de-12-de-marco-de-2025-617351229\" target=\"_blank\" rel=\"noopener\">Di\u00e1rio Oficial da Uni\u00e3o (DOU)<\/a>, <\/em>as <a href=\"https:\/\/agenciabrasil.ebc.com.br\/economia\/noticia\/2025-03\/confira-regras-do-irpf-2025-prazo-para-declaracao-comeca-na-segunda\" target=\"_blank\" rel=\"noopener\">regras<\/a>\u00a0e o calend\u00e1rio de restitui\u00e7\u00f5es do Imposto sobre a Renda da Pessoa F\u00edsica (IRPF) referentes\u00a0 ao exerc\u00edcio de 2025 (ano-base 2024).<img data-recalc-dims=\"1\" decoding=\"async\" src=\"https:\/\/i0.wp.com\/agenciabrasil.ebc.com.br\/ebc.png?w=696&#038;ssl=1\" style=\"width:1px; height:1px; display:inline;\"\/><img data-recalc-dims=\"1\" decoding=\"async\" src=\"https:\/\/i0.wp.com\/agenciabrasil.ebc.com.br\/ebc.gif?w=696&#038;ssl=1\" style=\"width:1px; height:1px; display:inline;\"\/><\/p>\n<p><strong>De acordo com o documento, as restitui\u00e7\u00f5es\u00a0ser\u00e3o efetuadas em cinco lotes, no per\u00edodo de maio a setembro de 2025, conforme as seguintes datas:<\/strong><\/p>\n<ul>\n<li>primeiro lote: 30 de maio;<\/li>\n<li>segundo lote: 30 de junho;<\/li>\n<li>terceiro lote: 31 de julho;<\/li>\n<li>quarto lote: 29 de agosto;<\/li>\n<li>quinto e \u00faltimo lote: 30 de setembro.<\/li>\n<\/ul>\n<p>Em 2025, ser\u00e1 dada maior prioridade para quem, simultaneamente, utilizou a declara\u00e7\u00e3o pr\u00e9-preenchida e optou pelo recebimento da restitui\u00e7\u00e3o via Pix. At\u00e9 2024, a prioridade era definida apenas com base na utiliza\u00e7\u00e3o de uma das duas ferramentas.<\/p>\n<p><strong>Ao considerar as prioridades determinadas por lei, o pagamento das restitui\u00e7\u00f5es seguir\u00e1 a seguinte ordem:<\/strong><\/p>\n<ul>\n<li>idade igual ou superior a 80 anos;<\/li>\n<li>idade igual ou superior a 60 anos, pessoas com defici\u00eancia e pessoas com doen\u00e7a grave;<\/li>\n<li>pessoas cuja maior fonte de renda seja o magist\u00e9rio;<\/li>\n<li>pessoas que utilizaram a declara\u00e7\u00e3o pr\u00e9-preenchida e que optaram por receber a restitui\u00e7\u00e3o por Pix;<\/li>\n<li>pessoas que utilizaram a declara\u00e7\u00e3o pr\u00e9-preenchida ou optaram por receber a restitui\u00e7\u00e3o por Pix.<\/li>\n<\/ul>\n<p><strong>Confira, a seguir, o cronograma completo do IRPF 2025:<\/strong><\/p>\n<ul>\n<li>13 de mar\u00e7o: libera\u00e7\u00e3o do programa gerador da declara\u00e7\u00e3o para preenchimento;<\/li>\n<li>17 de mar\u00e7o: in\u00edcio das transmiss\u00f5es pelo programa gerador;<\/li>\n<li>1\u00ba de abril: libera\u00e7\u00e3o do programa de preenchimento e entrega on-line e por dispositivos m\u00f3veis pelo aplicativo Meu Imposto de Renda;<\/li>\n<li>1\u00ba de abril: libera\u00e7\u00e3o da declara\u00e7\u00e3o pr\u00e9-preenchida.<\/li>\n<\/ul>\n<p>      <!-- Relacionada --><\/p>\n<p>            <!-- Relacionada -->\n    <\/div>\n<p><br \/>\n<br \/><a href=\"https:\/\/agenciabrasil.ebc.com.br\/economia\/noticia\/2025-03\/irpf-2025-confira-calendario-de-pagamento-de-restituicoes\" rel=\"noopener\">Ag\u00eancia Brasil<\/a><\/p>\n","protected":false},"excerpt":{"rendered":"<p>O Minist\u00e9rio da Fazenda publicou,\u00a0nesta quinta-feira (13), no Di\u00e1rio Oficial da Uni\u00e3o (DOU), as regras\u00a0e o calend\u00e1rio de restitui\u00e7\u00f5es do Imposto sobre a Renda da Pessoa F\u00edsica (IRPF) referentes\u00a0 ao exerc\u00edcio de 2025 (ano-base 2024). De acordo com o documento, as restitui\u00e7\u00f5es\u00a0ser\u00e3o efetuadas em cinco lotes, no per\u00edodo de maio a setembro de 2025, conforme [&hellip;]<\/p>\n","protected":false},"author":1,"featured_media":23801,"comment_status":"open","ping_status":"open","sticky":false,"template":"","format":"standard","meta":{"_jetpack_newsletter_access":"","_jetpack_dont_email_post_to_subs":false,"_jetpack_newsletter_tier_id":0,"_jetpack_memberships_contains_paywalled_content":false,"_mbp_banners":[],"_jetpack_feature_clip_id":0,"_jetpack_memberships_contains_paid_content":false,"footnotes":"","jetpack_publicize_message":"","jetpack_publicize_feature_enabled":true,"jetpack_social_post_already_shared":true,"jetpack_social_options":{"image_generator_settings":{"template":"highway","default_image_id":0,"font":"","enabled":false},"version":2},"jetpack_post_was_ever_published":false},"categories":[24],"tags":[],"class_list":["post-26576","post","type-post","status-publish","format-standard","has-post-thumbnail","category-economia"],"jetpack_publicize_connections":[],"jetpack-related-posts":[],"jetpack_shortlink":"https:\/\/wp.me\/p7Eq1F-6UE","jetpack_sharing_enabled":true,"jetpack_featured_media_url":"https:\/\/i0.wp.com\/guialimeira.com.br\/news\/wp-content\/uploads\/2025\/02\/economia_1609210416_0.jpg?fit=1600%2C800&ssl=1","_links":{"self":[{"href":"https:\/\/guialimeira.com.br\/news\/wp-json\/wp\/v2\/posts\/26576","targetHints":{"allow":["GET"]}}],"collection":[{"href":"https:\/\/guialimeira.com.br\/news\/wp-json\/wp\/v2\/posts"}],"about":[{"href":"https:\/\/guialimeira.com.br\/news\/wp-json\/wp\/v2\/types\/post"}],"author":[{"embeddable":true,"href":"https:\/\/guialimeira.com.br\/news\/wp-json\/wp\/v2\/users\/1"}],"replies":[{"embeddable":true,"href":"https:\/\/guialimeira.com.br\/news\/wp-json\/wp\/v2\/comments?post=26576"}],"version-history":[{"count":0,"href":"https:\/\/guialimeira.com.br\/news\/wp-json\/wp\/v2\/posts\/26576\/revisions"}],"wp:featuredmedia":[{"embeddable":true,"href":"https:\/\/guialimeira.com.br\/news\/wp-json\/wp\/v2\/media\/23801"}],"wp:attachment":[{"href":"https:\/\/guialimeira.com.br\/news\/wp-json\/wp\/v2\/media?parent=26576"}],"wp:term":[{"taxonomy":"category","embeddable":true,"href":"https:\/\/guialimeira.com.br\/news\/wp-json\/wp\/v2\/categories?post=26576"},{"taxonomy":"post_tag","embeddable":true,"href":"https:\/\/guialimeira.com.br\/news\/wp-json\/wp\/v2\/tags?post=26576"}],"curies":[{"name":"wp","href":"https:\/\/api.w.org\/{rel}","templated":true}]}}