{"id":2657,"date":"2024-04-24T19:38:46","date_gmt":"2024-04-24T22:38:46","guid":{"rendered":"https:\/\/guialimeira.com.br\/2024\/04\/24\/educacao-realiza-evento-sobre-inclusao-de-alunos-com-tea-no-ambiente-escolar-portal-do-municipio-de-piracicaba\/"},"modified":"2024-04-24T19:38:46","modified_gmt":"2024-04-24T22:38:46","slug":"educacao-realiza-evento-sobre-inclusao-de-alunos-com-tea-no-ambiente-escolar-portal-do-municipio-de-piracicaba","status":"publish","type":"post","link":"https:\/\/guialimeira.com.br\/news\/educacao-realiza-evento-sobre-inclusao-de-alunos-com-tea-no-ambiente-escolar-portal-do-municipio-de-piracicaba\/","title":{"rendered":"Educa\u00e7\u00e3o realiza evento sobre inclus\u00e3o de alunos com TEA no ambiente escolar \u2013 Portal do Munic\u00edpio de Piracicaba"},"content":{"rendered":"<p> <br \/>\n<\/p>\n<div>\n<p>Na tarde de ontem, 23\/04, o Anfiteatro da Secretaria Municipal de Educa\u00e7\u00e3o foi palco de um evento que integra as a\u00e7\u00f5es do M\u00eas de Conscientiza\u00e7\u00e3o sobre o Autismo. Diretores, coordenadores e professores do Numape (N\u00facleo Municipal de Apoio Pedag\u00f3gico a Educa\u00e7\u00e3o Especial) se reuniram para um momento de aprendizagem sobre o atendimento ao aluno com Transtorno do Espectro Autista (TEA).<\/p>\n<figure class=\"wp-block-image size-large\"><img data-recalc-dims=\"1\" fetchpriority=\"high\" decoding=\"async\" width=\"696\" height=\"464\" src=\"https:\/\/i0.wp.com\/piracicaba.sp.gov.br\/wp-content\/uploads\/2024\/04\/Evento-aconteceu-no-Anfiteatro-da-Secretaria-Municipal-de-Educacao-e-contou-com-diretores-coordenadores-e-professores-da-Rede-Municipal-de-Educacao-1024x682.jpg?resize=696%2C464&#038;ssl=1\" alt=\"\" class=\"wp-image-77748\" srcset=\"https:\/\/piracicaba.sp.gov.br\/wp-content\/uploads\/2024\/04\/Evento-aconteceu-no-Anfiteatro-da-Secretaria-Municipal-de-Educacao-e-contou-com-diretores-coordenadores-e-professores-da-Rede-Municipal-de-Educacao-1024x682.jpg 1024w, https:\/\/piracicaba.sp.gov.br\/wp-content\/uploads\/2024\/04\/Evento-aconteceu-no-Anfiteatro-da-Secretaria-Municipal-de-Educacao-e-contou-com-diretores-coordenadores-e-professores-da-Rede-Municipal-de-Educacao-300x200.jpg 300w, https:\/\/piracicaba.sp.gov.br\/wp-content\/uploads\/2024\/04\/Evento-aconteceu-no-Anfiteatro-da-Secretaria-Municipal-de-Educacao-e-contou-com-diretores-coordenadores-e-professores-da-Rede-Municipal-de-Educacao-768x512.jpg 768w, https:\/\/piracicaba.sp.gov.br\/wp-content\/uploads\/2024\/04\/Evento-aconteceu-no-Anfiteatro-da-Secretaria-Municipal-de-Educacao-e-contou-com-diretores-coordenadores-e-professores-da-Rede-Municipal-de-Educacao.jpg 1280w\" sizes=\"(max-width: 1024px) 100vw, 1024px\"\/><figcaption class=\"wp-element-caption\"><strong>Evento aconteceu no Anfiteatro da Secretaria Municipal de Educa\u00e7\u00e3o e contou com diretores, coordenadores e professores da Rede Municipal de Educa\u00e7\u00e3o<\/strong><\/figcaption><\/figure>\n<p>O objetivo foi promover uma reflex\u00e3o sobre a inclus\u00e3o dos alunos com TEA, visando proporcionar um ambiente educacional cada vez mais acolhedor e inclusivo.<\/p>\n<p>O evento teve in\u00edcio com a apresenta\u00e7\u00e3o de um depoimento em v\u00eddeo da professora da Escola Municipal Nathalio Zanotta Sabino, Lianara de Oliveira Moura Cano, que foi diagnosticada com TEA n\u00edvel 1 j\u00e1 na vida adulta, quando come\u00e7ou a dar aulas. Ela contou sobre as dificuldades que a acompanharam por toda vida e relatou tamb\u00e9m sobre como o diagn\u00f3stico a ajudou a entender e melhorar sua qualidade de vida.<\/p>\n<p>\u201cEu n\u00e3o mudei depois do diagn\u00f3stico de autismo, o que mudou foi que eu passei a compreender o quanto eu mascarava a minha ess\u00eancia e o que eu apresentava para o mundo. Comecei a dedicar menos tempo a tentar me encaixar como uma pessoa neuroat\u00edpica e passei a evitar situa\u00e7\u00f5es que me sobrecarregavam\u201d, disse Lianara, em v\u00eddeo gravado no Numape.<\/p>\n<figure class=\"wp-block-image size-large\"><img data-recalc-dims=\"1\" loading=\"lazy\" decoding=\"async\" width=\"696\" height=\"392\" src=\"https:\/\/i0.wp.com\/piracicaba.sp.gov.br\/wp-content\/uploads\/2024\/04\/A-professora-Lianara-de-Oliveira-Moura-Cano-que-foi-diagnosticada-com-TEA-nivel-1-contou-sobre-sua-vida-antes-e-depois-do-diagnostico-1024x576.jpg?resize=696%2C392&#038;ssl=1\" alt=\"\" class=\"wp-image-77746\" srcset=\"https:\/\/piracicaba.sp.gov.br\/wp-content\/uploads\/2024\/04\/A-professora-Lianara-de-Oliveira-Moura-Cano-que-foi-diagnosticada-com-TEA-nivel-1-contou-sobre-sua-vida-antes-e-depois-do-diagnostico-1024x576.jpg 1024w, https:\/\/piracicaba.sp.gov.br\/wp-content\/uploads\/2024\/04\/A-professora-Lianara-de-Oliveira-Moura-Cano-que-foi-diagnosticada-com-TEA-nivel-1-contou-sobre-sua-vida-antes-e-depois-do-diagnostico-300x169.jpg 300w, https:\/\/piracicaba.sp.gov.br\/wp-content\/uploads\/2024\/04\/A-professora-Lianara-de-Oliveira-Moura-Cano-que-foi-diagnosticada-com-TEA-nivel-1-contou-sobre-sua-vida-antes-e-depois-do-diagnostico-768x432.jpg 768w, https:\/\/piracicaba.sp.gov.br\/wp-content\/uploads\/2024\/04\/A-professora-Lianara-de-Oliveira-Moura-Cano-que-foi-diagnosticada-com-TEA-nivel-1-contou-sobre-sua-vida-antes-e-depois-do-diagnostico-1536x864.jpg 1536w, https:\/\/piracicaba.sp.gov.br\/wp-content\/uploads\/2024\/04\/A-professora-Lianara-de-Oliveira-Moura-Cano-que-foi-diagnosticada-com-TEA-nivel-1-contou-sobre-sua-vida-antes-e-depois-do-diagnostico.jpg 1920w\" sizes=\"auto, (max-width: 1024px) 100vw, 1024px\"\/><figcaption class=\"wp-element-caption\"><strong>A professora Lianara de Oliveira Moura Cano, que foi diagnosticada com TEA n\u00edvel 1, contou sobre sua vida antes e depois do diagn\u00f3stico<\/strong><\/figcaption><\/figure>\n<p>O evento tamb\u00e9m contou com a palestra Escola, onde a inclus\u00e3o come\u00e7a a acontecer de fato!, da pedagoga e neuropsicopedagoga, Andr\u00e9a Jamaica Alves Mesquita. Ela compartilhou sua expertise em Educa\u00e7\u00e3o Inclusiva, abordando temas de grande import\u00e2ncia, como:\u00a0 o plano educacional individualizado (PEI), as pr\u00e1ticas inclusivas no ambiente escolar, An\u00e1lise do Comportamento Aplicada (ABA) e capacitismo.<\/p>\n<p>A palestrante apresentou estrat\u00e9gias que os educadores podem utilizar no cotidiano para estabelecer um ambiente escolar genuinamente inclusivo, promovendo o pleno desenvolvimento de cada aluno e respeitando as diferen\u00e7as.<\/p>\n<p>\u201cAcredito firmemente que a verdadeira inclus\u00e3o come\u00e7a na escola, ent\u00e3o temos que oportunizar e destacar estrat\u00e9gias fundamentais para criar um ambiente onde cada aluno possa prosperar, independentemente de suas diferen\u00e7as. Espero que as ideias compartilhadas inspirem educadores a promoverem uma educa\u00e7\u00e3o mais inclusiva e equitativa para todos os alunos\u201d, comentou Mesquita.<\/p>\n<figure class=\"wp-block-image size-large\"><img data-recalc-dims=\"1\" loading=\"lazy\" decoding=\"async\" width=\"696\" height=\"464\" src=\"https:\/\/i0.wp.com\/piracicaba.sp.gov.br\/wp-content\/uploads\/2024\/04\/A-neuropsicopedagoga-Andrea-Jamaica-Alves-Mesquita-contou-suas-experiencias-e-como-fazer-a-inclusao-de-alunos-com-transtornos-1024x682.jpg?resize=696%2C464&#038;ssl=1\" alt=\"\" class=\"wp-image-77747\" srcset=\"https:\/\/piracicaba.sp.gov.br\/wp-content\/uploads\/2024\/04\/A-neuropsicopedagoga-Andrea-Jamaica-Alves-Mesquita-contou-suas-experiencias-e-como-fazer-a-inclusao-de-alunos-com-transtornos-1024x682.jpg 1024w, https:\/\/piracicaba.sp.gov.br\/wp-content\/uploads\/2024\/04\/A-neuropsicopedagoga-Andrea-Jamaica-Alves-Mesquita-contou-suas-experiencias-e-como-fazer-a-inclusao-de-alunos-com-transtornos-300x200.jpg 300w, https:\/\/piracicaba.sp.gov.br\/wp-content\/uploads\/2024\/04\/A-neuropsicopedagoga-Andrea-Jamaica-Alves-Mesquita-contou-suas-experiencias-e-como-fazer-a-inclusao-de-alunos-com-transtornos-768x512.jpg 768w, https:\/\/piracicaba.sp.gov.br\/wp-content\/uploads\/2024\/04\/A-neuropsicopedagoga-Andrea-Jamaica-Alves-Mesquita-contou-suas-experiencias-e-como-fazer-a-inclusao-de-alunos-com-transtornos.jpg 1280w\" sizes=\"auto, (max-width: 1024px) 100vw, 1024px\"\/><figcaption class=\"wp-element-caption\"><strong>A neuropsicopedagoga, Andr\u00e9a Jamaica Alves Mesquita, contou suas experi\u00eancias e como fazer a inclus\u00e3o de alunos com transtornos<\/strong><\/figcaption><\/figure>\n<p>A diretora do Numape, Vanessa Souto, enfatizou a import\u00e2ncia das discuss\u00f5es e conscientiza\u00e7\u00e3o sobre o Transtorno do Espectro Autista (TEA). \u201cAs palestras e forma\u00e7\u00f5es n\u00e3o apenas fornecem informa\u00e7\u00f5es sobre o TEA, mas tamb\u00e9m capacitam os professores a entender e identificar as dificuldades dos alunos em sala de aula. Ao aumentar a conscientiza\u00e7\u00e3o e o conhecimento sobre o transtorno, estamos capacitando nossos educadores a oferecer um ambiente de aprendizado mais inclusivo, onde cada aluno possa alcan\u00e7ar seu potencial m\u00e1ximo.\u201d<\/p>\n<figure class=\"wp-block-image size-large\"><img data-recalc-dims=\"1\" loading=\"lazy\" decoding=\"async\" width=\"696\" height=\"464\" src=\"https:\/\/i0.wp.com\/piracicaba.sp.gov.br\/wp-content\/uploads\/2024\/04\/A-diretora-do-NUMAPE-Vanessa-Souto-falou-da-importancia-das-discussoes-sobre-o-TEA-1024x682.jpg?resize=696%2C464&#038;ssl=1\" alt=\"\" class=\"wp-image-77749\" srcset=\"https:\/\/piracicaba.sp.gov.br\/wp-content\/uploads\/2024\/04\/A-diretora-do-NUMAPE-Vanessa-Souto-falou-da-importancia-das-discussoes-sobre-o-TEA-1024x682.jpg 1024w, https:\/\/piracicaba.sp.gov.br\/wp-content\/uploads\/2024\/04\/A-diretora-do-NUMAPE-Vanessa-Souto-falou-da-importancia-das-discussoes-sobre-o-TEA-300x200.jpg 300w, https:\/\/piracicaba.sp.gov.br\/wp-content\/uploads\/2024\/04\/A-diretora-do-NUMAPE-Vanessa-Souto-falou-da-importancia-das-discussoes-sobre-o-TEA-768x512.jpg 768w, https:\/\/piracicaba.sp.gov.br\/wp-content\/uploads\/2024\/04\/A-diretora-do-NUMAPE-Vanessa-Souto-falou-da-importancia-das-discussoes-sobre-o-TEA.jpg 1280w\" sizes=\"auto, (max-width: 1024px) 100vw, 1024px\"\/><figcaption class=\"wp-element-caption\"><strong>A diretora do NUMAPE, Vanessa Souto, falou da import\u00e2ncia das discuss\u00f5es sobre o TEA<\/strong><\/figcaption><\/figure>\n<\/div>\n<p><br \/>\n<br \/><a href=\"https:\/\/piracicaba.sp.gov.br\/noticias\/educacao-realiza-evento-sobre-inclusao-de-alunos-com-tea-no-ambiente-escolar\/\" rel=\"noopener\">Informa\u00e7\u00f5es PMP <\/a><\/p>\n","protected":false},"excerpt":{"rendered":"<p>Na tarde de ontem, 23\/04, o Anfiteatro da Secretaria Municipal de Educa\u00e7\u00e3o foi palco de um evento que integra as a\u00e7\u00f5es do M\u00eas de Conscientiza\u00e7\u00e3o sobre o Autismo. Diretores, coordenadores e professores do Numape (N\u00facleo Municipal de Apoio Pedag\u00f3gico a Educa\u00e7\u00e3o Especial) se reuniram para um momento de aprendizagem sobre o atendimento ao aluno com [&hellip;]<\/p>\n","protected":false},"author":1,"featured_media":2658,"comment_status":"open","ping_status":"open","sticky":false,"template":"","format":"standard","meta":{"_jetpack_newsletter_access":"","_jetpack_dont_email_post_to_subs":false,"_jetpack_newsletter_tier_id":0,"_jetpack_memberships_contains_paywalled_content":false,"_mbp_banners":[],"_jetpack_feature_clip_id":0,"_jetpack_memberships_contains_paid_content":false,"footnotes":"","jetpack_publicize_message":"","jetpack_publicize_feature_enabled":true,"jetpack_social_post_already_shared":true,"jetpack_social_options":{"image_generator_settings":{"template":"highway","default_image_id":0,"font":"","enabled":false},"version":2},"jetpack_post_was_ever_published":false},"categories":[20],"tags":[],"class_list":["post-2657","post","type-post","status-publish","format-standard","has-post-thumbnail","category-regiao"],"jetpack_publicize_connections":[],"jetpack-related-posts":[],"jetpack_shortlink":"https:\/\/wp.me\/p7Eq1F-GR","jetpack_sharing_enabled":true,"jetpack_featured_media_url":"https:\/\/i0.wp.com\/guialimeira.com.br\/news\/wp-content\/uploads\/2024\/04\/Evento-aconteceu-no-Anfiteatro-da-Secretaria-Municipal-de-Educacao-e-contou-com-diretores-coordenadores-e-professores-da-Rede-Municipal-de-Educacao-1024x682.jpg?fit=1024%2C682&ssl=1","_links":{"self":[{"href":"https:\/\/guialimeira.com.br\/news\/wp-json\/wp\/v2\/posts\/2657","targetHints":{"allow":["GET"]}}],"collection":[{"href":"https:\/\/guialimeira.com.br\/news\/wp-json\/wp\/v2\/posts"}],"about":[{"href":"https:\/\/guialimeira.com.br\/news\/wp-json\/wp\/v2\/types\/post"}],"author":[{"embeddable":true,"href":"https:\/\/guialimeira.com.br\/news\/wp-json\/wp\/v2\/users\/1"}],"replies":[{"embeddable":true,"href":"https:\/\/guialimeira.com.br\/news\/wp-json\/wp\/v2\/comments?post=2657"}],"version-history":[{"count":0,"href":"https:\/\/guialimeira.com.br\/news\/wp-json\/wp\/v2\/posts\/2657\/revisions"}],"wp:featuredmedia":[{"embeddable":true,"href":"https:\/\/guialimeira.com.br\/news\/wp-json\/wp\/v2\/media\/2658"}],"wp:attachment":[{"href":"https:\/\/guialimeira.com.br\/news\/wp-json\/wp\/v2\/media?parent=2657"}],"wp:term":[{"taxonomy":"category","embeddable":true,"href":"https:\/\/guialimeira.com.br\/news\/wp-json\/wp\/v2\/categories?post=2657"},{"taxonomy":"post_tag","embeddable":true,"href":"https:\/\/guialimeira.com.br\/news\/wp-json\/wp\/v2\/tags?post=2657"}],"curies":[{"name":"wp","href":"https:\/\/api.w.org\/{rel}","templated":true}]}}