{"id":26566,"date":"2025-03-13T05:08:23","date_gmt":"2025-03-13T08:08:23","guid":{"rendered":"https:\/\/guialimeira.com.br\/?p=26566"},"modified":"2025-03-13T05:08:26","modified_gmt":"2025-03-13T08:08:26","slug":"vereador-costa-junior-solicita-informacoes-sobre-academias-adaptadas-para-pessoas-com-deficiencia-em-limeira","status":"publish","type":"post","link":"https:\/\/guialimeira.com.br\/news\/vereador-costa-junior-solicita-informacoes-sobre-academias-adaptadas-para-pessoas-com-deficiencia-em-limeira\/","title":{"rendered":"Vereador Costa J\u00fanior solicita informa\u00e7\u00f5es sobre academias adaptadas para pessoas com defici\u00eancia em Limeira"},"content":{"rendered":"\n<p class=\"wp-block-paragraph\">O vereador <strong>Costa J\u00fanior (Podemos)<\/strong> apresentou um requerimento \u00e0 Prefeitura de Limeira solicitando informa\u00e7\u00f5es sobre a possibilidade de implanta\u00e7\u00e3o de <strong>academias acess\u00edveis e adaptadas para pessoas com defici\u00eancia<\/strong> no munic\u00edpio. O objetivo da proposta \u00e9 promover a inclus\u00e3o social e oferecer melhores condi\u00e7\u00f5es para a pr\u00e1tica de atividades f\u00edsicas a esse p\u00fablico.<\/p>\n\n\n\n<h2 class=\"wp-block-heading\"><strong>Principais questionamentos do requerimento<\/strong><\/h2>\n\n\n\n<p class=\"wp-block-paragraph\">O parlamentar solicita ao Poder Executivo respostas sobre os seguintes pontos:<\/p>\n\n\n\n<p class=\"wp-block-paragraph\">\ud83d\udccc <strong>H\u00e1 planos para a instala\u00e7\u00e3o de academias acess\u00edveis em Limeira?<\/strong><\/p>\n\n\n\n<p class=\"wp-block-paragraph\">\ud83d\udccc <strong>Caso haja previs\u00e3o, qual o prazo para a implanta\u00e7\u00e3o?<\/strong><\/p>\n\n\n\n<p class=\"wp-block-paragraph\">\ud83d\udccc <strong>Existe um plano para capacitar profissionais de educa\u00e7\u00e3o f\u00edsica e demais colaboradores para atender pessoas com defici\u00eancia nessas academias?<\/strong><\/p>\n\n\n\n<p class=\"wp-block-paragraph\">\ud83d\udccc <strong>O munic\u00edpio considera realizar parcerias p\u00fablico-privadas com academias que j\u00e1 possuam estrutura adaptada?<\/strong><\/p>\n\n\n\n<h2 class=\"wp-block-heading\"><strong>Import\u00e2ncia da acessibilidade no esporte<\/strong><\/h2>\n\n\n\n<p class=\"wp-block-paragraph\">A pr\u00e1tica regular de atividades f\u00edsicas \u00e9 essencial para a <strong>sa\u00fade f\u00edsica e mental<\/strong>, especialmente para pessoas com defici\u00eancia, que enfrentam desafios di\u00e1rios para encontrar espa\u00e7os adequados. A <strong>Lei Brasileira de Inclus\u00e3o (Lei n\u00ba 13.146\/2015)<\/strong> estabelece que \u00e9 dever do poder p\u00fablico garantir acessibilidade e igualdade de oportunidades.<\/p>\n\n\n\n<p class=\"wp-block-paragraph\">Entretanto, muitas cidades ainda n\u00e3o possuem <strong>infraestrutura adequada<\/strong> para atender esse p\u00fablico, tornando a inclus\u00e3o um desafio. O vereador destaca que <strong>academias adaptadas, com equipamentos espec\u00edficos e profissionais capacitados, podem contribuir significativamente para a qualidade de vida e autonomia dessas pessoas<\/strong>.<\/p>\n\n\n\n<h2 class=\"wp-block-heading\"><strong>Estudo para viabiliza\u00e7\u00e3o do projeto<\/strong><\/h2>\n\n\n\n<p class=\"wp-block-paragraph\">O requerimento busca a realiza\u00e7\u00e3o de um <strong>estudo t\u00e9cnico, financeiro e log\u00edstico<\/strong> para avaliar:<\/p>\n\n\n\n<p class=\"wp-block-paragraph\">\u2705 <strong>A necessidade de espa\u00e7os espec\u00edficos para academias adaptadas<\/strong><br>\u2705 <strong>Os recursos e custos envolvidos no projeto<\/strong><br>\u2705 <strong>A viabilidade de localiza\u00e7\u00e3o estrat\u00e9gica dessas academias na cidade<\/strong><\/p>\n\n\n\n<p class=\"wp-block-paragraph\">O vereador <strong>Costa J\u00fanior<\/strong> refor\u00e7a que esse \u00e9 um passo fundamental para garantir a inclus\u00e3o e oferecer \u00e0 popula\u00e7\u00e3o com defici\u00eancia o direito de praticar atividades f\u00edsicas de forma acess\u00edvel e segura.<\/p>\n\n\n\n<p class=\"wp-block-paragraph\">\ud83d\udcac <strong>O que voc\u00ea acha dessa iniciativa? Limeira precisa de academias adaptadas? Deixe sua opini\u00e3o nos coment\u00e1rios!<\/strong> \ud83c\udfcb\ufe0f\u200d\u2642\ufe0f\u267f<\/p>\n","protected":false},"excerpt":{"rendered":"<p>O vereador Costa J\u00fanior (Podemos) apresentou um requerimento \u00e0 Prefeitura de Limeira solicitando informa\u00e7\u00f5es sobre a possibilidade de implanta\u00e7\u00e3o de academias acess\u00edveis e adaptadas para pessoas com defici\u00eancia no munic\u00edpio. O objetivo da proposta \u00e9 promover a inclus\u00e3o social e oferecer melhores condi\u00e7\u00f5es para a pr\u00e1tica de atividades f\u00edsicas a esse p\u00fablico. Principais questionamentos do [&hellip;]<\/p>\n","protected":false},"author":1,"featured_media":26567,"comment_status":"open","ping_status":"open","sticky":false,"template":"","format":"standard","meta":{"_jetpack_newsletter_access":"","_jetpack_dont_email_post_to_subs":false,"_jetpack_newsletter_tier_id":0,"_jetpack_memberships_contains_paywalled_content":false,"_mbp_banners":[],"_jetpack_feature_clip_id":0,"_jetpack_memberships_contains_paid_content":false,"footnotes":"","jetpack_publicize_message":"","jetpack_publicize_feature_enabled":true,"jetpack_social_post_already_shared":true,"jetpack_social_options":{"image_generator_settings":{"template":"highway","default_image_id":0,"font":"","enabled":false},"version":2},"jetpack_post_was_ever_published":false},"categories":[19],"tags":[],"class_list":["post-26566","post","type-post","status-publish","format-standard","has-post-thumbnail","category-politica"],"jetpack_publicize_connections":[],"jetpack-related-posts":[],"jetpack_shortlink":"https:\/\/wp.me\/p7Eq1F-6Uu","jetpack_sharing_enabled":true,"jetpack_featured_media_url":"https:\/\/i0.wp.com\/guialimeira.com.br\/news\/wp-content\/uploads\/2025\/03\/academia-adaptada-alesp.jpeg?fit=2480%2C1653&ssl=1","_links":{"self":[{"href":"https:\/\/guialimeira.com.br\/news\/wp-json\/wp\/v2\/posts\/26566","targetHints":{"allow":["GET"]}}],"collection":[{"href":"https:\/\/guialimeira.com.br\/news\/wp-json\/wp\/v2\/posts"}],"about":[{"href":"https:\/\/guialimeira.com.br\/news\/wp-json\/wp\/v2\/types\/post"}],"author":[{"embeddable":true,"href":"https:\/\/guialimeira.com.br\/news\/wp-json\/wp\/v2\/users\/1"}],"replies":[{"embeddable":true,"href":"https:\/\/guialimeira.com.br\/news\/wp-json\/wp\/v2\/comments?post=26566"}],"version-history":[{"count":1,"href":"https:\/\/guialimeira.com.br\/news\/wp-json\/wp\/v2\/posts\/26566\/revisions"}],"predecessor-version":[{"id":26568,"href":"https:\/\/guialimeira.com.br\/news\/wp-json\/wp\/v2\/posts\/26566\/revisions\/26568"}],"wp:featuredmedia":[{"embeddable":true,"href":"https:\/\/guialimeira.com.br\/news\/wp-json\/wp\/v2\/media\/26567"}],"wp:attachment":[{"href":"https:\/\/guialimeira.com.br\/news\/wp-json\/wp\/v2\/media?parent=26566"}],"wp:term":[{"taxonomy":"category","embeddable":true,"href":"https:\/\/guialimeira.com.br\/news\/wp-json\/wp\/v2\/categories?post=26566"},{"taxonomy":"post_tag","embeddable":true,"href":"https:\/\/guialimeira.com.br\/news\/wp-json\/wp\/v2\/tags?post=26566"}],"curies":[{"name":"wp","href":"https:\/\/api.w.org\/{rel}","templated":true}]}}