{"id":26547,"date":"2025-03-12T21:09:53","date_gmt":"2025-03-13T00:09:53","guid":{"rendered":"https:\/\/guialimeira.com.br\/2025\/03\/12\/primeiro-lote-de-restituicao-do-ir-sera-pago-em-30-maio\/"},"modified":"2025-03-12T21:09:53","modified_gmt":"2025-03-13T00:09:53","slug":"primeiro-lote-de-restituicao-do-ir-sera-pago-em-30-maio","status":"publish","type":"post","link":"https:\/\/guialimeira.com.br\/news\/primeiro-lote-de-restituicao-do-ir-sera-pago-em-30-maio\/","title":{"rendered":"Primeiro lote de restitui\u00e7\u00e3o do IR ser\u00e1 pago em 30 maio"},"content":{"rendered":"<p> <br \/>\n<\/p>\n<div>\n<p><strong>Os contribuintes t\u00eam a partir da pr\u00f3xima segunda-feira (17) at\u00e9 o dia 30 de maio para entregar a Declara\u00e7\u00e3o do Imposto de Renda da Pessoa F\u00edsica<\/strong> (IRPF) de 2025.\u00a0<img data-recalc-dims=\"1\" decoding=\"async\" src=\"https:\/\/i0.wp.com\/agenciabrasil.ebc.com.br\/ebc.png?w=696&#038;ssl=1\" style=\"width:1px; height:1px; display:inline;\"\/><img data-recalc-dims=\"1\" decoding=\"async\" src=\"https:\/\/i0.wp.com\/agenciabrasil.ebc.com.br\/ebc.gif?w=696&#038;ssl=1\" style=\"width:1px; height:1px; display:inline;\"\/><\/p>\n<p>Al\u00e9m das regras para a declara\u00e7\u00e3o, a Receita Federal divulgou nesta quarta-feira (12) o calend\u00e1rio de pagamento das restitui\u00e7\u00f5es.\u00a0<\/p>\n<p><strong>O primeiro lote ser\u00e1 pago no dia 30 de maio. E o \u00faltimo ser\u00e1 em 30 de setembro<\/strong>.\u00a0<\/p>\n<h2>&gt;&gt; Confira as demais datas:\u00a0<\/h2>\n<ul>\n<li>\u2002\u2002<strong>\u2002\u2002\u2002Primeiro lote: 30 de maio;<\/strong><\/li>\n<li><strong>\u2002\u2002\u2002\u2002\u2002Segundo lote: 30 de junho;<\/strong><\/li>\n<li><strong>\u2002\u2002\u2002\u2002\u2002Terceiro lote: 31 de julho;<\/strong><\/li>\n<li><strong>\u2002\u2002\u2002\u2002\u2002Quarto lote: 29 de agosto;<\/strong><\/li>\n<li><strong>\u2002\u2002\u2002\u2002\u2002Quinto e \u00faltimo lote: 30 de setembro.<\/strong><\/li>\n<\/ul>\n<h2>Prioridade<\/h2>\n<p>Uma mudan\u00e7a neste ano \u00e9 a <strong>maior prioridade para quem simultaneamente utilizar\u00a0a declara\u00e7\u00e3o pr\u00e9-preenchida e optar\u00a0pelo recebimento da restitui\u00e7\u00e3o via Pix<\/strong>.\u00a0<\/p>\n<p>At\u00e9 o ano passado, a prioridade era definida apenas com base na utiliza\u00e7\u00e3o de uma das duas ferramentas.<\/p>\n<p>Ao considerar as prioridades determinadas por lei, <strong>o pagamento das restitui\u00e7\u00f5es seguir\u00e1 a seguinte ordem<\/strong>:<\/p>\n<ul>\n<li>\u2002\u2002\u2002\u2002\u2002<strong>idade igual ou superior a 80 anos;<\/strong><\/li>\n<li><strong>\u2002\u2002\u2002\u2002\u2002idade igual\/superior a 60 anos, pessoas com defici\u00eancia e pessoas com doen\u00e7a grave;<\/strong><\/li>\n<li><strong>\u2002\u2002\u2002\u2002\u2002pessoas cuja maior fonte de renda seja o magist\u00e9rio;<\/strong><\/li>\n<li><strong>\u2002\u2002\u2002\u2002\u2002utilizaram a pr\u00e9-preenchida e optaram por receber a restitui\u00e7\u00e3o por Pix;<\/strong><\/li>\n<li><strong>\u2002\u2002\u2002\u2002\u2002utilizaram a pr\u00e9-preenchida ou optaram por receber a restitui\u00e7\u00e3o por Pix;<\/strong><\/li>\n<li><strong>\u2002\u2002\u2002\u2002\u2002demais contribuintes.<\/strong><\/li>\n<\/ul>\n<p>\u00a0O Fisco espera receber 46,2 milh\u00f5es de declara\u00e7\u00f5es, quase 3 milh\u00f5es a mais que as 43.212.426 declara\u00e7\u00f5es entregues em 2024.<\/p>\n<h2>&gt;&gt; Assista na TV Brasil<\/h2>\n<p><span class=\"embed-youtube\" style=\"text-align:center; display: block;\"><iframe loading=\"lazy\" class=\"youtube-player\" width=\"696\" height=\"392\" src=\"https:\/\/www.youtube.com\/embed\/bkG5LflCMpQ?version=3&#038;rel=1&#038;showsearch=0&#038;showinfo=1&#038;iv_load_policy=1&#038;fs=1&#038;hl=pt-BR&#038;autohide=2&#038;wmode=transparent\" allowfullscreen=\"true\" style=\"border:0;\" sandbox=\"allow-scripts allow-same-origin allow-popups allow-presentation allow-popups-to-escape-sandbox\"><\/iframe><\/span><\/p>\n<p><em>* Com informa\u00e7\u00f5es de Wellton M\u00e1ximo<\/em><\/p>\n<p>      <!-- Relacionada --><\/p>\n<p>            <!-- Relacionada -->\n    <\/div>\n<p><br \/>\n<br \/><a href=\"https:\/\/agenciabrasil.ebc.com.br\/economia\/noticia\/2025-03\/primeiro-lote-de-restituicao-do-ir-sera-pago-em-30-maio\" rel=\"noopener\">Ag\u00eancia Brasil<\/a><\/p>\n","protected":false},"excerpt":{"rendered":"<p>Os contribuintes t\u00eam a partir da pr\u00f3xima segunda-feira (17) at\u00e9 o dia 30 de maio para entregar a Declara\u00e7\u00e3o do Imposto de Renda da Pessoa F\u00edsica (IRPF) de 2025.\u00a0 Al\u00e9m das regras para a declara\u00e7\u00e3o, a Receita Federal divulgou nesta quarta-feira (12) o calend\u00e1rio de pagamento das restitui\u00e7\u00f5es.\u00a0 O primeiro lote ser\u00e1 pago no dia [&hellip;]<\/p>\n","protected":false},"author":1,"featured_media":3171,"comment_status":"open","ping_status":"open","sticky":false,"template":"","format":"standard","meta":{"_jetpack_newsletter_access":"","_jetpack_dont_email_post_to_subs":false,"_jetpack_newsletter_tier_id":0,"_jetpack_memberships_contains_paywalled_content":false,"_mbp_banners":[],"_jetpack_feature_clip_id":0,"_jetpack_memberships_contains_paid_content":false,"footnotes":"","jetpack_publicize_message":"","jetpack_publicize_feature_enabled":true,"jetpack_social_post_already_shared":true,"jetpack_social_options":{"image_generator_settings":{"template":"highway","default_image_id":0,"font":"","enabled":false},"version":2},"jetpack_post_was_ever_published":false},"categories":[24],"tags":[],"class_list":["post-26547","post","type-post","status-publish","format-standard","has-post-thumbnail","category-economia"],"jetpack_publicize_connections":[],"jetpack-related-posts":[],"jetpack_shortlink":"https:\/\/wp.me\/p7Eq1F-6Ub","jetpack_sharing_enabled":true,"jetpack_featured_media_url":"https:\/\/i0.wp.com\/guialimeira.com.br\/news\/wp-content\/uploads\/2024\/04\/economia_1609210423_0.jpg?fit=1600%2C800&ssl=1","_links":{"self":[{"href":"https:\/\/guialimeira.com.br\/news\/wp-json\/wp\/v2\/posts\/26547","targetHints":{"allow":["GET"]}}],"collection":[{"href":"https:\/\/guialimeira.com.br\/news\/wp-json\/wp\/v2\/posts"}],"about":[{"href":"https:\/\/guialimeira.com.br\/news\/wp-json\/wp\/v2\/types\/post"}],"author":[{"embeddable":true,"href":"https:\/\/guialimeira.com.br\/news\/wp-json\/wp\/v2\/users\/1"}],"replies":[{"embeddable":true,"href":"https:\/\/guialimeira.com.br\/news\/wp-json\/wp\/v2\/comments?post=26547"}],"version-history":[{"count":0,"href":"https:\/\/guialimeira.com.br\/news\/wp-json\/wp\/v2\/posts\/26547\/revisions"}],"wp:featuredmedia":[{"embeddable":true,"href":"https:\/\/guialimeira.com.br\/news\/wp-json\/wp\/v2\/media\/3171"}],"wp:attachment":[{"href":"https:\/\/guialimeira.com.br\/news\/wp-json\/wp\/v2\/media?parent=26547"}],"wp:term":[{"taxonomy":"category","embeddable":true,"href":"https:\/\/guialimeira.com.br\/news\/wp-json\/wp\/v2\/categories?post=26547"},{"taxonomy":"post_tag","embeddable":true,"href":"https:\/\/guialimeira.com.br\/news\/wp-json\/wp\/v2\/tags?post=26547"}],"curies":[{"name":"wp","href":"https:\/\/api.w.org\/{rel}","templated":true}]}}