{"id":26538,"date":"2025-03-12T20:11:50","date_gmt":"2025-03-12T23:11:50","guid":{"rendered":"https:\/\/guialimeira.com.br\/?p=26538"},"modified":"2025-03-12T20:11:50","modified_gmt":"2025-03-12T23:11:50","slug":"funcionamento-das-redes-de-apoio-as-mulheres-vitimas-de-violencia-e-apresentado-na-camara","status":"publish","type":"post","link":"https:\/\/guialimeira.com.br\/news\/funcionamento-das-redes-de-apoio-as-mulheres-vitimas-de-violencia-e-apresentado-na-camara\/","title":{"rendered":"Funcionamento das redes de apoio \u00e0s mulheres v\u00edtimas de viol\u00eancia \u00e9 apresentado na C\u00e2mara"},"content":{"rendered":"\n<figure class=\"wp-block-gallery has-nested-images columns-default is-cropped wp-block-gallery-1 is-layout-flex wp-block-gallery-is-layout-flex\"><\/figure>\n \r\n<br><img data-recalc-dims=\"1\" decoding=\"async\" src=\"https:\/\/i0.wp.com\/guialimeira.com.br\/wp-content\/uploads\/2025\/03\/2025-03-12_funcionamento-das-redes-de-apoio-as-mulheres-vitimas-de-violencia-e-apresentado-na-camara.jpeg?w=696&#038;ssl=1\" \/><br><div>\n\t\t\t\t\t<p>Conhecer o funcionamento das redes de apoio \u00e0s mulheres v\u00edtimas de viol\u00eancia, esse foi o objetivo da reuni\u00e3o da Comiss\u00e3o de Assuntos Relevantes (CAR) que estuda a regulamenta\u00e7\u00e3o e o cumprimento de legisla\u00e7\u00e3o municipal referente \u00e0 prote\u00e7\u00e3o dos direitos das mulheres, nesta quarta-feira, 12 de mar\u00e7o.<\/p><p>Participaram da reuni\u00e3o, al\u00e9m das membras da Comiss\u00e3o, vereadoras Mariana Calsa (MDB), Lu Bogo (PL), Tatiane Lopes (Avante), Mara Isa Mattos Silveira (PL) e Isabelly Carvalho (PT); a presidente do Conselho Municipal da Condi\u00e7\u00e3o Feminina de Limeira, coordenadora da Casa da Mulher V\u00edtima de Viol\u00eancia e da Rede Elza Tank, a assistente social do Centro de Promo\u00e7\u00e3o Social Municipal Marina Elisabete de Alencar.\u00a0<\/p><p>Marina explicou o funcionamento da Rede Elza Tank e disse que todos os servi\u00e7os municipais podem ser a porta de entrada da mulher v\u00edtima de viol\u00eancia para a Rede. Segundo ela, a mulher pode fazer a den\u00fancia procurando uma unidade b\u00e1sica de sa\u00fade, uma escola municipal, o servi\u00e7o 156, o Centro de Refer\u00eancia e Assist\u00eancia Social (Cras) ou qualquer outro servi\u00e7o.<\/p><p>Ela pontuou que o boletim de ocorr\u00eancia \u00e9 o passo inicial para que a mulher v\u00edtima de viol\u00eancia tenha acesso aos servi\u00e7os oferecidos pela Rede, mas que depende da vontade desta mulher a decis\u00e3o pelo registro do documento. A partir da\u00ed, explicou, a Rede oferece uma s\u00e9rie de servi\u00e7os de amparo, tais como a acolhida na Casa da Mulher V\u00edtima de Viol\u00eancia, aluguel social, estabelecimento de medidas protetivas, bot\u00e3o do p\u00e2nico, ou outros atendimentos que ela precise.<\/p><p>Por outro lado, para os casos de mulheres que n\u00e3o querem registrar boletim de ocorr\u00eancia, tamb\u00e9m \u00e9 poss\u00edvel obter ajuda, alertou Marina. Essas mulheres s\u00e3o orientadas a procurar o Centro de Refer\u00eancia Especializado em Assist\u00eancia Social (Creas), que poder\u00e1 ajud\u00e1-la a se fortalecer e tra\u00e7ar estrat\u00e9gias para cessar a viol\u00eancia.<\/p><p>\u201c\u00c9 importante destacar que a mulher n\u00e3o \u00e9 culpada pela viol\u00eancia e nem deve ter vergonha por sofrer viol\u00eancia. A culpa \u00e9 do agressor, e tendo isso em mente, ela pode ter a coragem de falar com outras pessoas sobre o que est\u00e1 sofrendo e assim conseguir ajuda\u201d, pontuou Marina.<\/p><p>Alguns dados sobre a cidade de Limeira foram apresentados pela coordenadora. Segundo ela, mais de 500 v\u00edtimas de viol\u00eancia dom\u00e9stica est\u00e3o sendo acompanhadas pela Patrulha Maria da Penha e h\u00e1 atualmente mais de 780 processos de medidas protetivas em vig\u00eancia na cidade. S\u00f3 em 2025 foram registrados 102.<\/p><p>A presidente da Comiss\u00e3o, Mariana Calsa, explicou que o objetivo do colegiado n\u00e3o \u00e9 criar novas leis, mas entender a situa\u00e7\u00e3o atual do munic\u00edpio, a aplicabilidade da legisla\u00e7\u00e3o j\u00e1 aprovada sobre o tema, e o funcionamento das redes de apoio, para melhor\u00e1-las, e pensar em comunica\u00e7\u00f5es efetivas para que essas informa\u00e7\u00f5es cheguem a todas.<\/p><p><strong>Delibera\u00e7\u00f5es<\/strong><\/p><p>A Comiss\u00e3o deliberou pelo convite a mulheres v\u00edtimas de viol\u00eancia, representantes de coletivos femininos e de igrejas para participar da pr\u00f3xima reuni\u00e3o do colegiado no dia 2 de abril, \u00e0s 17h, no Plen\u00e1rio Vereador Vit\u00f3rio Bortolan, na rua Clarino Peixoto, 280 &#8211; Jardim Maria Buchi Modeneis.<\/p><p><strong>A Comiss\u00e3o<\/strong><\/p><p>A Comiss\u00e3o de Assuntos Relevantes foi criada por meio da <a href=\"https:\/\/legislacao.limeira.sp.leg.br\/limeira-SP\/Resolucoes\/891\" rel=\"noopener\">Resolu\u00e7\u00e3o N\u00ba 891\/2025<\/a>, visando assegurar a efetividade das leis e a\u00e7\u00f5es voltadas \u00e0 prote\u00e7\u00e3o dos direitos das mulheres e possibilitar o amparo legal e a promo\u00e7\u00e3o de campanhas que visem a redu\u00e7\u00e3o da viol\u00eancia de g\u00eanero na cidade.<\/p><p>O colegiado tem o prazo de funcionamento de 90 dias, prorrog\u00e1veis por igual per\u00edodo, e \u00e9 composto pelas vereadoras Mariana Calsa (MDB), Lu Bogo (PL), Tatiane Lopes (Avante), Mara Isa Mattos Silveira (PL) e Isabelly Carvalho (PT).<\/p>\t\t\t\t<\/div>\r\n<br>\r\n<br><a href=\"https:\/\/www.limeira.sp.leg.br\/noticias\/view\/2025-03-12_funcionamento-das-redes-de-apoio-as-mulheres-vitimas-de-violencia-e-apresentado-na-camara\" rel=\"noopener\">Informa\u00e7\u00f5es CML <\/a>","protected":false},"excerpt":{"rendered":"<p>Conhecer o funcionamento das redes de apoio \u00e0s mulheres v\u00edtimas de viol\u00eancia, esse foi o objetivo da reuni\u00e3o da Comiss\u00e3o de Assuntos Relevantes (CAR) que estuda a regulamenta\u00e7\u00e3o e o cumprimento de legisla\u00e7\u00e3o municipal referente \u00e0 prote\u00e7\u00e3o dos direitos das mulheres, nesta quarta-feira, 12 de mar\u00e7o. Participaram da reuni\u00e3o, al\u00e9m das membras da Comiss\u00e3o, vereadoras [&hellip;]<\/p>\n","protected":false},"author":1,"featured_media":26539,"comment_status":"open","ping_status":"open","sticky":false,"template":"","format":"standard","meta":{"_jetpack_newsletter_access":"","_jetpack_dont_email_post_to_subs":false,"_jetpack_newsletter_tier_id":0,"_jetpack_memberships_contains_paywalled_content":false,"_mbp_banners":[],"_jetpack_feature_clip_id":0,"_jetpack_memberships_contains_paid_content":false,"footnotes":"","jetpack_publicize_message":"","jetpack_publicize_feature_enabled":true,"jetpack_social_post_already_shared":true,"jetpack_social_options":{"image_generator_settings":{"template":"highway","default_image_id":0,"font":"","enabled":false},"version":2},"jetpack_post_was_ever_published":false},"categories":[19],"tags":[],"class_list":["post-26538","post","type-post","status-publish","format-standard","has-post-thumbnail","category-politica"],"jetpack_publicize_connections":[],"jetpack-related-posts":[],"jetpack_shortlink":"https:\/\/wp.me\/p7Eq1F-6U2","jetpack_sharing_enabled":true,"jetpack_featured_media_url":"https:\/\/i0.wp.com\/guialimeira.com.br\/news\/wp-content\/uploads\/2025\/03\/Funcionamento-das-redes-de-apoio-as-mulheres-vitimas-de-violencia.jpeg?fit=1280%2C640&ssl=1","_links":{"self":[{"href":"https:\/\/guialimeira.com.br\/news\/wp-json\/wp\/v2\/posts\/26538","targetHints":{"allow":["GET"]}}],"collection":[{"href":"https:\/\/guialimeira.com.br\/news\/wp-json\/wp\/v2\/posts"}],"about":[{"href":"https:\/\/guialimeira.com.br\/news\/wp-json\/wp\/v2\/types\/post"}],"author":[{"embeddable":true,"href":"https:\/\/guialimeira.com.br\/news\/wp-json\/wp\/v2\/users\/1"}],"replies":[{"embeddable":true,"href":"https:\/\/guialimeira.com.br\/news\/wp-json\/wp\/v2\/comments?post=26538"}],"version-history":[{"count":1,"href":"https:\/\/guialimeira.com.br\/news\/wp-json\/wp\/v2\/posts\/26538\/revisions"}],"predecessor-version":[{"id":26540,"href":"https:\/\/guialimeira.com.br\/news\/wp-json\/wp\/v2\/posts\/26538\/revisions\/26540"}],"wp:featuredmedia":[{"embeddable":true,"href":"https:\/\/guialimeira.com.br\/news\/wp-json\/wp\/v2\/media\/26539"}],"wp:attachment":[{"href":"https:\/\/guialimeira.com.br\/news\/wp-json\/wp\/v2\/media?parent=26538"}],"wp:term":[{"taxonomy":"category","embeddable":true,"href":"https:\/\/guialimeira.com.br\/news\/wp-json\/wp\/v2\/categories?post=26538"},{"taxonomy":"post_tag","embeddable":true,"href":"https:\/\/guialimeira.com.br\/news\/wp-json\/wp\/v2\/tags?post=26538"}],"curies":[{"name":"wp","href":"https:\/\/api.w.org\/{rel}","templated":true}]}}