{"id":26536,"date":"2025-03-12T20:08:52","date_gmt":"2025-03-12T23:08:52","guid":{"rendered":"https:\/\/guialimeira.com.br\/2025\/03\/12\/veja-cronograma-da-declaracao-do-imposto-de-renda-2025\/"},"modified":"2025-03-12T20:08:52","modified_gmt":"2025-03-12T23:08:52","slug":"veja-cronograma-da-declaracao-do-imposto-de-renda-2025","status":"publish","type":"post","link":"https:\/\/guialimeira.com.br\/news\/veja-cronograma-da-declaracao-do-imposto-de-renda-2025\/","title":{"rendered":"Veja cronograma da declara\u00e7\u00e3o do Imposto de Renda 2025"},"content":{"rendered":"<p> <br \/>\n<\/p>\n<div>\n<p>A Receita Federal divulgou nesta quarta-feira (12) <a href=\"https:\/\/agenciabrasil.ebc.com.br\/economia\/noticia\/2025-03\/confira-regras-do-irpf-2025-prazo-para-declaracao-comeca-na-segunda\" target=\"_blank\" rel=\"noopener\">as regras para a\u00a0Declara\u00e7\u00e3o do Imposto de Renda Pessoa F\u00edsica (IRPF) em 2025<\/a>.<img data-recalc-dims=\"1\" decoding=\"async\" src=\"https:\/\/i0.wp.com\/agenciabrasil.ebc.com.br\/ebc.png?w=696&#038;ssl=1\" style=\"width:1px; height:1px; display:inline;\"\/><img data-recalc-dims=\"1\" decoding=\"async\" src=\"https:\/\/i0.wp.com\/agenciabrasil.ebc.com.br\/ebc.gif?w=696&#038;ssl=1\" style=\"width:1px; height:1px; display:inline;\"\/><\/p>\n<p>Este ano, o<strong> prazo de entrega da declara\u00e7\u00e3o come\u00e7a na pr\u00f3xima segunda-feira (17), \u00e0s 8h, e termina em 30 de maio, \u00e0s 23h59min59s<\/strong>.<\/p>\n<p>O <strong>programa gerador da declara\u00e7\u00e3o para preenchimento ser\u00e1 liberado a partir de amanh\u00e3 (13)<\/strong>.\u00a0<\/p>\n<p>O Fisco espera receber 46,2 milh\u00f5es de declara\u00e7\u00f5es, quase 3 milh\u00f5es a mais que as 43.212.426 declara\u00e7\u00f5es entregues em 2024.<\/p>\n<h2>&gt;&gt; Confira\u00a0abaixo datas do cronograma:\u00a0<\/h2>\n<ul>\n<li>\n<p><strong>\u2002\u2002\u2002\u2002\u200213 de mar\u00e7o: libera\u00e7\u00e3o do programa gerador da declara\u00e7\u00e3o para preenchimento;<\/strong><\/p>\n<\/li>\n<li>\n<p><strong>\u2002\u2002\u2002\u2002\u200217 de mar\u00e7o: in\u00edcio das transmiss\u00f5es pelo programa gerador;<\/strong><\/p>\n<\/li>\n<li>\n<p><strong>\u2002\u2002\u2002\u2002\u20021\u00ba de abril: libera\u00e7\u00e3o do programa de preenchimento e entrega on-line e por dispositivos m\u00f3veis pelo aplicativo Meu Imposto de Renda;<\/strong><\/p>\n<\/li>\n<li>\n<p><strong>\u2002\u2002\u2002\u2002\u20021\u00ba de abril: libera\u00e7\u00e3o da declara\u00e7\u00e3o pr\u00e9-preenchida.<\/strong><\/p>\n<\/li>\n<\/ul>\n<p>\u00a0<\/p>\n<h2>&gt;&gt; Veja na TV Brasil<\/h2>\n<p><span class=\"embed-youtube\" style=\"text-align:center; display: block;\"><iframe loading=\"lazy\" class=\"youtube-player\" width=\"696\" height=\"392\" src=\"https:\/\/www.youtube.com\/embed\/bkG5LflCMpQ?version=3&#038;rel=1&#038;showsearch=0&#038;showinfo=1&#038;iv_load_policy=1&#038;fs=1&#038;hl=pt-BR&#038;autohide=2&#038;wmode=transparent\" allowfullscreen=\"true\" style=\"border:0;\" sandbox=\"allow-scripts allow-same-origin allow-popups allow-presentation allow-popups-to-escape-sandbox\"><\/iframe><\/span><\/p>\n<p><em>* Com informa\u00e7\u00f5es de Wellton M\u00e1ximo<\/em><\/p>\n<p>      <!-- Relacionada --><\/p>\n<p>            <!-- Relacionada -->\n    <\/div>\n<p><br \/>\n<br \/><a href=\"https:\/\/agenciabrasil.ebc.com.br\/economia\/noticia\/2025-03\/veja-cronograma-da-declaracao-do-imposto-de-renda-2025\" rel=\"noopener\">Ag\u00eancia Brasil<\/a><\/p>\n","protected":false},"excerpt":{"rendered":"<p>A Receita Federal divulgou nesta quarta-feira (12) as regras para a\u00a0Declara\u00e7\u00e3o do Imposto de Renda Pessoa F\u00edsica (IRPF) em 2025. Este ano, o prazo de entrega da declara\u00e7\u00e3o come\u00e7a na pr\u00f3xima segunda-feira (17), \u00e0s 8h, e termina em 30 de maio, \u00e0s 23h59min59s. O programa gerador da declara\u00e7\u00e3o para preenchimento ser\u00e1 liberado a partir de [&hellip;]<\/p>\n","protected":false},"author":1,"featured_media":14907,"comment_status":"open","ping_status":"open","sticky":false,"template":"","format":"standard","meta":{"_jetpack_newsletter_access":"","_jetpack_dont_email_post_to_subs":false,"_jetpack_newsletter_tier_id":0,"_jetpack_memberships_contains_paywalled_content":false,"_mbp_banners":[],"_jetpack_feature_clip_id":0,"_jetpack_memberships_contains_paid_content":false,"footnotes":"","jetpack_publicize_message":"","jetpack_publicize_feature_enabled":true,"jetpack_social_post_already_shared":true,"jetpack_social_options":{"image_generator_settings":{"template":"highway","default_image_id":0,"font":"","enabled":false},"version":2},"jetpack_post_was_ever_published":false},"categories":[24],"tags":[],"class_list":["post-26536","post","type-post","status-publish","format-standard","has-post-thumbnail","category-economia"],"jetpack_publicize_connections":[],"jetpack-related-posts":[],"jetpack_shortlink":"https:\/\/wp.me\/p7Eq1F-6U0","jetpack_sharing_enabled":true,"jetpack_featured_media_url":"https:\/\/i0.wp.com\/guialimeira.com.br\/news\/wp-content\/uploads\/2024\/09\/ja_8370.jpg?fit=1600%2C800&ssl=1","_links":{"self":[{"href":"https:\/\/guialimeira.com.br\/news\/wp-json\/wp\/v2\/posts\/26536","targetHints":{"allow":["GET"]}}],"collection":[{"href":"https:\/\/guialimeira.com.br\/news\/wp-json\/wp\/v2\/posts"}],"about":[{"href":"https:\/\/guialimeira.com.br\/news\/wp-json\/wp\/v2\/types\/post"}],"author":[{"embeddable":true,"href":"https:\/\/guialimeira.com.br\/news\/wp-json\/wp\/v2\/users\/1"}],"replies":[{"embeddable":true,"href":"https:\/\/guialimeira.com.br\/news\/wp-json\/wp\/v2\/comments?post=26536"}],"version-history":[{"count":0,"href":"https:\/\/guialimeira.com.br\/news\/wp-json\/wp\/v2\/posts\/26536\/revisions"}],"wp:featuredmedia":[{"embeddable":true,"href":"https:\/\/guialimeira.com.br\/news\/wp-json\/wp\/v2\/media\/14907"}],"wp:attachment":[{"href":"https:\/\/guialimeira.com.br\/news\/wp-json\/wp\/v2\/media?parent=26536"}],"wp:term":[{"taxonomy":"category","embeddable":true,"href":"https:\/\/guialimeira.com.br\/news\/wp-json\/wp\/v2\/categories?post=26536"},{"taxonomy":"post_tag","embeddable":true,"href":"https:\/\/guialimeira.com.br\/news\/wp-json\/wp\/v2\/tags?post=26536"}],"curies":[{"name":"wp","href":"https:\/\/api.w.org\/{rel}","templated":true}]}}