{"id":26522,"date":"2025-03-12T18:42:51","date_gmt":"2025-03-12T21:42:51","guid":{"rendered":"https:\/\/guialimeira.com.br\/?p=26522"},"modified":"2025-03-12T18:42:51","modified_gmt":"2025-03-12T21:42:51","slug":"alcolumbre-ve-avanco-para-exploracao-de-petroleo-na-foz-do-amazonas","status":"publish","type":"post","link":"https:\/\/guialimeira.com.br\/news\/alcolumbre-ve-avanco-para-exploracao-de-petroleo-na-foz-do-amazonas\/","title":{"rendered":"Alcolumbre v\u00ea avan\u00e7o para explora\u00e7\u00e3o de petr\u00f3leo na Foz do Amazonas"},"content":{"rendered":"\n<figure class=\"wp-block-gallery has-nested-images columns-default is-cropped wp-block-gallery-1 is-layout-flex wp-block-gallery-is-layout-flex\">\n<figure class=\"wp-block-image size-large\"><\/figure>\n\t\t\t\t\t\n<figure class=\"wp-block-image size-large\"><img loading=\"lazy\" decoding=\"async\" width=\"1\" height=\"1\" data-attachment-id=\"26521\" data-permalink=\"https:\/\/guialimeira.com.br\/news\/alcolumbre-ve-avanco-para-exploracao-de-petroleo-na-foz-do-2\/\" data-orig-file=\"https:\/\/i0.wp.com\/guialimeira.com.br\/news\/wp-content\/uploads\/2025\/03\/1741815769_302_ebc.gif?fit=1%2C1&amp;ssl=1\" data-orig-size=\"1,1\" data-comments-opened=\"1\" data-image-meta=\"{&quot;aperture&quot;:&quot;0&quot;,&quot;credit&quot;:&quot;&quot;,&quot;camera&quot;:&quot;&quot;,&quot;caption&quot;:&quot;&quot;,&quot;created_timestamp&quot;:&quot;0&quot;,&quot;copyright&quot;:&quot;&quot;,&quot;focal_length&quot;:&quot;0&quot;,&quot;iso&quot;:&quot;0&quot;,&quot;shutter_speed&quot;:&quot;0&quot;,&quot;title&quot;:&quot;&quot;,&quot;orientation&quot;:&quot;0&quot;}\" data-image-title=\"Alcolumbre v\u00ea avan\u00e7o para explora\u00e7\u00e3o de petr\u00f3leo na Foz do\" data-image-description=\"\" data-image-caption=\"\" data-large-file=\"https:\/\/i0.wp.com\/guialimeira.com.br\/news\/wp-content\/uploads\/2025\/03\/1741815769_302_ebc.gif?fit=1%2C1&amp;ssl=1\" data-id=\"26521\" src=\"https:\/\/i0.wp.com\/guialimeira.com.br\/wp-content\/uploads\/2025\/03\/1741815769_302_ebc.gif?resize=1%2C1&amp;ssl=1\" alt=\"\" class=\"wp-image-26521\" \/><\/figure>\n\t\t\t\t\t<\/figure>\n \r\n<br><div>\n                    <p>O presidente do Senado, Davi Alcolumbre (Uni\u00e3o\/AP), comemorou nesta ter\u00e7a-feira (11) <strong>a autoriza\u00e7\u00e3o do Instituto Brasileiro do Meio Ambiente e dos Recursos Naturais Renov\u00e1veis (Ibama) para que a Petrobras realize a limpeza de uma sonda<\/strong> que pode ser usada na explora\u00e7\u00e3o de petr\u00f3leo em bloco da Margem Equatorial, regi\u00e3o mar\u00edtima do estado do Amap\u00e1 a 550 quil\u00f4metros da Foz do Rio Amazonas.<img data-recalc-dims=\"1\" decoding=\"async\" src=\"https:\/\/i0.wp.com\/guialimeira.com.br\/wp-content\/uploads\/2025\/03\/1741815769_916_ebc.png?w=696&#038;ssl=1\" style=\"width:1px;height:1px\" \/><img data-recalc-dims=\"1\" decoding=\"async\" src=\"https:\/\/i0.wp.com\/guialimeira.com.br\/wp-content\/uploads\/2025\/03\/1741815769_302_ebc.gif?w=696&#038;ssl=1\" style=\"width:1px;height:1px\" \/><\/p>\n\n<blockquote>\n<p>\u201cA autoriza\u00e7\u00e3o representa um passo fundamental para que a companhia obtenha a licen\u00e7a ambiental necess\u00e1ria para avan\u00e7ar com a atividade explorat\u00f3ria de forma respons\u00e1vel e sustent\u00e1vel\u201d, afirmou, em nota, o presidente do Congresso Nacional.<\/p>\n<\/blockquote>\n\n<h2>Ibama<\/h2>\n\n<p>O Ibama informou \u00e0 <strong>Ag\u00eancia Brasil<\/strong> que a autoriza\u00e7\u00e3o para limpeza da sonda da Petrobras <strong>\u00e9 uma etapa de rotina no setor de petr\u00f3leo quando h\u00e1 previs\u00e3o de deslocamento de plataformas<\/strong>.<\/p>\n\n<blockquote>\n<p>\u201cEsclarecemos que essa etapa n\u00e3o representa qualquer delibera\u00e7\u00e3o conclusiva quanto \u00e0 concess\u00e3o ou n\u00e3o da licen\u00e7a ambiental para a realiza\u00e7\u00e3o da atividade de perfura\u00e7\u00e3o mar\u00edtima no bloco FZA-M-59\u201d, explicou o Ibama, se referindo ao bloco da Margem Equatorial da bacia da Foz do Amazonas.\u00a0<\/p>\n<\/blockquote>\n\n<p>Senador pelo Amap\u00e1, Alcolumbre \u00e9 um dos principais defensores da explora\u00e7\u00e3o de petr\u00f3leo na Margem Equatorial em regi\u00e3o de alto-mar pr\u00f3ximo a seu estado, <strong>o que pode render receitas para os cofres p\u00fablicos locais<\/strong>.<\/p>\n\n<p><strong>A autoriza\u00e7\u00e3o para a Petrobras pesquisar se h\u00e1, ou n\u00e3o, viabilidade econ\u00f4mica para atividade petroleira na regi\u00e3o continua em an\u00e1lise pelo Ibama.<\/strong><\/p>\n\n<p>Em maio de 2023, o instituto recusou um pedido da estatal para explorar a \u00e1rea alegando \u201cconjunto de inconsist\u00eancias t\u00e9cnicas\u201d para uma opera\u00e7\u00e3o, <a href=\"https:\/\/agenciabrasil.ebc.com.br\/economia\/noticia\/2023-05\/ibama-nega-licenca-para-petrobras-perfurar-pocos-na-foz-do-amazonas\" target=\"_blank\" rel=\"noopener\">citando supostas falhas no Plano de Prote\u00e7\u00e3o \u00e0 Fauna em casos de acidentes com vazamento de \u00f3leo<\/a>.\u00a0<\/p>\n\n<p><a href=\"https:\/\/agenciabrasil.ebc.com.br\/meio-ambiente\/noticia\/2025-02\/petrobras-diz-ter-atendido-exigencias-do-ibama-sobre-margem-equatorial\" target=\"_blank\" rel=\"noopener\">A Petrobras recorreu da decis\u00e3o<\/a>, alegando j\u00e1 ter atendido a todas as solicita\u00e7\u00f5es do \u00f3rg\u00e3o ambiental em mat\u00e9ria de seguran\u00e7a dessa explora\u00e7\u00e3o, incluindo a preocupa\u00e7\u00e3o com a prote\u00e7\u00e3o da fauna.<\/p>\n\n<h2>Explora\u00e7\u00e3o<\/h2>\n\n<p><strong>A explora\u00e7\u00e3o na regi\u00e3o da Margem Equatorial \u00e9 criticada por ambientalistas<\/strong> pela proximidade com a floresta Amaz\u00f4nica e com a Foz do Rio Amazonas, regi\u00e3o rica em biodiversidade, al\u00e9m das cr\u00edticas contra investimentos em combust\u00edveis f\u00f3sseis, respons\u00e1veis pelo aquecimento da terra e pelas mudan\u00e7as clim\u00e1ticas.\u00a0\u00a0<\/p>\n\n<p>Em fevereiro deste ano, o <a href=\"https:\/\/agenciabrasil.ebc.com.br\/politica\/noticia\/2025-02\/lula-ibama-precisa-autorizar-exploracao-de-petroleo-na-foz-do-amazonas\" target=\"_blank\" rel=\"noopener\">presidente Luiz In\u00e1cio Lula da Silva defendeu que o Ibama autorize a pesquisa na regi\u00e3o<\/a>.\u00a0<\/p>\n\n<p>\u201cN\u00f3s vamos cumprir todos os ritos necess\u00e1rios para que n\u00e3o cause nenhum estrago na natureza\u201d, garantiu, lembrando que o pedido da Petrobras \u00e9 para pesquisar se h\u00e1 petr\u00f3leo que justifique a explora\u00e7\u00e3o, o que pode n\u00e3o se confirmar.\u00a0\u00a0<\/p>\n\n<p><strong>Tanto o governo federal quanto a Petrobras t\u00eam defendido que \u00e9 poss\u00edvel fazer a explora\u00e7\u00e3o com responsabilidade ambiental<\/strong>, argumentando que os recursos do petr\u00f3leo podem financiar a transi\u00e7\u00e3o energ\u00e9tica. A estatal alerta ainda que, sem a explora\u00e7\u00e3o da Margem Equatorial, o <a href=\"https:\/\/agenciabrasil.ebc.com.br\/economia\/noticia\/2024-10\/sem-margem-equatorial-brasil-pode-ter-que-importar-petroleo-em-2034\" target=\"_blank\" rel=\"noopener\">Brasil pode ter que importar petr\u00f3leo a partir de 2034<\/a>.<\/p>\n\n      <!-- Relacionada -->\n              \n            <!-- Relacionada -->\n    <\/div>\r\n<br>\r\n<br><a href=\"https:\/\/agenciabrasil.ebc.com.br\/politica\/noticia\/2025-03\/alcolumbre-ve-avanco-para-exploracao-de-petroleo-na-foz-do-amazonas\" rel=\"noopener\">Ag\u00eancia Brasil<\/a>","protected":false},"excerpt":{"rendered":"<p>O presidente do Senado, Davi Alcolumbre (Uni\u00e3o\/AP), comemorou nesta ter\u00e7a-feira (11) a autoriza\u00e7\u00e3o do Instituto Brasileiro do Meio Ambiente e dos Recursos Naturais Renov\u00e1veis (Ibama) para que a Petrobras realize a limpeza de uma sonda que pode ser usada na explora\u00e7\u00e3o de petr\u00f3leo em bloco da Margem Equatorial, regi\u00e3o mar\u00edtima do estado do Amap\u00e1 a [&hellip;]<\/p>\n","protected":false},"author":1,"featured_media":23348,"comment_status":"open","ping_status":"open","sticky":false,"template":"","format":"standard","meta":{"_jetpack_newsletter_access":"","_jetpack_dont_email_post_to_subs":false,"_jetpack_newsletter_tier_id":0,"_jetpack_memberships_contains_paywalled_content":false,"_mbp_banners":[],"_jetpack_feature_clip_id":0,"_jetpack_memberships_contains_paid_content":false,"footnotes":"","jetpack_publicize_message":"","jetpack_publicize_feature_enabled":true,"jetpack_social_post_already_shared":true,"jetpack_social_options":{"image_generator_settings":{"template":"highway","default_image_id":0,"font":"","enabled":false},"version":2},"jetpack_post_was_ever_published":false},"categories":[19],"tags":[],"class_list":["post-26522","post","type-post","status-publish","format-standard","has-post-thumbnail","category-politica"],"jetpack_publicize_connections":[],"jetpack-related-posts":[],"jetpack_shortlink":"https:\/\/wp.me\/p7Eq1F-6TM","jetpack_sharing_enabled":true,"jetpack_featured_media_url":"https:\/\/i0.wp.com\/guialimeira.com.br\/news\/wp-content\/uploads\/2025\/02\/margem_equatorial_copy1.jpg?fit=1600%2C800&ssl=1","_links":{"self":[{"href":"https:\/\/guialimeira.com.br\/news\/wp-json\/wp\/v2\/posts\/26522","targetHints":{"allow":["GET"]}}],"collection":[{"href":"https:\/\/guialimeira.com.br\/news\/wp-json\/wp\/v2\/posts"}],"about":[{"href":"https:\/\/guialimeira.com.br\/news\/wp-json\/wp\/v2\/types\/post"}],"author":[{"embeddable":true,"href":"https:\/\/guialimeira.com.br\/news\/wp-json\/wp\/v2\/users\/1"}],"replies":[{"embeddable":true,"href":"https:\/\/guialimeira.com.br\/news\/wp-json\/wp\/v2\/comments?post=26522"}],"version-history":[{"count":1,"href":"https:\/\/guialimeira.com.br\/news\/wp-json\/wp\/v2\/posts\/26522\/revisions"}],"predecessor-version":[{"id":26523,"href":"https:\/\/guialimeira.com.br\/news\/wp-json\/wp\/v2\/posts\/26522\/revisions\/26523"}],"wp:featuredmedia":[{"embeddable":true,"href":"https:\/\/guialimeira.com.br\/news\/wp-json\/wp\/v2\/media\/23348"}],"wp:attachment":[{"href":"https:\/\/guialimeira.com.br\/news\/wp-json\/wp\/v2\/media?parent=26522"}],"wp:term":[{"taxonomy":"category","embeddable":true,"href":"https:\/\/guialimeira.com.br\/news\/wp-json\/wp\/v2\/categories?post=26522"},{"taxonomy":"post_tag","embeddable":true,"href":"https:\/\/guialimeira.com.br\/news\/wp-json\/wp\/v2\/tags?post=26522"}],"curies":[{"name":"wp","href":"https:\/\/api.w.org\/{rel}","templated":true}]}}